{"id":54822,"date":"2025-06-04T13:54:46","date_gmt":"2025-06-04T16:54:46","guid":{"rendered":"https:\/\/radiorevelacionfm.cl\/?p=54822"},"modified":"2025-06-04T13:54:46","modified_gmt":"2025-06-04T16:54:46","slug":"islas-huichas-se-suma-a-los-puntos-de-atencion-virtual-del-ips","status":"publish","type":"post","link":"https:\/\/radiorevelacionfm.cl\/?p=54822","title":{"rendered":"Islas Huichas se suma a los puntos de atenci\u00f3n virtual del IPS"},"content":{"rendered":"<div class=\"flex_column av_one_full  flex_column_div av-zero-column-padding first  avia-builder-el-0  el_before_av_one_full  avia-builder-el-first  \" style='border-radius:0px; '><div  class='avia-image-container  av-styling-    avia-builder-el-1  avia-builder-el-no-sibling  avia-align-center '  itemprop=\"image\" itemscope=\"itemscope\" itemtype=\"https:\/\/schema.org\/ImageObject\"  ><div class='avia-image-container-inner'><div class='avia-image-overlay-wrap'><img decoding=\"async\" class='wp-image-54823 avia-img-lazy-loading-not-54823 avia_image' src=\"https:\/\/radiorevelacionfm.cl\/wp-content\/uploads\/2025\/06\/INAUG_PAV_ISLAS-HUICHAS12-1-1.jpg\" alt='' title='INAUG_PAV_ISLAS HUICHAS12 (1) (1)' height=\"600\" width=\"800\"  itemprop=\"thumbnailUrl\" srcset=\"https:\/\/radiorevelacionfm.cl\/wp-content\/uploads\/2025\/06\/INAUG_PAV_ISLAS-HUICHAS12-1-1.jpg 800w, https:\/\/radiorevelacionfm.cl\/wp-content\/uploads\/2025\/06\/INAUG_PAV_ISLAS-HUICHAS12-1-1-300x225.jpg 300w, https:\/\/radiorevelacionfm.cl\/wp-content\/uploads\/2025\/06\/INAUG_PAV_ISLAS-HUICHAS12-1-1-768x576.jpg 768w, https:\/\/radiorevelacionfm.cl\/wp-content\/uploads\/2025\/06\/INAUG_PAV_ISLAS-HUICHAS12-1-1-705x529.jpg 705w, https:\/\/radiorevelacionfm.cl\/wp-content\/uploads\/2025\/06\/INAUG_PAV_ISLAS-HUICHAS12-1-1-450x338.jpg 450w, https:\/\/radiorevelacionfm.cl\/wp-content\/uploads\/2025\/06\/INAUG_PAV_ISLAS-HUICHAS12-1-1-600x450.jpg 600w\" sizes=\"(max-width: 800px) 100vw, 800px\" \/><\/div><\/div><\/div><\/div><div class=\"flex_column av_one_full  flex_column_div av-zero-column-padding first  avia-builder-el-2  el_after_av_one_full  el_before_av_one_full  column-top-margin\" style='border-radius:0px; '><section class=\"av_textblock_section \"  itemscope=\"itemscope\" itemtype=\"https:\/\/schema.org\/BlogPosting\" itemprop=\"blogPost\" ><div class='avia_textblock  '   itemprop=\"text\" ><p style=\"text-align: center;\"><span style=\"font-size: 18pt;\"><strong>Islas Huichas se suma a los puntos de atenci\u00f3n virtual del IPS <\/strong><\/span><\/p>\n<div id=\"gtx-trans\" style=\"position: absolute; left: -50px; top: 4.31534px;\">\n<div class=\"gtx-trans-icon\"><\/div>\n<\/div>\n<\/div><\/section><\/div><div class=\"flex_column av_one_full  flex_column_div av-zero-column-padding first  avia-builder-el-4  el_after_av_one_full  el_before_av_hr  column-top-margin\" style='border-radius:0px; '><section class=\"av_textblock_section \"  itemscope=\"itemscope\" itemtype=\"https:\/\/schema.org\/BlogPosting\" itemprop=\"blogPost\" ><div class='avia_textblock  '   itemprop=\"text\" ><p style=\"text-align: justify;\"><em>Ya son nueve los Puntos que el Instituto de Previsi\u00f3n Social, IPS, y su red ChileAtiende han implementado en la regi\u00f3n de Ays\u00e9n, acercando m\u00e1s de 20 tr\u00e1mites a las localidades m\u00e1s aisladas de nuestro territorio.<\/em><\/p>\n<p style=\"text-align: justify;\">En Puerto Aguirre fue inaugurado el nuevo Punto de Atenci\u00f3n Virtual Municipal (PAV) del Instituto de Previsi\u00f3n Social. El nuevo servicio se encuentra instalado en dependencias de la biblioteca de dicha localidad y ser\u00e1 atendido por el delegado municipal, Diego Fuentes, y la encargada de la biblioteca, Sof\u00eda Matissine.<\/p>\n<p style=\"text-align: justify;\">La ceremonia se llev\u00f3 a cabo con la presencia del IPS y de representantes de la municipalidad, as\u00ed como de autoridades locales correspondientes al Registro Civil, Carabineros de Chile, Capitan\u00eda de Puerto, de la Escuela Pedro Aguirre Cerda, as\u00ed como dirigentes vecinales y comunidad en general.<\/p>\n<p style=\"text-align: justify;\">En la oportunidad, el representante del Instituto de Previsi\u00f3n Social, Maximiliano \u00c1lvarez Gonz\u00e1lez destac\u00f3 la relevancia de la implementaci\u00f3n de este nuevo Punto Virtual considerando la distancia entre Islas Huichas y la sucursal IPS, as\u00ed como las dificultades de traslado. \u201cTener este punto evidentemente mejora la calidad de vida a los habitantes de Islas Huichas. Y en ese sentido tambi\u00e9n es la invitaci\u00f3n a la comunidad, a que pueda acercarse aqu\u00ed a la delegaci\u00f3n municipal junto a Diego y Sof\u00eda, dado que son ellos nuestros principales conectores o facilitadores con nuestros usuarios\u201d, expres\u00f3.<\/p>\n<p style=\"text-align: justify;\">La iniciativa es parte de un proyecto nacional del IPS, que tiene como objetivo acercar los servicios del Estado a las comunas y localidades m\u00e1s aisladas. Y en este sentido, el Punto Virtual cobra particular relevancia en la regi\u00f3n de Ays\u00e9n, dadas las caracter\u00edsticas geogr\u00e1ficas de nuestra zona.<\/p>\n<p style=\"text-align: justify;\">Es as\u00ed que para el seremi (S) del Trabajo y Previsi\u00f3n Social, Rodrigo D\u00edaz Cordaro, la inauguraci\u00f3n del Punto de Atenci\u00f3n Virtual en Islas Huichas marca un hito muy importante para el Instituto de Previsi\u00f3n Social y su red ChileAtiende, \u201cporque en convenio con el municipio de Ays\u00e9n vamos a poder atender all\u00e1 a la poblaci\u00f3n, a la ciudadan\u00eda que vive en Islas Huichas. Lo importante es que, desde all\u00e1, van a poder hacer m\u00e1s de 20 tr\u00e1mites: PGU, Bono Bodas de Oro, cargas familiares, etc\u2026 Y eso va a significar un ahorro importante para todos los vecinos de la isla, porque se van a evitar venir a Ays\u00e9n o venir a Coyhaique. Eso significa acercar el Estado\u201d, sentenci\u00f3.<\/p>\n<p style=\"text-align: justify;\">\u00a0Cabe se\u00f1alar que el Nuevo Punto de Atenci\u00f3n Virtual funcionar\u00e1 en la biblioteca comunal, al interior de la Delegaci\u00f3n Municipal, de lunes a viernes, en horario de 9:00 a 12:00 horas. De este modo, el Punto de Atenci\u00f3n Virtual Municipal Islas Huichas se suma a los otros ocho que ya est\u00e1n operativos en la regi\u00f3n: Guaitecas, Villa O&#8217;Higgins, Caleta Tortel, R\u00edo Tranquilo, Villa La Tapera, Puerto Cisnes, Puyuhuapi y La Junta.<\/p>\n<p style=\"text-align: justify;\">Por su parte, el jefe de plataforma de IPS Puerto Ays\u00e9n, Luis Valenzuela Quin\u00e1n, hizo hincapi\u00e9 en c\u00f3mo la activaci\u00f3n de este nuevo servicio, \u00a0viene a fortalecer la presencia del Instituto de Previsi\u00f3n Social y del Estado en la regi\u00f3n de Ays\u00e9n y, particularmente, en Islas Huichas \u201cde manera que sus localidades, Caleta Andrade, Puerto Aguirre y Estero Copa, y sus habitantes, puedan \u00a0hacer uso de esta opci\u00f3n del Punto de Atenci\u00f3n Virtual y fortalecer el v\u00ednculo de atenci\u00f3n, de trabajo entre nuestra sucursal y la delegaci\u00f3n municipal de Islas Huichas a trav\u00e9s de Diego y de Sof\u00eda que, como lo hemos dicho, con su entusiasmo y motivaci\u00f3n, <em>(esperamos) <\/em>puedan ser en voces que se repliquen dentro de la comunidad de Islas Huichas y que puedan optimizar el uso de este Punto de Atenci\u00f3n Virtual\u201d, indic\u00f3.<\/p>\n<p style=\"text-align: justify;\">Durante la inauguraci\u00f3n, se realiz\u00f3 el primer tr\u00e1mite desde el Punto de Atenci\u00f3n Virtual Municipal &#8211; Islas Huichas, y fue el vecino Joel Manr\u00edquez, quien tuvo la oportunidad de estrenar el servicio. Tras la atenci\u00f3n en directo a trav\u00e9s de videollamada con una ejecutiva de la sucursal virtual de IPS ChileAtiende, Manr\u00edquez destac\u00f3 la importancia de este proyecto. \u201cMe parece una buena iniciativa porque con esto, sobre todo los adultos mayores, van a abaratar costos; porque antes ten\u00edan que viajar a Puerto Ays\u00e9n o a Coyhaique para hacer muchos tr\u00e1mites tocantes a lo que es el IPS o el ChileAtiende, as\u00ed es que pueden acercarse a la oficina ahora. Ac\u00e1 van a haber personas que los van a apoyar (\u2026) Para todas las personas que quieran acercarse, les va a ir bien\u201d, expres\u00f3, invitando a la comunidad a utilizar este nuevo servicio.<\/p>\n<p style=\"text-align: justify;\">Asimismo, Diego Fuentes, delegado municipal, se manifest\u00f3 honrado de ser parte de esta iniciativa y convenio de colaboraci\u00f3n. \u201cMe parece una sensacional idea, poder facilitar los tiempos de traslado, agilizar los procesos y los tr\u00e1mites que tienen que hacer muchos de los vecinos de Islas Huichas, considerando los tiempos de traslado. Antes de esto, la sucursal IPS m\u00e1s cercana era la sucursal Puerto Ays\u00e9n\u2026 Y ahora vamos a tener m\u00e1s de 18 prestaciones disponibles para cada uno de los habitantes de la isla en sus tres localidades: Estero Copa, Caleta Andrade y Puerto Aguirre. As\u00ed es que contento. Esto viene a aportar y tambi\u00e9n a contribuir a la importante labor que desarrollamos como funcionarios p\u00fablicos de acercar la oferta social a los territorios m\u00e1s aislados de nuestra regi\u00f3n y nuestro pa\u00eds\u201d, concluy\u00f3.<\/p>\n<p style=\"text-align: justify;\">De este modo, el Punto Virtual de Islas Huichas se une a los ya existentes en Puerto R\u00edo Tranquilo, Guaitecas, Tortel, Villa O\u2019Higgins, Villa La Tapera, La Junta, Puyuhuapi y Puerto Cisnes, este \u00faltimo en modalidad de rebalse, vale decir, funciona cuando la sucursal de esta ciudad se encuentra cerrada.<\/p>\n<p style=\"text-align: justify;\"><strong><em>Los tr\u00e1mites y documentos disponibles a trav\u00e9s del Punto de Atenci\u00f3n Virtual Municipal:<\/em><\/strong><\/p>\n<p style=\"text-align: justify;\"><strong><em>\u00a0<\/em><\/strong><\/p>\n<ul style=\"text-align: justify;\">\n<li><strong><em>Bono Bodas de Oro.<\/em><\/strong><\/li>\n<li><strong><em>Bono por Hijo.<\/em><\/strong><\/li>\n<li><strong><em>Bonificaci\u00f3n de la cotizaci\u00f3n obligatoria de salud (7%).<\/em><\/strong><\/li>\n<li><strong><em>Liquidaci\u00f3n de pensi\u00f3n o beneficio.<\/em><\/strong><\/li>\n<li><strong><em>Certificado de Ley de renta de pensionados.<\/em><\/strong><\/li>\n<li><strong><em>Afiliaci\u00f3n a Fonasa.<\/em><\/strong><\/li>\n<li><strong><em>Modificaci\u00f3n de forma de pago para beneficiarios del IPS.<\/em><\/strong><\/li>\n<li><strong><em>Pensi\u00f3n Garantizada Universal (PGU).<\/em><\/strong><\/li>\n<li><strong><em>Autorizaci\u00f3n para cobrar beneficios de previsi\u00f3n social a trav\u00e9s de un apoderado.<\/em><\/strong><\/li>\n<li><strong><em>Inscripci\u00f3n de cuenta bancaria para saldo a favor del empleador.<\/em><\/strong><\/li>\n<li><strong><em>Extinci\u00f3n de cargas para Asignaci\u00f3n Familiar.<\/em><\/strong><\/li>\n<li><strong><em>Reconocimiento de cargas para Asignaci\u00f3n Familiar (trabajadores independientes).<\/em><\/strong><\/li>\n<li><strong><em>Reconocimiento de cargas para Asignaci\u00f3n Familiar (trabajadores dependientes).<\/em><\/strong><\/li>\n<li><strong><em>Incorporaci\u00f3n de una carga de salud a Fonasa.<\/em><\/strong><\/li>\n<li><strong><em>Certificaci\u00f3n de supervivencia IPS para chilenos en el exterior.<\/em><\/strong><\/li>\n<li><strong><em>Subsidio de Discapacidad para menores de 18 a\u00f1os.<\/em><\/strong><\/li>\n<li><strong><em>Cartola Hogar.<\/em><\/strong><\/li>\n<li><strong><em>Certificado de persona cuidadora.<\/em><\/strong><\/li>\n<\/ul>\n<p style=\"text-align: justify;\"><strong><em>\u00a0<\/em><\/strong><\/p>\n<p style=\"text-align: justify;\">Para m\u00e1s informaci\u00f3n y consultas, est\u00e1n disponibles los sitios <strong>www.chileatiende.cl<\/strong>, las redes sociales <strong>@ChileAtiende<\/strong> en Facebook, X (ex Twitter) e Instagram y el <strong>Call Center 101<\/strong>.<\/p>\n<\/div><\/section><\/div><div  style='height:50px' class='hr hr-invisible   avia-builder-el-6  el_after_av_one_full  el_before_av_social_share '><span class='hr-inner ' ><span class='hr-inner-style'><\/span><\/span><\/div><\/p>\n<div  class='av-social-sharing-box  avia-builder-el-7  el_after_av_hr  el_before_av_hr  '><div class='av-share-box'><h5 class='av-share-link-description av-no-toc '>Compartir esta noticia<\/h5><ul class='av-share-box-list noLightbox'><li class='av-share-link av-social-link-facebook' ><a target=\"_blank\" aria-label=\"Compartir en Facebook\" href='https:\/\/www.facebook.com\/sharer.php?u=https:\/\/radiorevelacionfm.cl\/?p=54822&#038;t=Islas%20Huichas%20se%20suma%20a%20los%20puntos%20de%20atenci%C3%B3n%20virtual%20del%20IPS' aria-hidden='false' data-av_icon='\ue8f3' data-av_iconfont='entypo-fontello' title='' data-avia-related-tooltip='Compartir en Facebook' rel=\"noopener\"><span class='avia_hidden_link_text'>Compartir en Facebook<\/span><\/a><\/li><li class='av-share-link av-social-link-twitter' ><a target=\"_blank\" aria-label=\"Compartir en Twitter\" href='https:\/\/twitter.com\/share?text=Islas%20Huichas%20se%20suma%20a%20los%20puntos%20de%20atenci%C3%B3n%20virtual%20del%20IPS&#038;url=https:\/\/radiorevelacionfm.cl\/?p=54822' aria-hidden='false' data-av_icon='\ue8f1' data-av_iconfont='entypo-fontello' title='' data-avia-related-tooltip='Compartir en Twitter' rel=\"noopener\"><span class='avia_hidden_link_text'>Compartir en Twitter<\/span><\/a><\/li><li class='av-share-link av-social-link-whatsapp' ><a target=\"_blank\" aria-label=\"Compartir en Whatsapp\" href='https:\/\/api.whatsapp.com\/send?text=https:\/\/radiorevelacionfm.cl\/?p=54822' aria-hidden='false' data-av_icon='\uf232' data-av_iconfont='entypo-fontello' title='' data-avia-related-tooltip='Compartir en Whatsapp' rel=\"noopener\"><span class='avia_hidden_link_text'>Compartir en Whatsapp<\/span><\/a><\/li><li class='av-share-link av-social-link-linkedin' ><a target=\"_blank\" aria-label=\"Compartir en LinkedIn\" href='https:\/\/linkedin.com\/shareArticle?mini=true&#038;title=Islas%20Huichas%20se%20suma%20a%20los%20puntos%20de%20atenci%C3%B3n%20virtual%20del%20IPS&#038;url=https:\/\/radiorevelacionfm.cl\/?p=54822' aria-hidden='false' data-av_icon='\ue8fc' data-av_iconfont='entypo-fontello' title='' data-avia-related-tooltip='Compartir en LinkedIn' rel=\"noopener\"><span class='avia_hidden_link_text'>Compartir en LinkedIn<\/span><\/a><\/li><li class='av-share-link av-social-link-mail' ><a  aria-label=\"Compartir por correo\" href='mailto:?subject=Islas%20Huichas%20se%20suma%20a%20los%20puntos%20de%20atenci%C3%B3n%20virtual%20del%20IPS&#038;body=https:\/\/radiorevelacionfm.cl\/?p=54822' aria-hidden='false' data-av_icon='\ue805' data-av_iconfont='entypo-fontello' title='' data-avia-related-tooltip='Compartir por correo'><span class='avia_hidden_link_text'>Compartir por correo<\/span><\/a><\/li><\/ul><\/div><\/div>\n<div  style='height:50px' class='hr hr-invisible   avia-builder-el-8  el_after_av_social_share  el_before_av_comments_list '><span class='hr-inner ' ><span class='hr-inner-style'><\/span><\/span><\/div>\n<div  class='av-buildercomment  av-blog-meta-html-info-disabled av-blog-meta-tag-disabled  '><\/div>\n","protected":false},"excerpt":{"rendered":"","protected":false},"author":1,"featured_media":54823,"comment_status":"closed","ping_status":"closed","sticky":false,"template":"","format":"standard","meta":{"footnotes":""},"categories":[38],"tags":[],"class_list":["post-54822","post","type-post","status-publish","format-standard","has-post-thumbnail","hentry","category-regional"],"jetpack_featured_media_url":"https:\/\/radiorevelacionfm.cl\/wp-content\/uploads\/2025\/06\/INAUG_PAV_ISLAS-HUICHAS12-1-1.jpg","_links":{"self":[{"href":"https:\/\/radiorevelacionfm.cl\/index.php?rest_route=\/wp\/v2\/posts\/54822","targetHints":{"allow":["GET"]}}],"collection":[{"href":"https:\/\/radiorevelacionfm.cl\/index.php?rest_route=\/wp\/v2\/posts"}],"about":[{"href":"https:\/\/radiorevelacionfm.cl\/index.php?rest_route=\/wp\/v2\/types\/post"}],"author":[{"embeddable":true,"href":"https:\/\/radiorevelacionfm.cl\/index.php?rest_route=\/wp\/v2\/users\/1"}],"replies":[{"embeddable":true,"href":"https:\/\/radiorevelacionfm.cl\/index.php?rest_route=%2Fwp%2Fv2%2Fcomments&post=54822"}],"version-history":[{"count":2,"href":"https:\/\/radiorevelacionfm.cl\/index.php?rest_route=\/wp\/v2\/posts\/54822\/revisions"}],"predecessor-version":[{"id":54833,"href":"https:\/\/radiorevelacionfm.cl\/index.php?rest_route=\/wp\/v2\/posts\/54822\/revisions\/54833"}],"wp:featuredmedia":[{"embeddable":true,"href":"https:\/\/radiorevelacionfm.cl\/index.php?rest_route=\/wp\/v2\/media\/54823"}],"wp:attachment":[{"href":"https:\/\/radiorevelacionfm.cl\/index.php?rest_route=%2Fwp%2Fv2%2Fmedia&parent=54822"}],"wp:term":[{"taxonomy":"category","embeddable":true,"href":"https:\/\/radiorevelacionfm.cl\/index.php?rest_route=%2Fwp%2Fv2%2Fcategories&post=54822"},{"taxonomy":"post_tag","embeddable":true,"href":"https:\/\/radiorevelacionfm.cl\/index.php?rest_route=%2Fwp%2Fv2%2Ftags&post=54822"}],"curies":[{"name":"wp","href":"https:\/\/api.w.org\/{rel}","templated":true}]}}