{"id":5482,"date":"2021-06-21T13:09:32","date_gmt":"2021-06-21T16:09:32","guid":{"rendered":"https:\/\/radiorevelacionfm.cl\/?p=5482"},"modified":"2021-06-21T13:09:32","modified_gmt":"2021-06-21T16:09:32","slug":"vecinos-del-sector-puerto-rosita-en-islas-huichas-celebran-autorizacion-para-instalar-muelle-flotante","status":"publish","type":"post","link":"https:\/\/radiorevelacionfm.cl\/?p=5482","title":{"rendered":"Vecinos del sector Puerto Rosita en Islas Huichas celebran autorizaci\u00f3n para instalar muelle flotante"},"content":{"rendered":"<div class=\"flex_column av_one_full  flex_column_div av-zero-column-padding first  avia-builder-el-0  el_before_av_one_full  avia-builder-el-first  \" style='border-radius:0px; '><div  class='avia-image-container  av-styling-    avia-builder-el-1  avia-builder-el-no-sibling  avia-align-center '  itemprop=\"image\" itemscope=\"itemscope\" itemtype=\"https:\/\/schema.org\/ImageObject\"  ><div class='avia-image-container-inner'><div class='avia-image-overlay-wrap'><img decoding=\"async\" class='wp-image-5484 avia-img-lazy-loading-not-5484 avia_image' src=\"https:\/\/radiorevelacionfm.cl\/wp-content\/uploads\/2021\/06\/MUELLE-FLOTANTE-ARCHIVO-2-2-1-1.jpg\" alt='' title='MUELLE FLOTANTE ARCHIVO 2 (2) (1) (1)' height=\"590\" width=\"947\"  itemprop=\"thumbnailUrl\" srcset=\"https:\/\/radiorevelacionfm.cl\/wp-content\/uploads\/2021\/06\/MUELLE-FLOTANTE-ARCHIVO-2-2-1-1.jpg 947w, https:\/\/radiorevelacionfm.cl\/wp-content\/uploads\/2021\/06\/MUELLE-FLOTANTE-ARCHIVO-2-2-1-1-300x187.jpg 300w, https:\/\/radiorevelacionfm.cl\/wp-content\/uploads\/2021\/06\/MUELLE-FLOTANTE-ARCHIVO-2-2-1-1-768x478.jpg 768w, https:\/\/radiorevelacionfm.cl\/wp-content\/uploads\/2021\/06\/MUELLE-FLOTANTE-ARCHIVO-2-2-1-1-705x439.jpg 705w, https:\/\/radiorevelacionfm.cl\/wp-content\/uploads\/2021\/06\/MUELLE-FLOTANTE-ARCHIVO-2-2-1-1-600x374.jpg 600w\" sizes=\"(max-width: 947px) 100vw, 947px\" \/><\/div><\/div><\/div><\/div><div class=\"flex_column av_one_full  flex_column_div av-zero-column-padding first  avia-builder-el-2  el_after_av_one_full  el_before_av_one_full  column-top-margin\" style='border-radius:0px; '><section class=\"av_textblock_section \"  itemscope=\"itemscope\" itemtype=\"https:\/\/schema.org\/BlogPosting\" itemprop=\"blogPost\" ><div class='avia_textblock  '   itemprop=\"text\" ><p style=\"text-align: center;\"><strong><span style=\"font-size: 18pt;\">Vecinos del sector Puerto Rosita en Islas Huichas celebran autorizaci\u00f3n para instalar muelle flotante<\/span><\/strong><\/p>\n<div id=\"gtx-trans\" style=\"position: absolute; left: -50px; top: 4.31534px;\">\n<div class=\"gtx-trans-icon\"><\/div>\n<\/div>\n<\/div><\/section><\/div><div class=\"flex_column av_one_full  flex_column_div av-zero-column-padding first  avia-builder-el-4  el_after_av_one_full  el_before_av_hr  column-top-margin\" style='border-radius:0px; '><section class=\"av_textblock_section \"  itemscope=\"itemscope\" itemtype=\"https:\/\/schema.org\/BlogPosting\" itemprop=\"blogPost\" ><div class='avia_textblock  '   itemprop=\"text\" ><p style=\"font-weight: 400; text-align: justify;\">Con bastante alegr\u00eda reaccionaron los vecinos del sector Puerto Rosita en Islas Huichas, luego que la Subsecretar\u00eda de Pesca confirmara la autorizaci\u00f3n para instalar un muelle flotante en el sector, gestiones que fueron realizadas por el diputado Miguel \u00c1ngel Calisto y el Consejero Regional Sergio Gonz\u00e1lez.<\/p>\n<p style=\"font-weight: 400; text-align: justify;\">En este lugar, los vecinos del sector deben realizar una peligrosa maniobra al llegar en el barco desde Puerto Ays\u00e9n, ya que deben desembarcarse a una lancha que est\u00e1 con el motor andando, quedando a merced de las condiciones clim\u00e1ticas.<\/p>\n<p style=\"font-weight: 400; text-align: justify;\">As\u00ed lo se\u00f1al\u00f3 Jaqueline Soto, rediente de Puerto Rosita, quien asegur\u00f3 que \u201ceste ha sido un problema desde siempre. Este sector es muy poblado por adultos mayores, ni\u00f1os y j\u00f3venes madres. Para llegar a Puerto Rosita hab\u00eda que desembarcarse hacia una panga con el motor andando, esto en \u00e9poca de invierno, que tenemos temporal todos los d\u00edas, es s\u00faper arriesgado\u201d.<\/p>\n<p style=\"font-weight: 400; text-align: justify;\">\u201cYo misma fui testigo de una situaci\u00f3n muy peligrosa que sucedi\u00f3 con una mam\u00e1 que iba con su beb\u00e9 y la lancha se separ\u00f3 del barco. Ah\u00ed dijimos que esto era indignante, porque nosotros somos personas, somos gente, ciudadanos con los mismos derechos que el resto para estar viviendo este tipo de situaciones. Ah\u00ed comenzamos la pelea por un muelle flotante\u201d, afirm\u00f3.<\/p>\n<p style=\"font-weight: 400; text-align: justify;\">La vecina agreg\u00f3 que \u201ccuando recibimos la buena noticia, me qued\u00e9 sin palabras, fue una espera s\u00faper larga. Gracias a las gestiones del diputado Calisto, el Consejero Gonz\u00e1lez y la concejala Rosa Gonz\u00e1lez a esto se le dio luz verde. Les agradecemos por todo lo que han hecho. Por fin la gente podr\u00e1 tener un lugar digno para embarcar y desembarcar en el sector, as\u00ed que estamos contentos\u201d.<\/p>\n<p style=\"font-weight: 400; text-align: justify;\">Por su parte, el diputado Miguel \u00c1ngel Calisto indic\u00f3 que \u201chace bastante tiempo comenzamos con las gestiones con la Subsecretar\u00eda de pesca para que autorizaran el denominado permiso de escasa importancia, lo que permite hacer uso de un bien nacional de uso p\u00fablico, en este caso el mar. Con este permiso, ya es posible instalar un muelle que es algo muy necesario en este sector y que permitir\u00e1 brindar m\u00e1s seguridad y mejorar la calidad de vida de los vecinos\u201d.<\/p>\n<p style=\"font-weight: 400; text-align: justify;\">Finalmente, el Consejero Regional Sergio Gonz\u00e1lez indic\u00f3 que \u201ccon este permiso ya pasamos a la siguiente etapa, que es coordinar una donaci\u00f3n que tenemos comprometida de todo lo que es el material para la instalaci\u00f3n del muelle flotante, esperamos seguir avanzando y terminar este trabajo, porque obviamente esto es un gran avance para las personas que viven en el lugar, que por a\u00f1os estaba esperando la construcci\u00f3n de este muelle\u201d.<\/p>\n<\/div><\/section><\/div><div  style='height:50px' class='hr hr-invisible   avia-builder-el-6  el_after_av_one_full  el_before_av_social_share '><span class='hr-inner ' ><span class='hr-inner-style'><\/span><\/span><\/div><\/p>\n<div  class='av-social-sharing-box  avia-builder-el-7  el_after_av_hr  el_before_av_hr  '><div class='av-share-box'><h5 class='av-share-link-description av-no-toc '>Compartir esta noticia<\/h5><ul class='av-share-box-list noLightbox'><li class='av-share-link av-social-link-facebook' ><a target=\"_blank\" aria-label=\"Compartir en Facebook\" href='https:\/\/www.facebook.com\/sharer.php?u=https:\/\/radiorevelacionfm.cl\/?p=5482&#038;t=Vecinos%20del%20sector%20Puerto%20Rosita%20en%20Islas%20Huichas%20celebran%20autorizaci%C3%B3n%20para%20instalar%20muelle%20flotante' aria-hidden='false' data-av_icon='\ue8f3' data-av_iconfont='entypo-fontello' title='' data-avia-related-tooltip='Compartir en Facebook' rel=\"noopener\"><span class='avia_hidden_link_text'>Compartir en Facebook<\/span><\/a><\/li><li class='av-share-link av-social-link-twitter' ><a target=\"_blank\" aria-label=\"Compartir en Twitter\" href='https:\/\/twitter.com\/share?text=Vecinos%20del%20sector%20Puerto%20Rosita%20en%20Islas%20Huichas%20celebran%20autorizaci%C3%B3n%20para%20instalar%20muelle%20flotante&#038;url=https:\/\/radiorevelacionfm.cl\/?p=5482' aria-hidden='false' data-av_icon='\ue8f1' data-av_iconfont='entypo-fontello' title='' data-avia-related-tooltip='Compartir en Twitter' rel=\"noopener\"><span class='avia_hidden_link_text'>Compartir en Twitter<\/span><\/a><\/li><li class='av-share-link av-social-link-whatsapp' ><a target=\"_blank\" aria-label=\"Compartir en Whatsapp\" href='https:\/\/api.whatsapp.com\/send?text=https:\/\/radiorevelacionfm.cl\/?p=5482' aria-hidden='false' data-av_icon='\uf232' data-av_iconfont='entypo-fontello' title='' data-avia-related-tooltip='Compartir en Whatsapp' rel=\"noopener\"><span class='avia_hidden_link_text'>Compartir en Whatsapp<\/span><\/a><\/li><li class='av-share-link av-social-link-linkedin' ><a target=\"_blank\" aria-label=\"Compartir en LinkedIn\" href='https:\/\/linkedin.com\/shareArticle?mini=true&#038;title=Vecinos%20del%20sector%20Puerto%20Rosita%20en%20Islas%20Huichas%20celebran%20autorizaci%C3%B3n%20para%20instalar%20muelle%20flotante&#038;url=https:\/\/radiorevelacionfm.cl\/?p=5482' aria-hidden='false' data-av_icon='\ue8fc' data-av_iconfont='entypo-fontello' title='' data-avia-related-tooltip='Compartir en LinkedIn' rel=\"noopener\"><span class='avia_hidden_link_text'>Compartir en LinkedIn<\/span><\/a><\/li><li class='av-share-link av-social-link-mail' ><a  aria-label=\"Compartir por correo\" href='mailto:?subject=Vecinos%20del%20sector%20Puerto%20Rosita%20en%20Islas%20Huichas%20celebran%20autorizaci%C3%B3n%20para%20instalar%20muelle%20flotante&#038;body=https:\/\/radiorevelacionfm.cl\/?p=5482' aria-hidden='false' data-av_icon='\ue805' data-av_iconfont='entypo-fontello' title='' data-avia-related-tooltip='Compartir por correo'><span class='avia_hidden_link_text'>Compartir por correo<\/span><\/a><\/li><\/ul><\/div><\/div>\n<div  style='height:50px' class='hr hr-invisible   avia-builder-el-8  el_after_av_social_share  el_before_av_comments_list '><span class='hr-inner ' ><span class='hr-inner-style'><\/span><\/span><\/div>\n<div  class='av-buildercomment  av-blog-meta-html-info-disabled av-blog-meta-tag-disabled  '><\/div>\n","protected":false},"excerpt":{"rendered":"","protected":false},"author":1,"featured_media":5484,"comment_status":"open","ping_status":"open","sticky":false,"template":"","format":"standard","meta":{"footnotes":""},"categories":[35],"tags":[],"class_list":["post-5482","post","type-post","status-publish","format-standard","has-post-thumbnail","hentry","category-politica"],"jetpack_featured_media_url":"https:\/\/radiorevelacionfm.cl\/wp-content\/uploads\/2021\/06\/MUELLE-FLOTANTE-ARCHIVO-2-2-1-1.jpg","_links":{"self":[{"href":"https:\/\/radiorevelacionfm.cl\/index.php?rest_route=\/wp\/v2\/posts\/5482","targetHints":{"allow":["GET"]}}],"collection":[{"href":"https:\/\/radiorevelacionfm.cl\/index.php?rest_route=\/wp\/v2\/posts"}],"about":[{"href":"https:\/\/radiorevelacionfm.cl\/index.php?rest_route=\/wp\/v2\/types\/post"}],"author":[{"embeddable":true,"href":"https:\/\/radiorevelacionfm.cl\/index.php?rest_route=\/wp\/v2\/users\/1"}],"replies":[{"embeddable":true,"href":"https:\/\/radiorevelacionfm.cl\/index.php?rest_route=%2Fwp%2Fv2%2Fcomments&post=5482"}],"version-history":[{"count":1,"href":"https:\/\/radiorevelacionfm.cl\/index.php?rest_route=\/wp\/v2\/posts\/5482\/revisions"}],"predecessor-version":[{"id":5485,"href":"https:\/\/radiorevelacionfm.cl\/index.php?rest_route=\/wp\/v2\/posts\/5482\/revisions\/5485"}],"wp:featuredmedia":[{"embeddable":true,"href":"https:\/\/radiorevelacionfm.cl\/index.php?rest_route=\/wp\/v2\/media\/5484"}],"wp:attachment":[{"href":"https:\/\/radiorevelacionfm.cl\/index.php?rest_route=%2Fwp%2Fv2%2Fmedia&parent=5482"}],"wp:term":[{"taxonomy":"category","embeddable":true,"href":"https:\/\/radiorevelacionfm.cl\/index.php?rest_route=%2Fwp%2Fv2%2Fcategories&post=5482"},{"taxonomy":"post_tag","embeddable":true,"href":"https:\/\/radiorevelacionfm.cl\/index.php?rest_route=%2Fwp%2Fv2%2Ftags&post=5482"}],"curies":[{"name":"wp","href":"https:\/\/api.w.org\/{rel}","templated":true}]}}