{"id":54818,"date":"2025-06-04T11:01:30","date_gmt":"2025-06-04T14:01:30","guid":{"rendered":"https:\/\/radiorevelacionfm.cl\/?p=54818"},"modified":"2025-06-04T11:01:30","modified_gmt":"2025-06-04T14:01:30","slug":"con-gran-emocion-pobladora-de-villa-ohiggins-recibio-las-llaves-de-su-casa-propia","status":"publish","type":"post","link":"https:\/\/radiorevelacionfm.cl\/?p=54818","title":{"rendered":"Con gran emoci\u00f3n pobladora de Villa O\u2019Higgins recibi\u00f3 las llaves de su casa propia"},"content":{"rendered":"<div class=\"flex_column av_one_full  flex_column_div av-zero-column-padding first  avia-builder-el-0  el_before_av_one_full  avia-builder-el-first  \" style='border-radius:0px; '><div  class='avia-image-container  av-styling-    avia-builder-el-1  avia-builder-el-no-sibling  avia-align-center '  itemprop=\"image\" itemscope=\"itemscope\" itemtype=\"https:\/\/schema.org\/ImageObject\"  ><div class='avia-image-container-inner'><div class='avia-image-overlay-wrap'><img decoding=\"async\" class='wp-image-54819 avia-img-lazy-loading-not-54819 avia_image' src=\"https:\/\/radiorevelacionfm.cl\/wp-content\/uploads\/2025\/06\/foto-entrega-vivienda-a-pobladora-de-Villa-OHiggins-1-1.jpeg\" alt='' title='foto entrega vivienda a pobladora de Villa OHiggins (1) (1)' height=\"600\" width=\"901\"  itemprop=\"thumbnailUrl\" srcset=\"https:\/\/radiorevelacionfm.cl\/wp-content\/uploads\/2025\/06\/foto-entrega-vivienda-a-pobladora-de-Villa-OHiggins-1-1.jpeg 901w, https:\/\/radiorevelacionfm.cl\/wp-content\/uploads\/2025\/06\/foto-entrega-vivienda-a-pobladora-de-Villa-OHiggins-1-1-300x200.jpeg 300w, https:\/\/radiorevelacionfm.cl\/wp-content\/uploads\/2025\/06\/foto-entrega-vivienda-a-pobladora-de-Villa-OHiggins-1-1-768x511.jpeg 768w, https:\/\/radiorevelacionfm.cl\/wp-content\/uploads\/2025\/06\/foto-entrega-vivienda-a-pobladora-de-Villa-OHiggins-1-1-705x469.jpeg 705w, https:\/\/radiorevelacionfm.cl\/wp-content\/uploads\/2025\/06\/foto-entrega-vivienda-a-pobladora-de-Villa-OHiggins-1-1-450x300.jpeg 450w, https:\/\/radiorevelacionfm.cl\/wp-content\/uploads\/2025\/06\/foto-entrega-vivienda-a-pobladora-de-Villa-OHiggins-1-1-600x400.jpeg 600w\" sizes=\"(max-width: 901px) 100vw, 901px\" \/><\/div><\/div><\/div><\/div><div class=\"flex_column av_one_full  flex_column_div av-zero-column-padding first  avia-builder-el-2  el_after_av_one_full  el_before_av_one_full  column-top-margin\" style='border-radius:0px; '><section class=\"av_textblock_section \"  itemscope=\"itemscope\" itemtype=\"https:\/\/schema.org\/BlogPosting\" itemprop=\"blogPost\" ><div class='avia_textblock  '   itemprop=\"text\" ><p style=\"text-align: center;\"><span style=\"font-size: 18pt;\"><strong>Con gran emoci\u00f3n pobladora de Villa O\u2019Higgins recibi\u00f3 las llaves de su casa propia<\/strong><\/span><\/p>\n<div id=\"gtx-trans\" style=\"position: absolute; left: -50px; top: 4.31534px;\">\n<div class=\"gtx-trans-icon\"><\/div>\n<\/div>\n<\/div><\/section><\/div><div class=\"flex_column av_one_full  flex_column_div av-zero-column-padding first  avia-builder-el-4  el_after_av_one_full  el_before_av_hr  column-top-margin\" style='border-radius:0px; '><section class=\"av_textblock_section \"  itemscope=\"itemscope\" itemtype=\"https:\/\/schema.org\/BlogPosting\" itemprop=\"blogPost\" ><div class='avia_textblock  '   itemprop=\"text\" ><p style=\"text-align: justify;\">Orgullosa y feliz de empezar una nueva etapa en su vida se mostr\u00f3 hace algunos d\u00edas la se\u00f1ora Mirta Ganga Casanova, quien, acompa\u00f1ada por familiares y representantes del Ministerio de Vivienda, el municipio y la empresa contratista, recibi\u00f3 las llaves que le permitieron abrir las puertas de su anhelada casa propia, esto en la localidad de Villa O\u2019Higgins, en el extremo sur de la regi\u00f3n.<\/p>\n<p style=\"text-align: justify;\">Para cumplir con este importante cometido se traslad\u00f3 hasta la austral localidad un equipo de Serviu encabezado por su delegada provincial, Tatiana Aguilera, quien expres\u00f3 su satisfacci\u00f3n de entregar una nueva soluci\u00f3n habitacional como parte del trabajo que ha venido desarrollando el Gobierno en toda la regi\u00f3n. \u201cLa importancia que tiene esta entrega es que estamos llegando a los territorios m\u00e1s apartados de la regi\u00f3n de Ays\u00e9n y con soluciones de muy buena calidad. Aqu\u00ed la asociatividad p\u00fablico-privada marca una nota muy alta en relaci\u00f3n a la calidad del dise\u00f1o y de la vivienda, ya que, considerando los recursos disponibles o los que dispone el Ministerio para estas zonas, este es un buen ejemplo de c\u00f3mo construir una vivienda muy bonita que adem\u00e1s cumple con calidad de espacios y materialidad para dar una soluci\u00f3n digna, que adem\u00e1s impacta visualmente. As\u00ed que estamos s\u00faper contentos con la gesti\u00f3n que se desarroll\u00f3 a trav\u00e9s de la entidad patrocinante municipal, con la ejecuci\u00f3n que hizo el contratista local y con la supervisi\u00f3n de nuestro fiscalizador de la oficina de Cochrane\u201d, indic\u00f3.<\/p>\n<p style=\"text-align: justify;\">La nueva vivienda fue construida con el ahorro de la beneficiaria y los aportes que entrega el Programa de Habitabilidad Rural del Ministerio de Vivienda y Urbanismo, en su modalidad de construcci\u00f3n en sitio propio, sumando una inversi\u00f3n total que super\u00f3 los 65 millones de pesos.<\/p>\n<p style=\"text-align: justify;\">La nueva propietaria, Mirta Ganga, expres\u00f3 su alegr\u00eda de vivir este importante momento en su vida, agradeciendo a todos los que hicieron posible que su sue\u00f1o de la casa propia se hiciera realidad. \u201cEs una vivienda muy linda, estoy muy agradecida de la gente, de las autoridades que vinieron, del contratista, y de toda la gente que me acompa\u00f1\u00f3 en este d\u00eda, porque es un d\u00eda muy especial, es mi casita nueva. Yo creo que todo estuvo bien r\u00e1pido, porque igual uno tiene que entender que a veces, por el tema de los materiales, el proceso es un poco complicado. Entonces, son cosas que uno tiene que entender que las cosas no se dan de un d\u00eda para otro, entonces es importante pensar en todo lo que se le hizo. As\u00ed que muy agradecida de mi contratista y a toda la gente que me acompa\u00f1\u00f3 en este d\u00eda\u201d, afirm\u00f3.<\/p>\n<p style=\"text-align: justify;\">Tambi\u00e9n el Alcalde de la comuna de O\u2019Higgins, Jos\u00e9 Fica, destac\u00f3 el trabajo realizado para llegar con soluciones concretas a las familias de diferentes puntos de la comuna, tanto de sectores urbanos como rurales, donde la Municipalidad est\u00e1 haciendo una gran labor junto al Ministerio de Vivienda.\u00a0 \u201cEste subsidio parti\u00f3 el a\u00f1o pasado, en agosto, y se entrega ahora este a\u00f1o en mayo, lo que significa que tuvimos menos de un a\u00f1o en el proceso de la construcci\u00f3n y entrega. Y esto es un trabajo constante que tiene el municipio con la oficina de vivienda de nuestra localidad y en coordinaci\u00f3n con el Serviu de Cochrane y Coyhaique. As\u00ed que es un gran logro para nuestra vecina, como as\u00ed otros proyectos que estamos trabajando en diferentes sectores, como el sector del Mayer, donde hay dos viviendas y aqu\u00ed en Villa O&#8217;Higgins, donde estamos proyectando 40 viviendas m\u00e1s.\u201d, precis\u00f3.<\/p>\n<p style=\"text-align: justify;\">La soluci\u00f3n entregada a la pobladora Mirta Ganga consisti\u00f3 en una vivienda con recinto complementario, alcanzando un total de 98,8 metros cuadrados, obra que fue ejecutada en los plazos requeridos por la empresa constructora de Jaime Ulloa Mendoza. Se trata de una obra que forma parte del Plan de Emergencia Habitacional del Gobierno, donde la regi\u00f3n alcanza ya cerca de un 98% de avance en el cumplimiento de su meta, generando adem\u00e1s positivos efectos en la actividad econ\u00f3mica y los empleos que se han ido generando dentro de la localidad.<\/p>\n<\/div><\/section><\/div><div  style='height:50px' class='hr hr-invisible   avia-builder-el-6  el_after_av_one_full  el_before_av_social_share '><span class='hr-inner ' ><span class='hr-inner-style'><\/span><\/span><\/div><\/p>\n<div  class='av-social-sharing-box  avia-builder-el-7  el_after_av_hr  el_before_av_hr  '><div class='av-share-box'><h5 class='av-share-link-description av-no-toc '>Compartir esta noticia<\/h5><ul class='av-share-box-list noLightbox'><li class='av-share-link av-social-link-facebook' ><a target=\"_blank\" aria-label=\"Compartir en Facebook\" href='https:\/\/www.facebook.com\/sharer.php?u=https:\/\/radiorevelacionfm.cl\/?p=54818&#038;t=Con%20gran%20emoci%C3%B3n%20pobladora%20de%20Villa%20O%E2%80%99Higgins%20recibi%C3%B3%20las%20llaves%20de%20su%20casa%20propia' aria-hidden='false' data-av_icon='\ue8f3' data-av_iconfont='entypo-fontello' title='' data-avia-related-tooltip='Compartir en Facebook' rel=\"noopener\"><span class='avia_hidden_link_text'>Compartir en Facebook<\/span><\/a><\/li><li class='av-share-link av-social-link-twitter' ><a target=\"_blank\" aria-label=\"Compartir en Twitter\" href='https:\/\/twitter.com\/share?text=Con%20gran%20emoci%C3%B3n%20pobladora%20de%20Villa%20O%E2%80%99Higgins%20recibi%C3%B3%20las%20llaves%20de%20su%20casa%20propia&#038;url=https:\/\/radiorevelacionfm.cl\/?p=54818' aria-hidden='false' data-av_icon='\ue8f1' data-av_iconfont='entypo-fontello' title='' data-avia-related-tooltip='Compartir en Twitter' rel=\"noopener\"><span class='avia_hidden_link_text'>Compartir en Twitter<\/span><\/a><\/li><li class='av-share-link av-social-link-whatsapp' ><a target=\"_blank\" aria-label=\"Compartir en Whatsapp\" href='https:\/\/api.whatsapp.com\/send?text=https:\/\/radiorevelacionfm.cl\/?p=54818' aria-hidden='false' data-av_icon='\uf232' data-av_iconfont='entypo-fontello' title='' data-avia-related-tooltip='Compartir en Whatsapp' rel=\"noopener\"><span class='avia_hidden_link_text'>Compartir en Whatsapp<\/span><\/a><\/li><li class='av-share-link av-social-link-linkedin' ><a target=\"_blank\" aria-label=\"Compartir en LinkedIn\" href='https:\/\/linkedin.com\/shareArticle?mini=true&#038;title=Con%20gran%20emoci%C3%B3n%20pobladora%20de%20Villa%20O%E2%80%99Higgins%20recibi%C3%B3%20las%20llaves%20de%20su%20casa%20propia&#038;url=https:\/\/radiorevelacionfm.cl\/?p=54818' aria-hidden='false' data-av_icon='\ue8fc' data-av_iconfont='entypo-fontello' title='' data-avia-related-tooltip='Compartir en LinkedIn' rel=\"noopener\"><span class='avia_hidden_link_text'>Compartir en LinkedIn<\/span><\/a><\/li><li class='av-share-link av-social-link-mail' ><a  aria-label=\"Compartir por correo\" href='mailto:?subject=Con%20gran%20emoci%C3%B3n%20pobladora%20de%20Villa%20O%E2%80%99Higgins%20recibi%C3%B3%20las%20llaves%20de%20su%20casa%20propia&#038;body=https:\/\/radiorevelacionfm.cl\/?p=54818' aria-hidden='false' data-av_icon='\ue805' data-av_iconfont='entypo-fontello' title='' data-avia-related-tooltip='Compartir por correo'><span class='avia_hidden_link_text'>Compartir por correo<\/span><\/a><\/li><\/ul><\/div><\/div>\n<div  style='height:50px' class='hr hr-invisible   avia-builder-el-8  el_after_av_social_share  el_before_av_comments_list '><span class='hr-inner ' ><span class='hr-inner-style'><\/span><\/span><\/div>\n<div  class='av-buildercomment  av-blog-meta-html-info-disabled av-blog-meta-tag-disabled  '><\/div>\n","protected":false},"excerpt":{"rendered":"","protected":false},"author":1,"featured_media":54819,"comment_status":"closed","ping_status":"closed","sticky":false,"template":"","format":"standard","meta":{"footnotes":""},"categories":[57],"tags":[],"class_list":["post-54818","post","type-post","status-publish","format-standard","has-post-thumbnail","hentry","category-vivienda"],"jetpack_featured_media_url":"https:\/\/radiorevelacionfm.cl\/wp-content\/uploads\/2025\/06\/foto-entrega-vivienda-a-pobladora-de-Villa-OHiggins-1-1.jpeg","_links":{"self":[{"href":"https:\/\/radiorevelacionfm.cl\/index.php?rest_route=\/wp\/v2\/posts\/54818","targetHints":{"allow":["GET"]}}],"collection":[{"href":"https:\/\/radiorevelacionfm.cl\/index.php?rest_route=\/wp\/v2\/posts"}],"about":[{"href":"https:\/\/radiorevelacionfm.cl\/index.php?rest_route=\/wp\/v2\/types\/post"}],"author":[{"embeddable":true,"href":"https:\/\/radiorevelacionfm.cl\/index.php?rest_route=\/wp\/v2\/users\/1"}],"replies":[{"embeddable":true,"href":"https:\/\/radiorevelacionfm.cl\/index.php?rest_route=%2Fwp%2Fv2%2Fcomments&post=54818"}],"version-history":[{"count":2,"href":"https:\/\/radiorevelacionfm.cl\/index.php?rest_route=\/wp\/v2\/posts\/54818\/revisions"}],"predecessor-version":[{"id":54821,"href":"https:\/\/radiorevelacionfm.cl\/index.php?rest_route=\/wp\/v2\/posts\/54818\/revisions\/54821"}],"wp:featuredmedia":[{"embeddable":true,"href":"https:\/\/radiorevelacionfm.cl\/index.php?rest_route=\/wp\/v2\/media\/54819"}],"wp:attachment":[{"href":"https:\/\/radiorevelacionfm.cl\/index.php?rest_route=%2Fwp%2Fv2%2Fmedia&parent=54818"}],"wp:term":[{"taxonomy":"category","embeddable":true,"href":"https:\/\/radiorevelacionfm.cl\/index.php?rest_route=%2Fwp%2Fv2%2Fcategories&post=54818"},{"taxonomy":"post_tag","embeddable":true,"href":"https:\/\/radiorevelacionfm.cl\/index.php?rest_route=%2Fwp%2Fv2%2Ftags&post=54818"}],"curies":[{"name":"wp","href":"https:\/\/api.w.org\/{rel}","templated":true}]}}