{"id":54810,"date":"2025-06-04T11:57:54","date_gmt":"2025-06-04T14:57:54","guid":{"rendered":"https:\/\/radiorevelacionfm.cl\/?p=54810"},"modified":"2025-06-04T11:57:54","modified_gmt":"2025-06-04T14:57:54","slug":"municipalidad-de-cochrane-y-cuerpo-de-bomberos-firman-convenio-para-fortalecer-las-comunicaciones-hf-en-sectores-rurales-de-cochrane","status":"publish","type":"post","link":"https:\/\/radiorevelacionfm.cl\/?p=54810","title":{"rendered":"Municipalidad de Cochrane y Cuerpo de Bomberos firman convenio para fortalecer las comunicaciones HF en sectores rurales de Cochrane"},"content":{"rendered":"<div class=\"flex_column av_one_full  flex_column_div av-zero-column-padding first  avia-builder-el-0  el_before_av_one_full  avia-builder-el-first  \" style='border-radius:0px; '><div  class='avia-image-container  av-styling-    avia-builder-el-1  avia-builder-el-no-sibling  avia-align-center '  itemprop=\"image\" itemscope=\"itemscope\" itemtype=\"https:\/\/schema.org\/ImageObject\"  ><div class='avia-image-container-inner'><div class='avia-image-overlay-wrap'><img decoding=\"async\" class='wp-image-54811 avia-img-lazy-loading-not-54811 avia_image' src=\"https:\/\/radiorevelacionfm.cl\/wp-content\/uploads\/2025\/06\/FIRMA-DE-CONVENIO-RADIOS-HF-3-1-1.jpg\" alt='' title='FIRMA DE CONVENIO RADIOS HF (3) (1) (1)' height=\"600\" width=\"900\"  itemprop=\"thumbnailUrl\" srcset=\"https:\/\/radiorevelacionfm.cl\/wp-content\/uploads\/2025\/06\/FIRMA-DE-CONVENIO-RADIOS-HF-3-1-1.jpg 900w, https:\/\/radiorevelacionfm.cl\/wp-content\/uploads\/2025\/06\/FIRMA-DE-CONVENIO-RADIOS-HF-3-1-1-300x200.jpg 300w, https:\/\/radiorevelacionfm.cl\/wp-content\/uploads\/2025\/06\/FIRMA-DE-CONVENIO-RADIOS-HF-3-1-1-768x512.jpg 768w, https:\/\/radiorevelacionfm.cl\/wp-content\/uploads\/2025\/06\/FIRMA-DE-CONVENIO-RADIOS-HF-3-1-1-705x470.jpg 705w, https:\/\/radiorevelacionfm.cl\/wp-content\/uploads\/2025\/06\/FIRMA-DE-CONVENIO-RADIOS-HF-3-1-1-450x300.jpg 450w, https:\/\/radiorevelacionfm.cl\/wp-content\/uploads\/2025\/06\/FIRMA-DE-CONVENIO-RADIOS-HF-3-1-1-600x400.jpg 600w\" sizes=\"(max-width: 900px) 100vw, 900px\" \/><\/div><\/div><\/div><\/div><div class=\"flex_column av_one_full  flex_column_div av-zero-column-padding first  avia-builder-el-2  el_after_av_one_full  el_before_av_one_full  column-top-margin\" style='border-radius:0px; '><section class=\"av_textblock_section \"  itemscope=\"itemscope\" itemtype=\"https:\/\/schema.org\/BlogPosting\" itemprop=\"blogPost\" ><div class='avia_textblock  '   itemprop=\"text\" ><p style=\"text-align: center;\"><strong><span style=\"font-size: 18pt;\">Municipalidad de Cochrane y Cuerpo de Bomberos firman convenio para fortalecer las comunicaciones HF en sectores rurales de Cochrane<\/span><\/strong><\/p>\n<div id=\"gtx-trans\" style=\"position: absolute; left: -50px; top: 4.31534px;\">\n<div class=\"gtx-trans-icon\"><\/div>\n<\/div>\n<\/div><\/section><\/div><div class=\"flex_column av_one_full  flex_column_div av-zero-column-padding first  avia-builder-el-4  el_after_av_one_full  el_before_av_hr  column-top-margin\" style='border-radius:0px; '><section class=\"av_textblock_section \"  itemscope=\"itemscope\" itemtype=\"https:\/\/schema.org\/BlogPosting\" itemprop=\"blogPost\" ><div class='avia_textblock  '   itemprop=\"text\" ><div class=\"v1elementToProof\" style=\"text-align: justify;\">Con el objetivo de mejorar la coordinaci\u00f3n y respuesta ante emergencias en el mundo rural, la Ilustre Municipalidad de Cochrane y el Cuerpo de Bomberos de la comuna firmaron un convenio de colaboraci\u00f3n que permitir\u00e1 la atenci\u00f3n de la radio HF durante fines de semana y d\u00edas festivos, en apoyo directo a las comunidades m\u00e1s apartadas de la comuna de Cochrane.<\/div>\n<div class=\"v1elementToProof\" style=\"text-align: justify;\">La ceremonia de firma se llev\u00f3 a cabo en el cuartel general del Cuerpo de Bomberos de Cochrane y cont\u00f3 con la presencia del alcalde Patricio Ulloa Georgia; el superintendente Marcel Camus; el comandante Claudio Mansilla; el encargado de la Oficina de Desarrollo Rural Municipal, Belisario Paredes; la operadora de la central de comunicaciones, Mariela Virginia Barrientos; y el secretario municipal Ismael Lemos, en su calidad de ministro de fe.<\/div>\n<div class=\"v1elementToProof\" style=\"text-align: justify;\">Durante la jornada se realiz\u00f3 una prueba de funcionamiento de la radio HF desde el mismo cuartel, en la cual el alcalde Patricio Ulloa y el superintendente Marcel Camus tomaron contacto directo con don Adalio Mu\u00f1oz, vecino del sector Colonia Sur, a quien se le inform\u00f3 v\u00eda radial sobre esta importante iniciativa.<\/div>\n<div class=\"v1elementToProof\" style=\"text-align: justify;\">El convenio, gestionado a trav\u00e9s de la Oficina de Desarrollo Rural, contempla la entrega en comodato de un equipo de comunicaci\u00f3n radial de alta frecuencia, instalado en el cuartel general de Bomberos, con el fin de garantizar una v\u00eda activa y eficiente de contacto durante jornadas donde las emergencias pueden requerir acci\u00f3n inmediata.<\/div>\n<div class=\"v1elementToProof\" style=\"text-align: justify;\">\u00abContarles que acabamos de firmar este importante convenio de colaboraci\u00f3n con el Cuerpo de Bomberos de Cochrane, que busca atender la radio HF durante los fines de semana y d\u00edas festivos, facilitando as\u00ed una mejor coordinaci\u00f3n en caso de emergencias en sectores rurales. Aprovecho tambi\u00e9n este medio para agradecer y destacar, como siempre, el rol fundamental que cumple Bomberos en la comunidad\u00bb, expres\u00f3 el\u00a0<b>alcalde Patricio Ulloa Georgia.<\/b><\/div>\n<div class=\"v1elementToProof\" style=\"text-align: justify;\">Por su parte, el\u00a0<b>superintendente del Cuerpo de Bomberos de Cochrane, Marcel Camus Henr\u00edquez,<\/b>\u00a0detall\u00f3 que \u00ablos d\u00edas s\u00e1bado y domingo estaremos atentos desde las 9:00 hasta las 19:00 horas, y los d\u00edas festivos de 9:00 a 12:00. Siempre habr\u00e1 un operador disponible para recibir cualquier reporte o requerimiento por parte de nuestros vecinos\u00bb.<\/div>\n<div class=\"v1elementToProof\" style=\"text-align: justify;\">Esta iniciativa viene en apoyo directo a sectores rurales que actualmente\u00a0<b>cuentan con 154 radios HF distribuidas en el territorio,\u00a0<\/b>incluyendo la Junta de Vecinos R\u00edo Cochrane, Tres Lagos, Entrada Baker, R\u00edo Neff, Lago Vargas, Colonia Norte y Sur, Cerro San Lorenzo, La Esperanza de Los \u00d1adis, Puente Los \u00d1adis, entre otros.<\/div>\n<div class=\"v1elementToProof\" style=\"text-align: justify;\">Asimismo, se suma a otras acciones municipales orientadas a fortalecer la gesti\u00f3n del riesgo y la protecci\u00f3n civil en la comuna, en un esfuerzo conjunto por asegurar una respuesta oportuna en sectores de dif\u00edcil acceso, donde la comunicaci\u00f3n es clave para salvar vidas y proteger a las familias del mundo rural.<\/div>\n<div class=\"v1elementToProof\" style=\"text-align: justify;\">\u00abEste trabajo se concreta gracias al compromiso del Superintendente del Cuerpo de Bomberos de Cochrane don Marcel Camus y tambi\u00e9n del comandante Claudio Mansilla, con quienes hemos querido poner a disposici\u00f3n este servicio para que, durante los fines de semana y festivos, las comunidades rurales tambi\u00e9n cuenten con un canal activo de comunicaci\u00f3n y durante la semana a trav\u00e9s de nuestra radio HF Municipal\u00bb,\u00a0<b>finaliz\u00f3 el alcalde Ulloa.<\/b><\/div>\n<div class=\"v1elementToProof\" style=\"text-align: justify;\">Este acuerdo reafirma el compromiso de la Municipalidad y del Cuerpo de Bomberos con la seguridad y bienestar de todos los cochraninos, especialmente de quienes viven en zonas m\u00e1s aisladas.<\/div>\n<\/div><\/section><\/div><div  style='height:50px' class='hr hr-invisible   avia-builder-el-6  el_after_av_one_full  el_before_av_social_share '><span class='hr-inner ' ><span class='hr-inner-style'><\/span><\/span><\/div><\/p>\n<div  class='av-social-sharing-box  avia-builder-el-7  el_after_av_hr  el_before_av_hr  '><div class='av-share-box'><h5 class='av-share-link-description av-no-toc '>Compartir esta noticia<\/h5><ul class='av-share-box-list noLightbox'><li class='av-share-link av-social-link-facebook' ><a target=\"_blank\" aria-label=\"Compartir en Facebook\" href='https:\/\/www.facebook.com\/sharer.php?u=https:\/\/radiorevelacionfm.cl\/?p=54810&#038;t=Municipalidad%20de%20Cochrane%20y%20Cuerpo%20de%20Bomberos%20firman%20convenio%20para%20fortalecer%20las%20comunicaciones%20HF%20en%20sectores%20rurales%20de%20Cochrane' aria-hidden='false' data-av_icon='\ue8f3' data-av_iconfont='entypo-fontello' title='' data-avia-related-tooltip='Compartir en Facebook' rel=\"noopener\"><span class='avia_hidden_link_text'>Compartir en Facebook<\/span><\/a><\/li><li class='av-share-link av-social-link-twitter' ><a target=\"_blank\" aria-label=\"Compartir en Twitter\" href='https:\/\/twitter.com\/share?text=Municipalidad%20de%20Cochrane%20y%20Cuerpo%20de%20Bomberos%20firman%20convenio%20para%20fortalecer%20las%20comunicaciones%20HF%20en%20sectores%20rurales%20de%20Cochrane&#038;url=https:\/\/radiorevelacionfm.cl\/?p=54810' aria-hidden='false' data-av_icon='\ue8f1' data-av_iconfont='entypo-fontello' title='' data-avia-related-tooltip='Compartir en Twitter' rel=\"noopener\"><span class='avia_hidden_link_text'>Compartir en Twitter<\/span><\/a><\/li><li class='av-share-link av-social-link-whatsapp' ><a target=\"_blank\" aria-label=\"Compartir en Whatsapp\" href='https:\/\/api.whatsapp.com\/send?text=https:\/\/radiorevelacionfm.cl\/?p=54810' aria-hidden='false' data-av_icon='\uf232' data-av_iconfont='entypo-fontello' title='' data-avia-related-tooltip='Compartir en Whatsapp' rel=\"noopener\"><span class='avia_hidden_link_text'>Compartir en Whatsapp<\/span><\/a><\/li><li class='av-share-link av-social-link-linkedin' ><a target=\"_blank\" aria-label=\"Compartir en LinkedIn\" href='https:\/\/linkedin.com\/shareArticle?mini=true&#038;title=Municipalidad%20de%20Cochrane%20y%20Cuerpo%20de%20Bomberos%20firman%20convenio%20para%20fortalecer%20las%20comunicaciones%20HF%20en%20sectores%20rurales%20de%20Cochrane&#038;url=https:\/\/radiorevelacionfm.cl\/?p=54810' aria-hidden='false' data-av_icon='\ue8fc' data-av_iconfont='entypo-fontello' title='' data-avia-related-tooltip='Compartir en LinkedIn' rel=\"noopener\"><span class='avia_hidden_link_text'>Compartir en LinkedIn<\/span><\/a><\/li><li class='av-share-link av-social-link-mail' ><a  aria-label=\"Compartir por correo\" href='mailto:?subject=Municipalidad%20de%20Cochrane%20y%20Cuerpo%20de%20Bomberos%20firman%20convenio%20para%20fortalecer%20las%20comunicaciones%20HF%20en%20sectores%20rurales%20de%20Cochrane&#038;body=https:\/\/radiorevelacionfm.cl\/?p=54810' aria-hidden='false' data-av_icon='\ue805' data-av_iconfont='entypo-fontello' title='' data-avia-related-tooltip='Compartir por correo'><span class='avia_hidden_link_text'>Compartir por correo<\/span><\/a><\/li><\/ul><\/div><\/div>\n<div  style='height:50px' class='hr hr-invisible   avia-builder-el-8  el_after_av_social_share  el_before_av_comments_list '><span class='hr-inner ' ><span class='hr-inner-style'><\/span><\/span><\/div>\n<div  class='av-buildercomment  av-blog-meta-html-info-disabled av-blog-meta-tag-disabled  '><\/div>\n","protected":false},"excerpt":{"rendered":"","protected":false},"author":1,"featured_media":54811,"comment_status":"closed","ping_status":"closed","sticky":false,"template":"","format":"standard","meta":{"footnotes":""},"categories":[38],"tags":[],"class_list":["post-54810","post","type-post","status-publish","format-standard","has-post-thumbnail","hentry","category-regional"],"jetpack_featured_media_url":"https:\/\/radiorevelacionfm.cl\/wp-content\/uploads\/2025\/06\/FIRMA-DE-CONVENIO-RADIOS-HF-3-1-1.jpg","_links":{"self":[{"href":"https:\/\/radiorevelacionfm.cl\/index.php?rest_route=\/wp\/v2\/posts\/54810","targetHints":{"allow":["GET"]}}],"collection":[{"href":"https:\/\/radiorevelacionfm.cl\/index.php?rest_route=\/wp\/v2\/posts"}],"about":[{"href":"https:\/\/radiorevelacionfm.cl\/index.php?rest_route=\/wp\/v2\/types\/post"}],"author":[{"embeddable":true,"href":"https:\/\/radiorevelacionfm.cl\/index.php?rest_route=\/wp\/v2\/users\/1"}],"replies":[{"embeddable":true,"href":"https:\/\/radiorevelacionfm.cl\/index.php?rest_route=%2Fwp%2Fv2%2Fcomments&post=54810"}],"version-history":[{"count":2,"href":"https:\/\/radiorevelacionfm.cl\/index.php?rest_route=\/wp\/v2\/posts\/54810\/revisions"}],"predecessor-version":[{"id":54831,"href":"https:\/\/radiorevelacionfm.cl\/index.php?rest_route=\/wp\/v2\/posts\/54810\/revisions\/54831"}],"wp:featuredmedia":[{"embeddable":true,"href":"https:\/\/radiorevelacionfm.cl\/index.php?rest_route=\/wp\/v2\/media\/54811"}],"wp:attachment":[{"href":"https:\/\/radiorevelacionfm.cl\/index.php?rest_route=%2Fwp%2Fv2%2Fmedia&parent=54810"}],"wp:term":[{"taxonomy":"category","embeddable":true,"href":"https:\/\/radiorevelacionfm.cl\/index.php?rest_route=%2Fwp%2Fv2%2Fcategories&post=54810"},{"taxonomy":"post_tag","embeddable":true,"href":"https:\/\/radiorevelacionfm.cl\/index.php?rest_route=%2Fwp%2Fv2%2Ftags&post=54810"}],"curies":[{"name":"wp","href":"https:\/\/api.w.org\/{rel}","templated":true}]}}