{"id":54807,"date":"2025-06-04T16:29:51","date_gmt":"2025-06-04T19:29:51","guid":{"rendered":"https:\/\/radiorevelacionfm.cl\/?p=54807"},"modified":"2025-06-04T16:29:51","modified_gmt":"2025-06-04T19:29:51","slug":"sernatur-y-gobierno-regional-implementan-estrategia-para-extender-la-estacionalidad-turistica-en-aysen-patagonia","status":"publish","type":"post","link":"https:\/\/radiorevelacionfm.cl\/?p=54807","title":{"rendered":"Sernatur y Gobierno Regional implementan estrategia para extender la estacionalidad tur\u00edstica en Ays\u00e9n Patagonia"},"content":{"rendered":"<div class=\"flex_column av_one_full  flex_column_div av-zero-column-padding first  avia-builder-el-0  el_before_av_one_full  avia-builder-el-first  \" style='border-radius:0px; '><div  class='avia-image-container  av-styling-    avia-builder-el-1  avia-builder-el-no-sibling  avia-align-center '  itemprop=\"image\" itemscope=\"itemscope\" itemtype=\"https:\/\/schema.org\/ImageObject\"  ><div class='avia-image-container-inner'><div class='avia-image-overlay-wrap'><img decoding=\"async\" class='wp-image-54808 avia-img-lazy-loading-not-54808 avia_image' src=\"https:\/\/radiorevelacionfm.cl\/wp-content\/uploads\/2025\/06\/turismo-2.jpg\" alt='' title='turismo (2)' height=\"600\" width=\"800\"  itemprop=\"thumbnailUrl\" srcset=\"https:\/\/radiorevelacionfm.cl\/wp-content\/uploads\/2025\/06\/turismo-2.jpg 800w, https:\/\/radiorevelacionfm.cl\/wp-content\/uploads\/2025\/06\/turismo-2-300x225.jpg 300w, https:\/\/radiorevelacionfm.cl\/wp-content\/uploads\/2025\/06\/turismo-2-768x576.jpg 768w, https:\/\/radiorevelacionfm.cl\/wp-content\/uploads\/2025\/06\/turismo-2-705x529.jpg 705w, https:\/\/radiorevelacionfm.cl\/wp-content\/uploads\/2025\/06\/turismo-2-450x338.jpg 450w, https:\/\/radiorevelacionfm.cl\/wp-content\/uploads\/2025\/06\/turismo-2-600x450.jpg 600w\" sizes=\"(max-width: 800px) 100vw, 800px\" \/><\/div><\/div><\/div><\/div><div class=\"flex_column av_one_full  flex_column_div av-zero-column-padding first  avia-builder-el-2  el_after_av_one_full  el_before_av_one_full  column-top-margin\" style='border-radius:0px; '><section class=\"av_textblock_section \"  itemscope=\"itemscope\" itemtype=\"https:\/\/schema.org\/BlogPosting\" itemprop=\"blogPost\" ><div class='avia_textblock  '   itemprop=\"text\" ><p style=\"text-align: center;\"><span style=\"font-size: 18pt;\"><strong>Sernatur y Gobierno Regional implementan estrategia para extender la estacionalidad tur\u00edstica en Ays\u00e9n Patagonia<\/strong><\/span><\/p>\n<div id=\"gtx-trans\" style=\"position: absolute; left: -50px; top: 4.31534px;\">\n<div class=\"gtx-trans-icon\"><\/div>\n<\/div>\n<\/div><\/section><\/div><div class=\"flex_column av_one_full  flex_column_div av-zero-column-padding first  avia-builder-el-4  el_after_av_one_full  el_before_av_hr  column-top-margin\" style='border-radius:0px; '><section class=\"av_textblock_section \"  itemscope=\"itemscope\" itemtype=\"https:\/\/schema.org\/BlogPosting\" itemprop=\"blogPost\" ><div class='avia_textblock  '   itemprop=\"text\" ><p style=\"text-align: justify;\"><em>Eventos deportivos de alcance internacional, programas de turismo interno y alianzas con prestadores locales, la regi\u00f3n de Ays\u00e9n busca dinamizar el turismo durante los meses de menor demanda.<\/em><\/p>\n<p style=\"text-align: justify;\"><strong><em>\u00a0<\/em><\/strong>Sernatur y el Gobierno Regional de Ays\u00e9n han puesto en marcha una estrategia para romper la estacionalidad tur\u00edstica del destino Ays\u00e9n Patagonia, con el objetivo de mantener activa la llegada de turistas en los meses de menor demanda. Esta estrategia considera la realizaci\u00f3n de eventos programados de gran envergadura, con impacto en la actividad tur\u00edstica, articulada con los prestadores locales y el despliegue de programas de turismo interno, particularmente a trav\u00e9s de los distintos programas sociales desarrollados por Sernatur.<\/p>\n<p style=\"text-align: justify;\">Para Claudio Montecinos, Director de Sernatur Ays\u00e9n extender la estacionalidad es uno de los principales desaf\u00edos como instituci\u00f3n, por lo que se encuentran implementando una serie de iniciativas que permitir\u00e1n avanzar en este sentido, \u201cUno de los grandes desaf\u00edos que tenemos como destino tur\u00edstico es poder extender la temporada tur\u00edstica, que nos permita desarrollar un turismo sostenible en el tiempo, econ\u00f3micamente sostenible.\u00a0 Necesitamos que la actividad tur\u00edstica se desarrolle a lo largo de los distintos meses del a\u00f1o y por lo tanto, junto con el Gobierno Regional estamos desarrollando una serie de iniciativas que buscan abordar esta frecha del sector del sector turismo\u201d.<\/p>\n<p style=\"text-align: justify;\">De esta manera, Sernatur Ays\u00e9n a trav\u00e9s del programa FNDR del Gobierno Regional apoyar\u00e1 durante el a\u00f1o, entre otros eventos, la realizaci\u00f3n de tres competencias deportivas de car\u00e1cter internacional; la s\u00e9ptima fecha de Copec Rally Mobil en el mes de octubre; en el mes de noviembre la carrera internacional de mountain bike Titan Forest Patagonia y en el mes de diciembre Patagonman, el triatl\u00f3n m\u00e1s extremo del mundo. Estos eventos deportivos movilizar\u00e1n cientos de deportistas, equipos de apoyo y medios de comunicaci\u00f3n, generando un importante flujo de visitantes y cobertura medi\u00e1tica nacional e internacional que pondr\u00e1 en vitrina el destino Ays\u00e9n Patagonia.<\/p>\n<p style=\"text-align: justify;\">Para Fidel Pinilla, uno de los referentes regionales de eventos deportivos, la generaci\u00f3n de eventos tur\u00edsticos deportivos contribuir\u00e1n al desarrollo econ\u00f3mico local en baja temporada.\u00a0 \u201cSin duda la realizaci\u00f3n de eventos deportivos ayuda a romper la estacionalidad en la regi\u00f3n de Ays\u00e9n y tambi\u00e9n muestra lo m\u00e1s bello que tenemos que es nuestro entorno natural en las diferentes estaciones del a\u00f1o, no solamente tenemos que esperar el verano para visitar la Patagonia, sino que tambi\u00e9n aprovechar los colores del oto\u00f1o y por qu\u00e9 no tambi\u00e9n el fr\u00edo del invierno. Los eventos tur\u00edsticos deportivos enfocados en estas estaciones del a\u00f1o sin duda ayudan a romper esa estacionalidad y a la vez generar un desarrollo econ\u00f3mico local en \u00e9poca de baja temporada\u201d, indic\u00f3 Pinilla.<\/p>\n<p style=\"text-align: justify;\">Para integrar la oferta tur\u00edstica regional a estos eventos programados, se invit\u00f3 a los\u00a0 prestadores de servicios tur\u00edsticos a ofrecer distintas alternativas de tours, alojamiento, oferta gastron\u00f3mica, arriendo de veh\u00edculos y artesan\u00eda, a los participantes de estos eventos. Como resultado de esta invitaci\u00f3n realizada por Sernatur, se ha logrado conformar una red regional de operadores tur\u00edsticos con una variada oferta local, que permitir\u00e1 ofrecer una inolvidable experiencia al visitar la regi\u00f3n de Ays\u00e9n.<\/p>\n<p style=\"text-align: justify;\">Para el Gobernador Regional de Ays\u00e9n Marcelo Santana, es clave generar las condiciones para recibir a los turistas que visitan el destino Ays\u00e9n Patagonia. \u201cEn primer lugar estamos muy contentos con la temporada de turismo de este a\u00f1o, hemos aumentado en m\u00e1s de un 40% las visitas, pero todav\u00eda tenemos grandes desafios como destino tur\u00edstico y uno de ellos es extender la temporada estival. Para ello estamos coordinando diversas iniciativas con Sernatur y el sector privado que nos permita la llegada de visitantes en temporada baja. Tenemos que generar las condiciones para que eso suceda, por ejemplo mantener nuestro parques nacionales abiertos en los meses de invierno, generar actividades y eventos que permitan la llegada de visitantes y hacer un hincapi\u00e9 potente en mejorar nuestra conectividad\u201d<\/p>\n<p style=\"text-align: justify;\">Otra de las acciones para el abordaje de la estacionalidad, indic\u00f3 Claudio Montecinos, se vincula con los programas de turismo interno desarrollados por Sernatur, que han demostrado su eficacia para activar la actividad tur\u00edstica, al promover viajes preferentemente en temporada baja y media. \u201cDesde Sernatur estamos ejecutando desde hace varios a\u00f1os nuestros programas sociales, vacaciones tercera edad, gira de estudio y vacaciones de turismo familiar y mujer, que nos permiten movilizar turistas regionales y nacionales durante los meses de baja y media temporada. Esto ha permitido movilizar a m\u00e1s de mil visitantes a distintos lugares de la regi\u00f3n\u201d indic\u00f3 el director de Sernatur Ays\u00e9n.<\/p>\n<p style=\"text-align: justify;\">Con la implementaci\u00f3n de estas acciones, se espera mejorar la ocupaci\u00f3n y los ingresos de los servicios tur\u00edsticos en per\u00edodos de menor demanda, as\u00ed como tambi\u00e9n, generar empleo temporal y dinamizar el consumo en sectores como el comercio, la gastronom\u00eda y la artesan\u00eda local, proyectando Ays\u00e9n Patagonia como un destino posible de visitar el resto del a\u00f1o.<\/p>\n<\/div><\/section><\/div><div  style='height:50px' class='hr hr-invisible   avia-builder-el-6  el_after_av_one_full  el_before_av_social_share '><span class='hr-inner ' ><span class='hr-inner-style'><\/span><\/span><\/div><\/p>\n<div  class='av-social-sharing-box  avia-builder-el-7  el_after_av_hr  el_before_av_hr  '><div class='av-share-box'><h5 class='av-share-link-description av-no-toc '>Compartir esta noticia<\/h5><ul class='av-share-box-list noLightbox'><li class='av-share-link av-social-link-facebook' ><a target=\"_blank\" aria-label=\"Compartir en Facebook\" href='https:\/\/www.facebook.com\/sharer.php?u=https:\/\/radiorevelacionfm.cl\/?p=54807&#038;t=Sernatur%20y%20Gobierno%20Regional%20implementan%20estrategia%20para%20extender%20la%20estacionalidad%20tur%C3%ADstica%20en%20Ays%C3%A9n%20Patagonia' aria-hidden='false' data-av_icon='\ue8f3' data-av_iconfont='entypo-fontello' title='' data-avia-related-tooltip='Compartir en Facebook' rel=\"noopener\"><span class='avia_hidden_link_text'>Compartir en Facebook<\/span><\/a><\/li><li class='av-share-link av-social-link-twitter' ><a target=\"_blank\" aria-label=\"Compartir en Twitter\" href='https:\/\/twitter.com\/share?text=Sernatur%20y%20Gobierno%20Regional%20implementan%20estrategia%20para%20extender%20la%20estacionalidad%20tur%C3%ADstica%20en%20Ays%C3%A9n%20Patagonia&#038;url=https:\/\/radiorevelacionfm.cl\/?p=54807' aria-hidden='false' data-av_icon='\ue8f1' data-av_iconfont='entypo-fontello' title='' data-avia-related-tooltip='Compartir en Twitter' rel=\"noopener\"><span class='avia_hidden_link_text'>Compartir en Twitter<\/span><\/a><\/li><li class='av-share-link av-social-link-whatsapp' ><a target=\"_blank\" aria-label=\"Compartir en Whatsapp\" href='https:\/\/api.whatsapp.com\/send?text=https:\/\/radiorevelacionfm.cl\/?p=54807' aria-hidden='false' data-av_icon='\uf232' data-av_iconfont='entypo-fontello' title='' data-avia-related-tooltip='Compartir en Whatsapp' rel=\"noopener\"><span class='avia_hidden_link_text'>Compartir en Whatsapp<\/span><\/a><\/li><li class='av-share-link av-social-link-linkedin' ><a target=\"_blank\" aria-label=\"Compartir en LinkedIn\" href='https:\/\/linkedin.com\/shareArticle?mini=true&#038;title=Sernatur%20y%20Gobierno%20Regional%20implementan%20estrategia%20para%20extender%20la%20estacionalidad%20tur%C3%ADstica%20en%20Ays%C3%A9n%20Patagonia&#038;url=https:\/\/radiorevelacionfm.cl\/?p=54807' aria-hidden='false' data-av_icon='\ue8fc' data-av_iconfont='entypo-fontello' title='' data-avia-related-tooltip='Compartir en LinkedIn' rel=\"noopener\"><span class='avia_hidden_link_text'>Compartir en LinkedIn<\/span><\/a><\/li><li class='av-share-link av-social-link-mail' ><a  aria-label=\"Compartir por correo\" href='mailto:?subject=Sernatur%20y%20Gobierno%20Regional%20implementan%20estrategia%20para%20extender%20la%20estacionalidad%20tur%C3%ADstica%20en%20Ays%C3%A9n%20Patagonia&#038;body=https:\/\/radiorevelacionfm.cl\/?p=54807' aria-hidden='false' data-av_icon='\ue805' data-av_iconfont='entypo-fontello' title='' data-avia-related-tooltip='Compartir por correo'><span class='avia_hidden_link_text'>Compartir por correo<\/span><\/a><\/li><\/ul><\/div><\/div>\n<div  style='height:50px' class='hr hr-invisible   avia-builder-el-8  el_after_av_social_share  el_before_av_comments_list '><span class='hr-inner ' ><span class='hr-inner-style'><\/span><\/span><\/div>\n<div  class='av-buildercomment  av-blog-meta-html-info-disabled av-blog-meta-tag-disabled  '><\/div>\n","protected":false},"excerpt":{"rendered":"","protected":false},"author":1,"featured_media":54808,"comment_status":"closed","ping_status":"closed","sticky":false,"template":"","format":"standard","meta":{"footnotes":""},"categories":[54],"tags":[],"class_list":["post-54807","post","type-post","status-publish","format-standard","has-post-thumbnail","hentry","category-turismo"],"jetpack_featured_media_url":"https:\/\/radiorevelacionfm.cl\/wp-content\/uploads\/2025\/06\/turismo-2.jpg","_links":{"self":[{"href":"https:\/\/radiorevelacionfm.cl\/index.php?rest_route=\/wp\/v2\/posts\/54807","targetHints":{"allow":["GET"]}}],"collection":[{"href":"https:\/\/radiorevelacionfm.cl\/index.php?rest_route=\/wp\/v2\/posts"}],"about":[{"href":"https:\/\/radiorevelacionfm.cl\/index.php?rest_route=\/wp\/v2\/types\/post"}],"author":[{"embeddable":true,"href":"https:\/\/radiorevelacionfm.cl\/index.php?rest_route=\/wp\/v2\/users\/1"}],"replies":[{"embeddable":true,"href":"https:\/\/radiorevelacionfm.cl\/index.php?rest_route=%2Fwp%2Fv2%2Fcomments&post=54807"}],"version-history":[{"count":2,"href":"https:\/\/radiorevelacionfm.cl\/index.php?rest_route=\/wp\/v2\/posts\/54807\/revisions"}],"predecessor-version":[{"id":54836,"href":"https:\/\/radiorevelacionfm.cl\/index.php?rest_route=\/wp\/v2\/posts\/54807\/revisions\/54836"}],"wp:featuredmedia":[{"embeddable":true,"href":"https:\/\/radiorevelacionfm.cl\/index.php?rest_route=\/wp\/v2\/media\/54808"}],"wp:attachment":[{"href":"https:\/\/radiorevelacionfm.cl\/index.php?rest_route=%2Fwp%2Fv2%2Fmedia&parent=54807"}],"wp:term":[{"taxonomy":"category","embeddable":true,"href":"https:\/\/radiorevelacionfm.cl\/index.php?rest_route=%2Fwp%2Fv2%2Fcategories&post=54807"},{"taxonomy":"post_tag","embeddable":true,"href":"https:\/\/radiorevelacionfm.cl\/index.php?rest_route=%2Fwp%2Fv2%2Ftags&post=54807"}],"curies":[{"name":"wp","href":"https:\/\/api.w.org\/{rel}","templated":true}]}}