{"id":54804,"date":"2025-06-04T14:25:39","date_gmt":"2025-06-04T17:25:39","guid":{"rendered":"https:\/\/radiorevelacionfm.cl\/?p=54804"},"modified":"2025-06-04T14:25:39","modified_gmt":"2025-06-04T17:25:39","slug":"comunidad-regional-se-reune-en-torno-a-los-desafios-climaticos","status":"publish","type":"post","link":"https:\/\/radiorevelacionfm.cl\/?p=54804","title":{"rendered":"Comunidad regional se re\u00fane en torno a los desaf\u00edos clim\u00e1ticos"},"content":{"rendered":"<div class=\"flex_column av_one_full  flex_column_div av-zero-column-padding first  avia-builder-el-0  el_before_av_one_full  avia-builder-el-first  \" style='border-radius:0px; '><div  class='avia-image-container  av-styling-    avia-builder-el-1  avia-builder-el-no-sibling  avia-align-center '  itemprop=\"image\" itemscope=\"itemscope\" itemtype=\"https:\/\/schema.org\/ImageObject\"  ><div class='avia-image-container-inner'><div class='avia-image-overlay-wrap'><img decoding=\"async\" class='wp-image-54805 avia-img-lazy-loading-not-54805 avia_image' src=\"https:\/\/radiorevelacionfm.cl\/wp-content\/uploads\/2025\/06\/6-63-1-1.jpg\" alt='' title='6 (63) (1) (1)' height=\"600\" width=\"1067\"  itemprop=\"thumbnailUrl\" srcset=\"https:\/\/radiorevelacionfm.cl\/wp-content\/uploads\/2025\/06\/6-63-1-1.jpg 1067w, https:\/\/radiorevelacionfm.cl\/wp-content\/uploads\/2025\/06\/6-63-1-1-300x169.jpg 300w, https:\/\/radiorevelacionfm.cl\/wp-content\/uploads\/2025\/06\/6-63-1-1-1030x579.jpg 1030w, https:\/\/radiorevelacionfm.cl\/wp-content\/uploads\/2025\/06\/6-63-1-1-768x432.jpg 768w, https:\/\/radiorevelacionfm.cl\/wp-content\/uploads\/2025\/06\/6-63-1-1-705x396.jpg 705w, https:\/\/radiorevelacionfm.cl\/wp-content\/uploads\/2025\/06\/6-63-1-1-450x253.jpg 450w, https:\/\/radiorevelacionfm.cl\/wp-content\/uploads\/2025\/06\/6-63-1-1-600x337.jpg 600w\" sizes=\"(max-width: 1067px) 100vw, 1067px\" \/><\/div><\/div><\/div><\/div><div class=\"flex_column av_one_full  flex_column_div av-zero-column-padding first  avia-builder-el-2  el_after_av_one_full  el_before_av_one_full  column-top-margin\" style='border-radius:0px; '><section class=\"av_textblock_section \"  itemscope=\"itemscope\" itemtype=\"https:\/\/schema.org\/BlogPosting\" itemprop=\"blogPost\" ><div class='avia_textblock  '   itemprop=\"text\" ><p style=\"text-align: center;\"><span style=\"font-size: 18pt;\"><strong>Comunidad regional se re\u00fane en torno a los desaf\u00edos clim\u00e1ticos<\/strong><\/span><\/p>\n<div id=\"gtx-trans\" style=\"position: absolute; left: -50px; top: 4.31534px;\">\n<div class=\"gtx-trans-icon\"><\/div>\n<\/div>\n<\/div><\/section><\/div><div class=\"flex_column av_one_full  flex_column_div av-zero-column-padding first  avia-builder-el-4  el_after_av_one_full  el_before_av_hr  column-top-margin\" style='border-radius:0px; '><section class=\"av_textblock_section \"  itemscope=\"itemscope\" itemtype=\"https:\/\/schema.org\/BlogPosting\" itemprop=\"blogPost\" ><div class='avia_textblock  '   itemprop=\"text\" ><p style=\"text-align: justify;\">Gran convocatoria tuvo el seminario \u201cAys\u00e9n ante el desaf\u00edo clim\u00e1tico: reflexiones locales para un futuro sostenible\u201d, organizado por la Mesa Ays\u00e9n de la Pol\u00edtica Nacional de Educaci\u00f3n para el Desarrollo Sustentable, PNEDS y que tuvo lugar el pasado martes 3 en el Centro Cultural de Coyhaique.<\/p>\n<p style=\"text-align: justify;\"><em>\u201cContentos de realizar este seminario en el marco del trabajo que hace la Mesa PNEDS, una mesa que ya lleva 20 a\u00f1os de funcionamiento y que busca relevar distintos temas que tienen que ver con el desarrollo sostenible. Este a\u00f1o estamos enfocados en cambio clim\u00e1tico y hablamos de lo que han sido los procesos a nivel nacional, pero tambi\u00e9n a nivel regional. Se relevaron, por ejemplo, la aprobaci\u00f3n de nuestro Plan de Acci\u00f3n Regional de Cambio Clim\u00e1tico, lo que nos permite mostrar el avance que tiene la regi\u00f3n y el compromiso con el desarrollo sostenible\u201d,<\/em> declar\u00f3 el Seremi del Medio Ambiente, Yoal D\u00edaz, destacando la participaci\u00f3n de la comunidad durante la jornada e invitando a mantenerse atentos a las pr\u00f3ximas actividades ciudadanas de la mesa.<\/p>\n<p style=\"text-align: justify;\">As\u00ed tambi\u00e9n la Encargada de Relacionamiento comunitario de Aguas Patagonia, Anita Oyarz\u00fan, actual presidencia de la mesa, valor\u00f3 la interacci\u00f3n intersectorial de la Mesa PNEDS, \u201cesta uni\u00f3n p\u00fablico-privada genera un efecto positivo para lograr esta resiliencia y ejecuci\u00f3n de la sostenibilidad. Nosotros como empresa privada tambi\u00e9n estamos muy adheridos a la crisis h\u00eddrica, la triple crisis, crisis que vivimos hoy en d\u00eda y estamos muy orgullosos y de poder participar y poder ser actores principales y relevantes en toda esta educaci\u00f3n que nos va a proyectar a una comunidad ambiental m\u00e1s sostenible\u201d.<\/p>\n<p style=\"text-align: justify;\">Este seminario se enmarc\u00f3 en el plan de trabajo anual de la Mesa Ays\u00e9n de la PNEDS con el objetivo de aportar significativamente al cumplimiento de los compromisos regionales en materia de desarrollo sostenible y cambio clim\u00e1tico, eligiendo este 2025 \u00a0como foco de su gesti\u00f3n, los Objetivos de Desarrollo Sostenible ODS y para esta actividad el ODS 13: Acci\u00f3n por el Clima.<\/p>\n<p style=\"text-align: justify;\">La jornada comenz\u00f3 con la presentaci\u00f3n del Jefe de la Divisi\u00f3n de Cambio Clim\u00e1tico del Ministerio del Medio Ambiente, Andr\u00e9s Pica, quien expuso: Implementando la Ley Marco de Cambio Clim\u00e1tico desde los Territorios, Coordinaci\u00f3n Regional y Di\u00e1logo Sectorial en Ays\u00e9n, \u201cpresentamos de qu\u00e9 se trata la Ley Marco de Cambio Clim\u00e1tico y la acci\u00f3n territorial en el caso de la Regi\u00f3n de Ays\u00e9n. Es importante ver c\u00f3mo se aterrizan las cosas al nivel territorial y aqu\u00ed las prioridades que se ven en la regi\u00f3n tienen que ver con el desarrollo productivo sostenible, potenciar la conservaci\u00f3n de los bosques en la regi\u00f3n, hacerse m\u00e1s resiliente frente a los desastres, son cosas que se resaltan como prioridades dentro del plan regional y la descontaminaci\u00f3n de la ciudad\u201d, coment\u00f3 Andr\u00e9s Pica.<\/p>\n<p style=\"text-align: justify;\">El Segundo bloque estuvo liderado por la exposici\u00f3n de la Decana de la Facultad de Ciencias de la Universidad Austral de Chile, Dra. Leyla C\u00e1rdenas, quien present\u00f3 : ADN Ambiental y Diversidad Gen\u00e9tica: Herramientas Claves para Monitorear el Impacto Clim\u00e1tico en la Biodiversidad de Ays\u00e9n, \u201cquiero dejar el\u00a0 mensaje respecto de la biodiversidad, porque cuando hablamos de cambio clim\u00e1tico, uno de los principales aspectos que se releva es el bienestar humano, \u00bfno? Pero tambi\u00e9n hay un bienestar del medio ambiente y que se refleja b\u00e1sicamente en la biodiversidad, en c\u00f3mo la biodiversidad o las especies que habitan en un lugar se ven afectados con el cambio clim\u00e1tico, donde en definitiva, una especie se puede extinguir, se puede adaptar o se puede ir\u201d, recalc\u00f3 la acad\u00e9mica.<\/p>\n<p style=\"text-align: justify;\">La Mesa Regional Ays\u00e9n de la Pol\u00edtica Nacional de Educaci\u00f3n para el Desarrollo Sustentable (PNEDS), actualmente integrada por las SEREMIS de Medio Ambiente,\u00a0 Salud, Energ\u00eda, Corporaci\u00f3n Nacional Forestal, Gobierno Regional , municipalidades \u00a0de Coyhaique y Ays\u00e9n, Servicio Local de Educaci\u00f3n P\u00fablica, Direcci\u00f3n Provincial de Educaci\u00f3n, PAR Explora UACh, Aguas Patagonia, Aqua Chile, Corporaci\u00f3n Patagonia Viva, Patagonia Sostenible, Patagonia Sin Residuos y Comunidades Portal, ya prepara sus pr\u00f3ximas acciones ciudadanas, anunci\u00e1ndose pr\u00f3ximamente una feria ambiental.<\/p>\n<\/div><\/section><\/div><div  style='height:50px' class='hr hr-invisible   avia-builder-el-6  el_after_av_one_full  el_before_av_social_share '><span class='hr-inner ' ><span class='hr-inner-style'><\/span><\/span><\/div><\/p>\n<div  class='av-social-sharing-box  avia-builder-el-7  el_after_av_hr  el_before_av_hr  '><div class='av-share-box'><h5 class='av-share-link-description av-no-toc '>Compartir esta noticia<\/h5><ul class='av-share-box-list noLightbox'><li class='av-share-link av-social-link-facebook' ><a target=\"_blank\" aria-label=\"Compartir en Facebook\" href='https:\/\/www.facebook.com\/sharer.php?u=https:\/\/radiorevelacionfm.cl\/?p=54804&#038;t=Comunidad%20regional%20se%20re%C3%BAne%20en%20torno%20a%20los%20desaf%C3%ADos%20clim%C3%A1ticos' aria-hidden='false' data-av_icon='\ue8f3' data-av_iconfont='entypo-fontello' title='' data-avia-related-tooltip='Compartir en Facebook' rel=\"noopener\"><span class='avia_hidden_link_text'>Compartir en Facebook<\/span><\/a><\/li><li class='av-share-link av-social-link-twitter' ><a target=\"_blank\" aria-label=\"Compartir en Twitter\" href='https:\/\/twitter.com\/share?text=Comunidad%20regional%20se%20re%C3%BAne%20en%20torno%20a%20los%20desaf%C3%ADos%20clim%C3%A1ticos&#038;url=https:\/\/radiorevelacionfm.cl\/?p=54804' aria-hidden='false' data-av_icon='\ue8f1' data-av_iconfont='entypo-fontello' title='' data-avia-related-tooltip='Compartir en Twitter' rel=\"noopener\"><span class='avia_hidden_link_text'>Compartir en Twitter<\/span><\/a><\/li><li class='av-share-link av-social-link-whatsapp' ><a target=\"_blank\" aria-label=\"Compartir en Whatsapp\" href='https:\/\/api.whatsapp.com\/send?text=https:\/\/radiorevelacionfm.cl\/?p=54804' aria-hidden='false' data-av_icon='\uf232' data-av_iconfont='entypo-fontello' title='' data-avia-related-tooltip='Compartir en Whatsapp' rel=\"noopener\"><span class='avia_hidden_link_text'>Compartir en Whatsapp<\/span><\/a><\/li><li class='av-share-link av-social-link-linkedin' ><a target=\"_blank\" aria-label=\"Compartir en LinkedIn\" href='https:\/\/linkedin.com\/shareArticle?mini=true&#038;title=Comunidad%20regional%20se%20re%C3%BAne%20en%20torno%20a%20los%20desaf%C3%ADos%20clim%C3%A1ticos&#038;url=https:\/\/radiorevelacionfm.cl\/?p=54804' aria-hidden='false' data-av_icon='\ue8fc' data-av_iconfont='entypo-fontello' title='' data-avia-related-tooltip='Compartir en LinkedIn' rel=\"noopener\"><span class='avia_hidden_link_text'>Compartir en LinkedIn<\/span><\/a><\/li><li class='av-share-link av-social-link-mail' ><a  aria-label=\"Compartir por correo\" href='mailto:?subject=Comunidad%20regional%20se%20re%C3%BAne%20en%20torno%20a%20los%20desaf%C3%ADos%20clim%C3%A1ticos&#038;body=https:\/\/radiorevelacionfm.cl\/?p=54804' aria-hidden='false' data-av_icon='\ue805' data-av_iconfont='entypo-fontello' title='' data-avia-related-tooltip='Compartir por correo'><span class='avia_hidden_link_text'>Compartir por correo<\/span><\/a><\/li><\/ul><\/div><\/div>\n<div  style='height:50px' class='hr hr-invisible   avia-builder-el-8  el_after_av_social_share  el_before_av_comments_list '><span class='hr-inner ' ><span class='hr-inner-style'><\/span><\/span><\/div>\n<div  class='av-buildercomment  av-blog-meta-html-info-disabled av-blog-meta-tag-disabled  '><\/div>\n","protected":false},"excerpt":{"rendered":"","protected":false},"author":1,"featured_media":54805,"comment_status":"closed","ping_status":"closed","sticky":false,"template":"","format":"standard","meta":{"footnotes":""},"categories":[39],"tags":[],"class_list":["post-54804","post","type-post","status-publish","format-standard","has-post-thumbnail","hentry","category-medio-ambiente"],"jetpack_featured_media_url":"https:\/\/radiorevelacionfm.cl\/wp-content\/uploads\/2025\/06\/6-63-1-1.jpg","_links":{"self":[{"href":"https:\/\/radiorevelacionfm.cl\/index.php?rest_route=\/wp\/v2\/posts\/54804","targetHints":{"allow":["GET"]}}],"collection":[{"href":"https:\/\/radiorevelacionfm.cl\/index.php?rest_route=\/wp\/v2\/posts"}],"about":[{"href":"https:\/\/radiorevelacionfm.cl\/index.php?rest_route=\/wp\/v2\/types\/post"}],"author":[{"embeddable":true,"href":"https:\/\/radiorevelacionfm.cl\/index.php?rest_route=\/wp\/v2\/users\/1"}],"replies":[{"embeddable":true,"href":"https:\/\/radiorevelacionfm.cl\/index.php?rest_route=%2Fwp%2Fv2%2Fcomments&post=54804"}],"version-history":[{"count":2,"href":"https:\/\/radiorevelacionfm.cl\/index.php?rest_route=\/wp\/v2\/posts\/54804\/revisions"}],"predecessor-version":[{"id":54834,"href":"https:\/\/radiorevelacionfm.cl\/index.php?rest_route=\/wp\/v2\/posts\/54804\/revisions\/54834"}],"wp:featuredmedia":[{"embeddable":true,"href":"https:\/\/radiorevelacionfm.cl\/index.php?rest_route=\/wp\/v2\/media\/54805"}],"wp:attachment":[{"href":"https:\/\/radiorevelacionfm.cl\/index.php?rest_route=%2Fwp%2Fv2%2Fmedia&parent=54804"}],"wp:term":[{"taxonomy":"category","embeddable":true,"href":"https:\/\/radiorevelacionfm.cl\/index.php?rest_route=%2Fwp%2Fv2%2Fcategories&post=54804"},{"taxonomy":"post_tag","embeddable":true,"href":"https:\/\/radiorevelacionfm.cl\/index.php?rest_route=%2Fwp%2Fv2%2Ftags&post=54804"}],"curies":[{"name":"wp","href":"https:\/\/api.w.org\/{rel}","templated":true}]}}