{"id":54801,"date":"2025-06-03T21:01:03","date_gmt":"2025-06-04T00:01:03","guid":{"rendered":"https:\/\/radiorevelacionfm.cl\/?p=54801"},"modified":"2025-06-03T21:01:03","modified_gmt":"2025-06-04T00:01:03","slug":"seremi-del-deporte-da-a-conocer-cifras-regionales-de-la-encuesta-nacional-de-actividad-fisica-y-deporte-2024","status":"publish","type":"post","link":"https:\/\/radiorevelacionfm.cl\/?p=54801","title":{"rendered":"Seremi del Deporte da a conocer cifras regionales de la Encuesta Nacional de Actividad F\u00edsica y Deporte 2024"},"content":{"rendered":"<div class=\"flex_column av_one_full  flex_column_div av-zero-column-padding first  avia-builder-el-0  el_before_av_one_full  avia-builder-el-first  \" style='border-radius:0px; '><div  class='avia-image-container  av-styling-    avia-builder-el-1  avia-builder-el-no-sibling  avia-align-center '  itemprop=\"image\" itemscope=\"itemscope\" itemtype=\"https:\/\/schema.org\/ImageObject\"  ><div class='avia-image-container-inner'><div class='avia-image-overlay-wrap'><img decoding=\"async\" class='wp-image-54802 avia-img-lazy-loading-not-54802 avia_image' src=\"https:\/\/radiorevelacionfm.cl\/wp-content\/uploads\/2025\/06\/AF-2-1-1.jpg\" alt='' title='AF 2 (1) (1)' height=\"600\" width=\"811\"  itemprop=\"thumbnailUrl\" srcset=\"https:\/\/radiorevelacionfm.cl\/wp-content\/uploads\/2025\/06\/AF-2-1-1.jpg 811w, https:\/\/radiorevelacionfm.cl\/wp-content\/uploads\/2025\/06\/AF-2-1-1-300x222.jpg 300w, https:\/\/radiorevelacionfm.cl\/wp-content\/uploads\/2025\/06\/AF-2-1-1-768x568.jpg 768w, https:\/\/radiorevelacionfm.cl\/wp-content\/uploads\/2025\/06\/AF-2-1-1-705x522.jpg 705w, https:\/\/radiorevelacionfm.cl\/wp-content\/uploads\/2025\/06\/AF-2-1-1-450x333.jpg 450w, https:\/\/radiorevelacionfm.cl\/wp-content\/uploads\/2025\/06\/AF-2-1-1-600x444.jpg 600w\" sizes=\"(max-width: 811px) 100vw, 811px\" \/><\/div><\/div><\/div><\/div><div class=\"flex_column av_one_full  flex_column_div av-zero-column-padding first  avia-builder-el-2  el_after_av_one_full  el_before_av_one_full  column-top-margin\" style='border-radius:0px; '><section class=\"av_textblock_section \"  itemscope=\"itemscope\" itemtype=\"https:\/\/schema.org\/BlogPosting\" itemprop=\"blogPost\" ><div class='avia_textblock  '   itemprop=\"text\" ><p style=\"text-align: center;\"><span style=\"font-size: 18pt;\"><strong>Seremi del Deporte da a conocer cifras regionales de la Encuesta Nacional de Actividad F\u00edsica y Deporte 2024<\/strong><\/span><\/p>\n<div id=\"gtx-trans\" style=\"position: absolute; left: -50px; top: 4.31534px;\">\n<div class=\"gtx-trans-icon\"><\/div>\n<\/div>\n<\/div><\/section><\/div><div class=\"flex_column av_one_full  flex_column_div av-zero-column-padding first  avia-builder-el-4  el_after_av_one_full  el_before_av_hr  column-top-margin\" style='border-radius:0px; '><section class=\"av_textblock_section \"  itemscope=\"itemscope\" itemtype=\"https:\/\/schema.org\/BlogPosting\" itemprop=\"blogPost\" ><div class='avia_textblock  '   itemprop=\"text\" ><p style=\"text-align: justify;\"><em>Los resultados regionales, fueron expuestos a trav\u00e9s de un streaming desarrollado durante la tarde del viernes 30 de mayo, a cargo de la Seremi del Deporte, Mar\u00eda Eugenia Dur\u00e1n por las RRSS del<\/em> @MindepAys\u00e9n (Ver aqu\u00ed <a href=\"https:\/\/bit.ly\/ResultadosEncuestaAFyDAysen\">https:\/\/bit.ly\/ResultadosEncuestaAFyDAysen<\/a>).<\/p>\n<p style=\"text-align: justify;\"><em>-Ays\u00e9n est\u00e1 entre las cinco regiones que m\u00e1s actividad f\u00edsica realizan en Chile, no obstante, el desaf\u00edo es que m\u00e1s personas cumplan con los m\u00ednimos recomendados por la Organizaci\u00f3n Mundial de la Salud (OMS)<\/em><\/p>\n<p style=\"text-align: justify;\">La\u00a0<strong>Encuesta Nacional de Actividad F\u00edsica y Deporte 2024<\/strong>, elaborada por el Ministerio del Deporte, contempl\u00f3 una muestra nacional de\u00a0<strong>12.803 casos de poblaci\u00f3n mayor de 5 a\u00f1os que reside en las 16 regiones de Chile, <\/strong>representativos seg\u00fan sexo, edad, nivel socioecon\u00f3mico y zona de residencia, <strong>e incluy\u00f3 muestra regional de <\/strong><strong>785 casos.<\/strong><\/p>\n<p style=\"text-align: justify;\">Asimismo, en su metodolog\u00eda, incorpor\u00f3 un\u00a0<strong>\u00edndice multidimensional<\/strong>\u00a0in\u00e9dito, pues en versiones anteriores s\u00f3lo se consideraba el contexto de tiempo libre. En esta medici\u00f3n se suman otros contextos como el transporte, el contexto laboral, educativo y dom\u00e9stico para las personas adultas, mientras que, en los menores de 17 a\u00f1os, se sumaron los contextos: escolar, transporte y dom\u00e9stico, haciendo de esta muestra, la m\u00e1s representativa, tanto por la gran cantidad de personas encuestadas, como por la incorporaci\u00f3n de m\u00e1s contextos de la vida diaria.<\/p>\n<p style=\"text-align: justify;\">Fuente: MINDEP<\/p>\n<p style=\"text-align: justify;\">La Seremi del Deporte, Mar\u00eda Eugenia Dur\u00e1n, precis\u00f3 que \u201c<em>La encuesta se divide en dos tramos: poblaci\u00f3n entre\u00a0<strong>5 y 17 a\u00f1os<\/strong>, y poblaciones mayores<strong> de 18 a\u00f1os<\/strong>. Al revisar los resultados, lo destacable es que nuestra regi\u00f3n de Ays\u00e9n, est\u00e1 dentro de las 5 regiones que m\u00e1s han aumentado el porcentaje de personas que realizan actividad f\u00edsica, en comparaci\u00f3n al promedio nacional, donde 4 de cada 10 adultos se declara activo, en Ays\u00e9n estamos un punto arriba, con 5 de cada 10 adultos activos; en el caso de los menores de 17 a\u00f1os, a nivel nacional la cifra es que 3 de cada 10 son activos, mientras que en Ays\u00e9n, la cifra es mayor con 4 de cada 10 ni\u00f1os, ni\u00f1as y adolescentes que se declaran activos. Adem\u00e1s, si comparamos con las cifras del 2028, la regi\u00f3n ha disminuido la cantidad de personas inactivas, lo cual tambi\u00e9n es valorable y nos indica una mejor\u00eda, no obstante, a\u00fan existe un gran porcentaje de la poblaci\u00f3n que no alcanza a cumplir con las recomendaciones m\u00ednimas de la Organizaci\u00f3n Mundial de la Salud, donde el contexto escolar, por lejos, es el m\u00e1s afectado por la inactividad f\u00edsica, lo que representa un gran\u00a0<strong>desaf\u00edo interinstituciona<\/strong><strong>l y el desarrollo de acciones concretas y profundas<\/strong><strong>, por ello estamos impulsando junto al Ministerio de Salud y Educaci\u00f3n, el proyecto de Ley que <\/strong>promueve\u00a0<strong>60 minutos diarios<\/strong>\u00a0de actividad f\u00edsica en las escuelas, aparte de las clases regulares de educaci\u00f3n f\u00edsica. Sobre este proyecto, las \u00faltimas indicaciones fueron aprobadas en la\u00a0<strong>Comisi\u00f3n de Salud del Senado<\/strong>\u00a0este a\u00f1o, por lo que esperamos siga avanzando y este 2025 contar con una nueva Ley que <\/em><em>incorpora en la normativa educacional, la obligaci\u00f3n de promover al menos sesenta minutos diarios de actividad f\u00edsica en todos los establecimientos, desde la educaci\u00f3n parvularia hasta la ense\u00f1anza media<\/em>\u201d.<\/p>\n<p style=\"text-align: justify;\"><strong>Evoluci\u00f3n regi\u00f3n de Ays\u00e9n del \u00edndice de Tiempo Libre<\/strong><\/p>\n<p style=\"text-align: justify;\">Fuente: \u00c1rea de Pol\u00edticas, Intersector y Estudios Divisi\u00f3n de Pol\u00edtica y Gesti\u00f3n Deportiva. Ministerio del Deporte Chile.<\/p>\n<p style=\"text-align: justify;\">Entre 2018 y 2024, se evidencia una disminuci\u00f3n de los adultos activos en el contexto de tiempo libre. Sin embargo, aumentan los parcialmente activos y disminuye m\u00e1s de la mitad la cantidad de adultos inactivos notablemente entre ambas mediciones.<\/p>\n<p style=\"text-align: justify;\">Es importante se\u00f1alar que la Organizaci\u00f3n Mundial de la Salud (OMS) considera 2 clasificaciones con relaci\u00f3n a la pr\u00e1ctica de la actividad f\u00edsica: activos e inactivos; sin perjuicio de ello y para efectos de esta Encuesta, el Ministerio del Deporte ha acu\u00f1ado el concepto <strong>\u201cparcialmente activo\u201d,<\/strong> la que permite establecer un punto intermedio entre quienes realizan poca o nada de actividad f\u00edsica, y quienes realizan actividades f\u00edsicas pero que no alcanzan a cumplir las recomendaciones de la OMS. Por lo tanto y a partir de la medici\u00f3n de la frecuencia, intensidad y duraci\u00f3n de la actividad f\u00edsica realizada en distintos contextos, es posible clasificar a la poblaci\u00f3n chilena seg\u00fan la siguiente tabla:<\/p>\n<table width=\"595\">\n<tbody>\n<tr>\n<td width=\"108\"><strong>Clasificaci\u00f3n<\/strong><\/td>\n<td width=\"250\"><strong>ACTIVIDAD F\u00cdSICA SEMANAL<\/strong><\/p>\n<p><strong>NNA (5 a 17 a\u00f1os)<\/strong><\/td>\n<td width=\"236\"><strong>ACTIVIDAD F\u00cdSICA SEMANAL<\/strong><\/p>\n<p><strong>Adultos (18 o m\u00e1s)<\/strong><\/td>\n<\/tr>\n<tr>\n<td width=\"108\">Activo<\/td>\n<td width=\"250\"><strong>60 minutos<\/strong> de actividad f\u00edsica moderada o vigorosa <strong>todos los d\u00edas<\/strong><\/td>\n<td width=\"236\"><strong>150 minutos <\/strong>de actividad f\u00edsica moderada, o<\/p>\n<p><strong>75 minutos <\/strong>de actividad f\u00edsica vigorosa<\/td>\n<\/tr>\n<tr>\n<td width=\"108\">Parcialmente Activo<\/td>\n<td width=\"250\"><strong>60 minutos <\/strong>de actividad f\u00edsica moderada o vigorosa <strong>3 d\u00edas <\/strong>a la semana<\/td>\n<td width=\"236\"><strong>Menos de 150 minutos <\/strong>de actividad f\u00edsica moderada, o<\/p>\n<p><strong>Menos de 75 minutos <\/strong>de actividad f\u00edsica vigorosa<\/td>\n<\/tr>\n<tr>\n<td width=\"108\">Inactivo<\/td>\n<td width=\"250\"><strong>Menos de 60 minutos <\/strong>de actividad f\u00edsica moderada o vigorosa 3 d\u00edas a la semana<\/td>\n<td width=\"236\">Declara que no realiza actividad f\u00edsica<\/td>\n<\/tr>\n<\/tbody>\n<\/table>\n<p style=\"text-align: justify;\">Fuente: Informe Ejecutivo Nacional \u2013 Encuesta Nacional de Actividad F\u00edsica y Deporte en Poblaci\u00f3n mayor de 5 a\u00f1os 2024. Ministerio del Deporte Chile.<\/p>\n<p style=\"text-align: justify;\"><strong><u>\u00a0<\/u><\/strong><\/p>\n<p style=\"text-align: justify;\"><strong><u>ENCUESTA A NIVEL REGIONAL AYS\u00c9N <\/u><\/strong><\/p>\n<p style=\"text-align: justify;\"><strong>Principales Resultados de ni\u00f1as, ni\u00f1os y adolescentes en la Regi\u00f3n de Ays\u00e9n<\/strong><\/p>\n<p style=\"text-align: justify;\">De los 785 casos, los principales resultados de Ni\u00f1os, Ni\u00f1as y Adolescentes (5 a 17 a\u00f1os) Considerando el \u00cdndice Multidimensional, 4 de cada 10 NNA (38,8%) mayores de 5 a\u00f1os son activos f\u00edsicamente (es decir, cumplen las recomendaciones m\u00ednimas dictadas por la OMS). Por otra parte, un 19% es parcialmente activo y un 42,2% son inactivos. Asimismo, los ni\u00f1os presentan mayor probabilidad de ser activos respecto a las ni\u00f1as (un 38,5% de las ni\u00f1as son activas, frente a un 39,1% de los ni\u00f1os).<\/p>\n<p style=\"text-align: justify;\">En el contexto de tiempo libre, existe un aumento de ni\u00f1as, ni\u00f1os y adolescentes activos (pasando de 14,4% en 2019; a 17,1% en 2024). Por otra parte, disminuyeron la cantidad de inactivos en este contexto (pasando de 50,9% a 50%) y disminuyeron la cantidad de parcialmente activos (pasando de 34,7% a 32,9%).<\/p>\n<p style=\"text-align: justify;\">En el contexto de actividad dom\u00e9stica, 5 de cada 10 (52,3%) ni\u00f1as, ni\u00f1os y adolescentes son inactivos. Asimismo, 3 de cada 10 (27,9%) son activos. En el contexto de transporte, 7 de cada 10 (67,1%) son inactivos. Asimismo, s\u00f3lo el 7,4% es activo.<\/p>\n<p style=\"text-align: justify;\">El contexto escolar es el m\u00e1s inactivo de todos los evaluados. Al considerar s\u00f3lo el tiempo que pasan en sus establecimientos educativos, 1 de cada 10 (11,7%) son activos o parcialmente activos (es decir, realizan 60 minutos de actividad f\u00edsica tres o m\u00e1s d\u00edas). Por contraposici\u00f3n, casi 9 de cada 10 (85,7%) son inactivos (es decir, no alcanzan a realizar 60 minutos de actividad f\u00edsica durante 3 d\u00edas a la semana)<\/p>\n<p style=\"text-align: justify;\">Los ni\u00f1os, ni\u00f1as y adolescentes de la regi\u00f3n se\u00f1alan que, los deportes que se deber\u00edan promover son: el f\u00fatbol (14,9%), los deportes al aire libre (12%); el ciclismo (9,7%); nataci\u00f3n (8,8%) y b\u00e1squetbol (8,7%). Asimismo, los deportes m\u00e1s practicados son el futbol (24%), ciclismo (19,4%), zumba (19%) y yoga (11,2%).<\/p>\n<p style=\"text-align: justify;\">Respecto a los factores que influyen en que ni\u00f1os, ni\u00f1as y adolescentes sean activos en la regi\u00f3n, estos son los principales:<\/p>\n<ul style=\"text-align: justify;\">\n<li>La influencia externa en la creaci\u00f3n de h\u00e1bitos de actividad f\u00edsica (familiares directos, el colegio, docentes, amigos, entre otros).<\/li>\n<li>Valorar la importancia de la actividad f\u00edsica y el deporte.<\/li>\n<li>La participaci\u00f3n en organizaciones deportivas. A este respecto, 1 de cada 10 (13,2%) ni\u00f1os, ni\u00f1as y adolescentes declara participar en estas organizaciones. Igualmente, 1 de cada 10 NNA (9,3%) declara que le gustar\u00eda estar en una organizaci\u00f3n deportiva.<\/li>\n<li>Existencia de espacios aptos para la actividad f\u00edsica cerca de la vivienda.<\/li>\n<\/ul>\n<p style=\"text-align: justify;\">Casi 1 de cada 2 ni\u00f1os se\u00f1ala que existe alguien que influy\u00f3 en sus h\u00e1bitos de actividad f\u00edsica. En ese contexto, un 7,8% de los encuestados, indica que son los amigos quienes m\u00e1s influyen en la formaci\u00f3n de sus h\u00e1bitos de vida activa, seguido del pap\u00e1 (7%), la mam\u00e1 (5,4%) y el colegio (3,5%).\u00a0 Los principales motivos para practicar son la salud (21,6%), el entretenimiento (19,4%) y por gusto (12,6%).<\/p>\n<p style=\"text-align: justify;\"><em>Cabe se\u00f1alar, que un 2,7% de los Ni\u00f1os, ni\u00f1as y adolescentes entre 5 y 17 encuestados no se consideran para este c\u00e1lculo, dado que sus tutores declararon que no asisten regularmente a establecimientos educativos (por ej. rinden ex\u00e1menes libres)<\/em><\/p>\n<p style=\"text-align: justify;\"><strong>\u00bfD\u00f3nde practican actividad f\u00edsica los ni\u00f1os, ni\u00f1as y adolescentes de la regi\u00f3n de Ays\u00e9n? <\/strong><\/p>\n<p style=\"text-align: justify;\">Un 60,9% de los ni\u00f1os, ni\u00f1as y adolescentes encuestados declara poseer espacios aptos para practicar actividad f\u00edsica a menos de 15 minutos (a pie) de su vivienda. Adem\u00e1s, un 90% de ellos los utiliza. Los principales motivos de por qu\u00e9 no se utilizan son inseguridad o presencia de delincuencia (21,7%), la falta de mantenimiento o infraestructura deficiente (14,8%), y la inexistencia de alguien que acompa\u00f1e (10,8%).<\/p>\n<p style=\"text-align: justify;\">Por otra parte, los lugares m\u00e1s utilizados para practicar actividad f\u00edsica son plazas\/parques (29,4%); canchas deportivas (18%); y ciclo v\u00edas (17,1%).<\/p>\n<p style=\"text-align: justify;\">Los principales motivos declarados para no practicar actividad f\u00edsica es la falta de tiempo (18,4%) y de motivaci\u00f3n (11,7%).<\/p>\n<p style=\"text-align: justify;\"><strong>Principales Resultados de personas Adultas en la Regi\u00f3n de Ays\u00e9n<\/strong><\/p>\n<p style=\"text-align: justify;\">Considerando el \u00cdndice Multidimensional, 5 de cada 10 adultos (49%) son activos f\u00edsicamente (es decir, cumplen las recomendaciones m\u00ednimas dictadas por la OMS). Por otra parte, un 34,9% es parcialmente activo y un 16,1% es inactivo. Los hombres presentan una mayor probabilidad de ser activos f\u00edsicamente respecto a las mujeres (un 48,7% de mujeres es activa, frente al 49,2% de los hombres).<\/p>\n<p style=\"text-align: justify;\">En el contexto de tiempo libre, existe una disminuci\u00f3n de la poblaci\u00f3n activa f\u00edsicamente (pasando de 26,5% en 2018; a 16,5% en 2024). Sin embargo, aument\u00f3 considerablemente la cantidad de parcialmente activos (pasando de 13,4% a 58,3%), lo que evidencia que los adultos han incorporado minutos actividad f\u00edsica en sus tiempos libres, pero sin alcanzar las recomendaciones m\u00ednimas de OMS. La cantidad de inactivos tambi\u00e9n disminuye considerablemente, pasando de 60,1% a 25,2%, cifra que podr\u00eda explicar el aumento de adultos parcialmente activos.<\/p>\n<p style=\"text-align: justify;\">\u00a0En el contexto de actividad dom\u00e9stica, 3 de cada 10 (33,4%) adultos son inactivos. Asimismo, un 11,2% son activos.<\/p>\n<p style=\"text-align: justify;\">Los contextos de transporte y laboral, muestran una mayor proporci\u00f3n de inactivos que los otros contextos (con un 49,1% y un 55% de inactivos, respectivamente). Adem\u00e1s, 6 de cada 10 adultos (59,5%) indica que en su trabajo no existen medidas de promoci\u00f3n de la actividad f\u00edsica (como campa\u00f1as de concientizaci\u00f3n o pausas activas).<\/p>\n<p style=\"text-align: justify;\">Entre 2015 y 2024, se evidencia un aumento en la participaci\u00f3n en organizaciones deportivas en la regi\u00f3n, pasando 6,5% al 9,5%. Sin embargo, es 2018 se registr\u00f3 un 20,1% de participaci\u00f3n, lo que implica que la medici\u00f3n de 2024 evidencia un retroceso relevante respecto a lo obtenido en 2018. Adem\u00e1s, en 2024, un 9,7% de los adultos indica que le gustar\u00eda participar en una organizaci\u00f3n deportiva.<\/p>\n<p style=\"text-align: justify;\">\u00a0Los adultos de la regi\u00f3n se\u00f1alan que, los deportes que se deber\u00edan promover son: el futbol (14,6%), los deportes al aire libre (12,8%); la nataci\u00f3n (9,7%), y el ciclismo (8,6%). Asimismo, los deportes m\u00e1s practicados son el ciclismo (21,6%), el futbol (14,4%) y zumba (9,6%)<\/p>\n<p style=\"text-align: justify;\"><strong>\u00a0<\/strong><\/p>\n<p style=\"text-align: justify;\"><strong>Factores Asociados a Adultos Activos <\/strong><\/p>\n<p style=\"text-align: justify;\">Dentro de los factores que m\u00e1s influyen en que un adulto sea activo, destaca la valoraci\u00f3n de la importancia de la actividad f\u00edsica; la percepci\u00f3n de que ha aumentado la oferta deportiva dentro de la comuna de residencia y la percepci\u00f3n de que han aumentado los espacios disponibles para practicar actividad f\u00edsica en la comuna de residencia. Los principales motivos para practicar son la salud (24,7%), la entretenci\u00f3n (15,9%) y el relajo (14,6%). Los principales motivos declarados para no practicar actividad f\u00edsica es la falta de tiempo (18,2%) y de motivaci\u00f3n (14,3%).<\/p>\n<p style=\"text-align: justify;\"><strong>\u00bfD\u00f3nde practican actividad f\u00edsica las personas adultas de la regi\u00f3n de Ays\u00e9n? <\/strong><\/p>\n<p style=\"text-align: justify;\">Un 57,9% de los adultos encuestados declara poseer espacios aptos para practicar actividad f\u00edsica a menos de 15 minutos (a pie) de su vivienda. Adem\u00e1s, un 81% de los adultos que posee espacios aptos en sus entornos declara utilizarlos. Los principales motivos de por qu\u00e9 no se utilizan son la inseguridad o presencia de delincuencia (21,8%), y la falta de mantenimiento (14,9%). Por otra parte, los espacios m\u00e1s utilizados por adultos son plazas y parques (29,6%); canchas deportivas (17,9%); y ciclov\u00edas (14,5%).<\/p>\n<p style=\"text-align: justify;\">Para m\u00e1s detalles de la encuesta y resultados, ingresar a <a href=\"https:\/\/www.mindep.cl\/actividades\/noticias\/2426\">https:\/\/www.mindep.cl\/actividades\/noticias\/2426<\/a><\/p>\n<\/div><\/section><\/div><div  style='height:50px' class='hr hr-invisible   avia-builder-el-6  el_after_av_one_full  el_before_av_social_share '><span class='hr-inner ' ><span class='hr-inner-style'><\/span><\/span><\/div><\/p>\n<div  class='av-social-sharing-box  avia-builder-el-7  el_after_av_hr  el_before_av_hr  '><div class='av-share-box'><h5 class='av-share-link-description av-no-toc '>Compartir esta noticia<\/h5><ul class='av-share-box-list noLightbox'><li class='av-share-link av-social-link-facebook' ><a target=\"_blank\" aria-label=\"Compartir en Facebook\" href='https:\/\/www.facebook.com\/sharer.php?u=https:\/\/radiorevelacionfm.cl\/?p=54801&#038;t=Seremi%20del%20Deporte%20da%20a%20conocer%20cifras%20regionales%20de%20la%20Encuesta%20Nacional%20de%20Actividad%20F%C3%ADsica%20y%20Deporte%202024' aria-hidden='false' data-av_icon='\ue8f3' data-av_iconfont='entypo-fontello' title='' data-avia-related-tooltip='Compartir en Facebook' rel=\"noopener\"><span class='avia_hidden_link_text'>Compartir en Facebook<\/span><\/a><\/li><li class='av-share-link av-social-link-twitter' ><a target=\"_blank\" aria-label=\"Compartir en Twitter\" href='https:\/\/twitter.com\/share?text=Seremi%20del%20Deporte%20da%20a%20conocer%20cifras%20regionales%20de%20la%20Encuesta%20Nacional%20de%20Actividad%20F%C3%ADsica%20y%20Deporte%202024&#038;url=https:\/\/radiorevelacionfm.cl\/?p=54801' aria-hidden='false' data-av_icon='\ue8f1' data-av_iconfont='entypo-fontello' title='' data-avia-related-tooltip='Compartir en Twitter' rel=\"noopener\"><span class='avia_hidden_link_text'>Compartir en Twitter<\/span><\/a><\/li><li class='av-share-link av-social-link-whatsapp' ><a target=\"_blank\" aria-label=\"Compartir en Whatsapp\" href='https:\/\/api.whatsapp.com\/send?text=https:\/\/radiorevelacionfm.cl\/?p=54801' aria-hidden='false' data-av_icon='\uf232' data-av_iconfont='entypo-fontello' title='' data-avia-related-tooltip='Compartir en Whatsapp' rel=\"noopener\"><span class='avia_hidden_link_text'>Compartir en Whatsapp<\/span><\/a><\/li><li class='av-share-link av-social-link-linkedin' ><a target=\"_blank\" aria-label=\"Compartir en LinkedIn\" href='https:\/\/linkedin.com\/shareArticle?mini=true&#038;title=Seremi%20del%20Deporte%20da%20a%20conocer%20cifras%20regionales%20de%20la%20Encuesta%20Nacional%20de%20Actividad%20F%C3%ADsica%20y%20Deporte%202024&#038;url=https:\/\/radiorevelacionfm.cl\/?p=54801' aria-hidden='false' data-av_icon='\ue8fc' data-av_iconfont='entypo-fontello' title='' data-avia-related-tooltip='Compartir en LinkedIn' rel=\"noopener\"><span class='avia_hidden_link_text'>Compartir en LinkedIn<\/span><\/a><\/li><li class='av-share-link av-social-link-mail' ><a  aria-label=\"Compartir por correo\" href='mailto:?subject=Seremi%20del%20Deporte%20da%20a%20conocer%20cifras%20regionales%20de%20la%20Encuesta%20Nacional%20de%20Actividad%20F%C3%ADsica%20y%20Deporte%202024&#038;body=https:\/\/radiorevelacionfm.cl\/?p=54801' aria-hidden='false' data-av_icon='\ue805' data-av_iconfont='entypo-fontello' title='' data-avia-related-tooltip='Compartir por correo'><span class='avia_hidden_link_text'>Compartir por correo<\/span><\/a><\/li><\/ul><\/div><\/div>\n<div  style='height:50px' class='hr hr-invisible   avia-builder-el-8  el_after_av_social_share  el_before_av_comments_list '><span class='hr-inner ' ><span class='hr-inner-style'><\/span><\/span><\/div>\n<div  class='av-buildercomment  av-blog-meta-html-info-disabled av-blog-meta-tag-disabled  '><\/div>\n","protected":false},"excerpt":{"rendered":"","protected":false},"author":1,"featured_media":54802,"comment_status":"closed","ping_status":"closed","sticky":false,"template":"","format":"standard","meta":{"footnotes":""},"categories":[40],"tags":[],"class_list":["post-54801","post","type-post","status-publish","format-standard","has-post-thumbnail","hentry","category-deportes"],"jetpack_featured_media_url":"https:\/\/radiorevelacionfm.cl\/wp-content\/uploads\/2025\/06\/AF-2-1-1.jpg","_links":{"self":[{"href":"https:\/\/radiorevelacionfm.cl\/index.php?rest_route=\/wp\/v2\/posts\/54801","targetHints":{"allow":["GET"]}}],"collection":[{"href":"https:\/\/radiorevelacionfm.cl\/index.php?rest_route=\/wp\/v2\/posts"}],"about":[{"href":"https:\/\/radiorevelacionfm.cl\/index.php?rest_route=\/wp\/v2\/types\/post"}],"author":[{"embeddable":true,"href":"https:\/\/radiorevelacionfm.cl\/index.php?rest_route=\/wp\/v2\/users\/1"}],"replies":[{"embeddable":true,"href":"https:\/\/radiorevelacionfm.cl\/index.php?rest_route=%2Fwp%2Fv2%2Fcomments&post=54801"}],"version-history":[{"count":2,"href":"https:\/\/radiorevelacionfm.cl\/index.php?rest_route=\/wp\/v2\/posts\/54801\/revisions"}],"predecessor-version":[{"id":54817,"href":"https:\/\/radiorevelacionfm.cl\/index.php?rest_route=\/wp\/v2\/posts\/54801\/revisions\/54817"}],"wp:featuredmedia":[{"embeddable":true,"href":"https:\/\/radiorevelacionfm.cl\/index.php?rest_route=\/wp\/v2\/media\/54802"}],"wp:attachment":[{"href":"https:\/\/radiorevelacionfm.cl\/index.php?rest_route=%2Fwp%2Fv2%2Fmedia&parent=54801"}],"wp:term":[{"taxonomy":"category","embeddable":true,"href":"https:\/\/radiorevelacionfm.cl\/index.php?rest_route=%2Fwp%2Fv2%2Fcategories&post=54801"},{"taxonomy":"post_tag","embeddable":true,"href":"https:\/\/radiorevelacionfm.cl\/index.php?rest_route=%2Fwp%2Fv2%2Ftags&post=54801"}],"curies":[{"name":"wp","href":"https:\/\/api.w.org\/{rel}","templated":true}]}}