{"id":54798,"date":"2025-06-03T20:44:06","date_gmt":"2025-06-03T23:44:06","guid":{"rendered":"https:\/\/radiorevelacionfm.cl\/?p=54798"},"modified":"2025-06-03T20:44:06","modified_gmt":"2025-06-03T23:44:06","slug":"fiscalia-alerta-sobre-aumento-exponencial-de-droga-incautada-y-refuerza-combate-al-narcotrafico-en-trabajo-conjunto-con-carabineros-pdi-armada-y-aduanas","status":"publish","type":"post","link":"https:\/\/radiorevelacionfm.cl\/?p=54798","title":{"rendered":"Fiscal\u00eda alerta sobre aumento exponencial de droga incautada y refuerza combate al narcotr\u00e1fico en trabajo conjunto con Carabineros, PDI, Armada y Aduanas"},"content":{"rendered":"<div class=\"flex_column av_one_full  flex_column_div av-zero-column-padding first  avia-builder-el-0  el_before_av_one_full  avia-builder-el-first  \" style='border-radius:0px; '><div  class='avia-image-container  av-styling-    avia-builder-el-1  avia-builder-el-no-sibling  avia-align-center '  itemprop=\"image\" itemscope=\"itemscope\" itemtype=\"https:\/\/schema.org\/ImageObject\"  ><div class='avia-image-container-inner'><div class='avia-image-overlay-wrap'><img decoding=\"async\" class='wp-image-54799 avia-img-lazy-loading-not-54799 avia_image' src=\"https:\/\/radiorevelacionfm.cl\/wp-content\/uploads\/2025\/06\/1-2025-06-03T191942.881-1-1.jpg\" alt='' title='1 - 2025-06-03T191942.881 (1) (1)' height=\"600\" width=\"900\"  itemprop=\"thumbnailUrl\" srcset=\"https:\/\/radiorevelacionfm.cl\/wp-content\/uploads\/2025\/06\/1-2025-06-03T191942.881-1-1.jpg 900w, https:\/\/radiorevelacionfm.cl\/wp-content\/uploads\/2025\/06\/1-2025-06-03T191942.881-1-1-300x200.jpg 300w, https:\/\/radiorevelacionfm.cl\/wp-content\/uploads\/2025\/06\/1-2025-06-03T191942.881-1-1-768x512.jpg 768w, https:\/\/radiorevelacionfm.cl\/wp-content\/uploads\/2025\/06\/1-2025-06-03T191942.881-1-1-705x470.jpg 705w, https:\/\/radiorevelacionfm.cl\/wp-content\/uploads\/2025\/06\/1-2025-06-03T191942.881-1-1-450x300.jpg 450w, https:\/\/radiorevelacionfm.cl\/wp-content\/uploads\/2025\/06\/1-2025-06-03T191942.881-1-1-600x400.jpg 600w\" sizes=\"(max-width: 900px) 100vw, 900px\" \/><\/div><\/div><\/div><\/div><div class=\"flex_column av_one_full  flex_column_div av-zero-column-padding first  avia-builder-el-2  el_after_av_one_full  el_before_av_one_full  column-top-margin\" style='border-radius:0px; '><section class=\"av_textblock_section \"  itemscope=\"itemscope\" itemtype=\"https:\/\/schema.org\/BlogPosting\" itemprop=\"blogPost\" ><div class='avia_textblock  '   itemprop=\"text\" ><p style=\"text-align: center;\"><span style=\"font-size: 18pt;\"><b>Fiscal\u00eda alerta sobre aumento exponencial de droga incautada y refuerza combate al narcotr\u00e1fico en trabajo conjunto con Carabineros, PDI, Armada y Aduanas<\/b><\/span><\/p>\n<div id=\"gtx-trans\" style=\"position: absolute; left: -50px; top: 4.31534px;\">\n<div class=\"gtx-trans-icon\"><\/div>\n<\/div>\n<\/div><\/section><\/div><div class=\"flex_column av_one_full  flex_column_div av-zero-column-padding first  avia-builder-el-4  el_after_av_one_full  el_before_av_hr  column-top-margin\" style='border-radius:0px; '><section class=\"av_textblock_section \"  itemscope=\"itemscope\" itemtype=\"https:\/\/schema.org\/BlogPosting\" itemprop=\"blogPost\" ><div class='avia_textblock  '   itemprop=\"text\" ><p class=\"v1MsoNormal\" style=\"text-align: justify;\"><em>Decomisos de coca\u00edna y marihuana aumentaron en un 100% en relaci\u00f3n al a\u00f1o pasado.<\/em><\/p>\n<p class=\"v1MsoNormal\" style=\"text-align: justify;\">El Fiscal Regional (s), Jos\u00e9 Moris, en conjunto con autoridades de las distintas instituciones que participan en el combate contra las drogas, se refirieron al minucioso trabajo efectuado en esta materia.<\/p>\n<p class=\"v1MsoNormal\" style=\"text-align: justify;\">Un significativo aumento en la cantidad de droga decomisada en lo que va del a\u00f1o 2025, en relaci\u00f3n a lo ocurrido el a\u00f1o pasado, se registr\u00f3 en la regi\u00f3n de Ays\u00e9n, lo que refleja una intensificaci\u00f3n del trabajo investigativo y operativo en la zona por parte de las polic\u00edas en coordinaci\u00f3n con la Unidad de Drogas del Ministerio P\u00fablico. As\u00ed lo inform\u00f3 el Fiscal Regional (s), Jos\u00e9 Moris, en di\u00e1logo con los medios de comunicaci\u00f3n.<\/p>\n<p class=\"v1MsoNormal\" style=\"text-align: justify;\">En la \u00faltima d\u00e9cada los decomisos por tr\u00e1fico il\u00edcito de sustancias estupefacientes se han multiplicado por 10 en la Regi\u00f3n de Ays\u00e9n y el microtr\u00e1fico casi se ha triplicado.<\/p>\n<p class=\"v1MsoNormal\" style=\"text-align: justify;\">\u201cEl trabajo mancomunado de las instituciones que estamos aqu\u00ed, sumados al nuevo Ministerio de Seguridad P\u00fablica, precisamente implica que se est\u00e1 trabajando de manera sostenida para que la regi\u00f3n est\u00e9 lo m\u00e1s libre posible de drogas\u201d, coment\u00f3 el fiscal Moris. Para ello, a\u00f1adi\u00f3, se est\u00e1n \u201crealizando controles sistem\u00e1ticos, constantes, en los distintos puntos de acceso a la regi\u00f3n y al mismo tiempo con diversas investigaciones\u201d.<\/p>\n<p class=\"v1MsoNormal\" style=\"text-align: justify;\">CIFRAS<\/p>\n<p class=\"v1MsoNormal\" style=\"text-align: justify;\">Seg\u00fan cifras de las instituciones involucradas en la investigaci\u00f3n y persecuci\u00f3n penal de este delito, en el primer semestre del a\u00f1o 2025 se han decomisado m\u00e1s de 81 kilos de distintas sustancias il\u00edcitas, m\u00e1s del doble de lo incautado durante todo el a\u00f1o 2024, periodo en el que salieron de circulaci\u00f3n 40 kilos de droga.<\/p>\n<p class=\"v1MsoNormal\" style=\"text-align: justify;\">Se trata principalmente de clorhidrato de coca\u00edna y marihuana elaborada, las cuales fueron decomisadas gracias al trabajo de la SIP y el OS-7 de Carabineros, la Brigada Antinarc\u00f3ticos y Contra el Crimen Organizado de Coyhaique (BRIANCO) y el Modelo Territorial Cero (MT0) de Puerto Ays\u00e9n de la PDI y personal de la Gobernaci\u00f3n Mar\u00edtima de Ays\u00e9n.<\/p>\n<p class=\"v1MsoNormal\" style=\"text-align: justify;\">En espec\u00edfico, lo decomisado durante el a\u00f1o 2025 en un trabajo conjunto con Carabineros, PDI, Armada y Aduanas, incluye una incautaci\u00f3n superior a los 81 kilos de drogas, incluyendo m\u00e1s de 42 kilos de marihuana y m\u00e1s de 39 kilos de clorhidrato de coca\u00edna.<\/p>\n<p class=\"v1MsoNormal\" style=\"text-align: justify;\">Tambi\u00e9n el trabajo de todas las instituciones ha posibilitado la incautaci\u00f3n de distintas cantidades de coca\u00edna base, ketamina, \u201ctusi\u201d o coca\u00edna rosa, hongos alucin\u00f3genos, plantas de cannabis, vaporizadores contenedores de THC, unidades de \u00e9xtasis y f\u00e1rmacos, los cuales han sido sacados de circulaci\u00f3n en distintos procedimientos en la Regi\u00f3n de Ays\u00e9n.<\/p>\n<p class=\"v1MsoNormal\" style=\"text-align: justify;\">AUTORIDADES<\/p>\n<p class=\"v1MsoNormal\" style=\"text-align: justify;\">Sobre este aumento en las incautaciones, la seremi de Seguridad P\u00fablica, Ruth Vallejos, manifest\u00f3 que \u201cac\u00e1 hay m\u00e1s del doble de la droga incautada el a\u00f1o pasado. Esto nos habla no solamente de un trabajo coordinado y eficaz, sino tambi\u00e9n de un trabajo m\u00e1s especializado\u201d.<\/p>\n<p class=\"v1MsoNormal\" style=\"text-align: justify;\">La autoridad dijo adem\u00e1s que \u201cno solamente se est\u00e1 apuntando con estas incautaciones al vendedor, sino que tambi\u00e9n a las organizaciones mismas que est\u00e1n asolando nuestra regi\u00f3n y estamos atentos a la lucha contra el crimen\u201d.<\/p>\n<p class=\"v1MsoNormal\" style=\"text-align: justify;\">Por su parte el Jefe de Zona de Carabineros Ays\u00e9n, General Eduardo Palma, expres\u00f3 que \u201chemos doblado ya la cantidad de decomisos, inclusive por parte de Carabineros, donde el a\u00f1o pasado a la fecha no super\u00e1bamos los 14 kilos anuales y este a\u00f1o todav\u00eda estamos a mitad de a\u00f1o y ya llevamos 41 kilos de diferente droga\u201d.<\/p>\n<p class=\"v1MsoNormal\" style=\"text-align: justify;\">El General Palma reflexion\u00f3 en torno a esta situaci\u00f3n. \u201c\u00bfQu\u00e9 llama la atenci\u00f3n ac\u00e1? Y esto tambi\u00e9n es un mensaje de prevenci\u00f3n para los padres o sostenedores de ni\u00f1os, ni\u00f1as y adolescentes que tambi\u00e9n la droga rosa o la coca\u00edna rosa llamada tusi, est\u00e1 llegando ac\u00e1 a la regi\u00f3n y ha habido decomisos de esta droga famosa tusi que, en la zona central, por ejemplo, ha ido desplazando el consumo de coca\u00edna en los j\u00f3venes\u201d.<\/p>\n<p class=\"v1MsoNormal\" style=\"text-align: justify;\">En tanto el jefe de la Regi\u00f3n Policial Ays\u00e9n, prefecto inspector Javier Valenzuela, manifest\u00f3 que \u201cnosotros nos hemos enfocado en realizar investigaciones integrales, que abarquen los tres estamentos del tr\u00e1fico de droga\u201d. En ese sentido, se refiri\u00f3 al tr\u00e1fico en peque\u00f1as cantidades en las calles, luego la cadena media con distribuidores y \u201clos proveedores finales que est\u00e1n por lo general en Santiago o en norte del pa\u00eds. Adem\u00e1s, sumamos un componente extra que este a\u00f1o por primera vez logramos desarticular una organizaci\u00f3n criminal y anularla completamente en su parte financiera\u201d.<\/p>\n<p class=\"v1MsoNormal\" style=\"text-align: justify;\">Sobre este \u00faltimo punto, el jefe policial dijo que se trata de una investigaci\u00f3n profunda, \u201cdonde se acredit\u00f3 el env\u00edo de dinero ganado ac\u00e1 en la regi\u00f3n, fruto del tr\u00e1fico de droga que era enviado a Santiago, incluso al extranjero\u201d.<\/p>\n<p class=\"v1MsoNormal\" style=\"text-align: justify;\">A su vez el Director Regional de Aduanas, Ra\u00fal Pizarro, expres\u00f3 que \u201cnosotros estamos en un proceso permanente de capacitaci\u00f3n y formaci\u00f3n de nuestros equipos y efectivamente nosotros tenemos equipos especializados\u201d. Sobre ese punto, el Director Regional de Aduanas precis\u00f3 que \u201chay un equipo de inteligencia. Hay un equipo experto en diferentes materias y entre otras est\u00e1 la relacionada con drogas y estupefacientes y otros. Hay equipos tambi\u00e9n que hemos adquirido y algunos que est\u00e1n en camino, que estamos consiguiendo con las autoridades locales, para efectos de ir cada vez suplementando y complementando nuestras capacidades de detecci\u00f3n de estos elementos, que muchas veces son dif\u00edciles, vienen ocultos, no vienen a la vista de todos\u201d.<\/p>\n<p class=\"v1MsoNormal\" style=\"text-align: justify;\">TRABAJO SISTEM\u00c1TICO<\/p>\n<p class=\"v1MsoNormal\" style=\"text-align: justify;\">El incremento es de tal magnitud que, en el a\u00f1o 2019, las incautaciones totales de droga llegaban solo a los 7 kilos de estas sustancias en Ays\u00e9n. Estos primeros 5 meses del a\u00f1o 2025, los decomisos superan los 81 kilos de distintas drogas.<\/p>\n<p class=\"v1MsoNormal\" style=\"text-align: justify;\">Este positivo resultado en los decomisos es fruto de un trabajo sistem\u00e1tico liderado por la Unidad de Drogas de la Fiscal\u00eda Regional de Ays\u00e9n, en conjunto con las Unidades Especializadas de Carabineros, PDI, Armada y Aduanas, la cuales han buscado profundizar las investigaciones complejas asociadas al narcotr\u00e1fico, la delincuencia organizada y sus v\u00ednculos econ\u00f3micos.<\/p>\n<p class=\"v1MsoNormal\" style=\"text-align: justify;\">La creaci\u00f3n de la Unidad Especializada de Drogas de la Fiscal\u00eda Regional, en el a\u00f1o 2020, ha sido una innovaci\u00f3n clave. Con un enfoque regional y anal\u00edtico, se ha logrado fortalecer la persecuci\u00f3n, la cual ha visto crecer las causas por tr\u00e1fico de drogas 10 veces en la \u00faltima d\u00e9cada, lo cual tiene su correlato en un aumento exponencial de las de sustancias il\u00edcitas incautadas.<\/p>\n<p class=\"v1MsoNormal\" style=\"text-align: justify;\">\u201cHemos intensificado nuestro trabajo, coordinando recursos humanos y t\u00e9cnicos de ambas polic\u00edas, de forma focalizada. Este aumento en las incautaciones es resultado de una pol\u00edtica activa de persecuci\u00f3n penal estrat\u00e9gica\u201d, indic\u00f3 el Fiscal Regional (s) Jos\u00e9 Moris.<\/p>\n<p class=\"v1MsoNormal\" style=\"text-align: justify;\">CADENA DE TR\u00c1FICO<\/p>\n<p class=\"v1MsoNormal\" style=\"text-align: justify;\">M\u00e1s all\u00e1 de las incautaciones, la Fiscal\u00eda de Ays\u00e9n ha puesto \u00e9nfasis en la persecuci\u00f3n de toda la cadena criminal del narcotr\u00e1fico, incluyendo a los proveedores, redes de distribuci\u00f3n y financiamiento.<\/p>\n<p class=\"v1MsoNormal\" style=\"text-align: justify;\">En este marco, el Ministerio P\u00fablico trabaja de forma permanente con las unidades especializadas de Carabineros y de la Polic\u00eda de Investigaciones (PDI), incluyendo la Unidad BRILAC de Lavado de Activos de la PDI, instalada en mayo del a\u00f1o pasado en Coyhaique. Esta unidad permite profundizar en una segunda l\u00ednea investigativa, que apunta al desmantelamiento financiero de las bandas delictuales, identificando bienes, propiedades y movimientos bancarios que permiten sostener sus operaciones.<\/p>\n<p class=\"v1MsoNormal\" style=\"text-align: justify;\">\u201cEl crimen organizado no solo incluye el combate a las drogas. Detr\u00e1s de cada tr\u00e1fico hay dinero, propiedades, cuentas ocultas. Por eso el trabajo con BRILAC es fundamental. Conocer la trazabilidad del dinero permite llegar a los verdaderos cabecillas y cortar el negocio desde su base econ\u00f3mica\u201d, agreg\u00f3 Jos\u00e9 Moris.<\/p>\n<p class=\"v1MsoNormal\" style=\"text-align: justify;\">COORDINACI\u00d3N INTERINSTITUCIONAL<\/p>\n<p class=\"v1MsoNormal\" style=\"text-align: justify;\">La pol\u00edtica de la Fiscal\u00eda Regional de Ays\u00e9n ha sido establecer una mesa de trabajo permanente con ambas polic\u00edas y otras entidades del Estado, con reuniones peri\u00f3dicas de coordinaci\u00f3n y an\u00e1lisis criminal, lo que ha facilitado allanamientos, vigilancia, seguimiento financiero y \u00f3rdenes de investigar espec\u00edficas que han permitido golpes certeros contra redes delictuales, como el registrado hace pocos d\u00edas donde la SIP de Carabineros de Puerto Ays\u00e9n y el OS-7 desbarataron un laboratorio de abultamiento de drogas, espec\u00edficamente clorhidrato de coca\u00edna, siendo decomisados m\u00e1s de 20 kilos del citado estupefaciente y m\u00e1s de 1 kilo de marihuana, lo cual representa un aval\u00fao cercano a los 475 millones de pesos.<\/p>\n<p class=\"v1MsoNormal\" style=\"text-align: justify;\">A lo anterior se suma el caso por lavado de activos, donde -en una investigaci\u00f3n sin precedentes en la Regi\u00f3n de Ays\u00e9n-, la Fiscal\u00eda formaliz\u00f3 a seis personas, obteniendo la prisi\u00f3n preventiva para cuatro de ellos. El operativo se enmarca en una indagatoria de largo aliento entre la Unidad de Drogas de la Fiscal\u00eda Regional de Ays\u00e9n y la PDI, cuyos funcionarios desarrollaron un trabajo met\u00f3dico durante varios meses.<\/p>\n<p class=\"v1MsoNormal\" style=\"text-align: justify;\">La causa permiti\u00f3 establecer que m\u00e1s de $100 millones de pesos fueron lavados mediante diversas cuentas bancarias, siendo parte de estos fondos utilizados para la compra de un veh\u00edculo, gastos recurrentes en el comercio y pagos a facilitadores.<\/p>\n<p class=\"v1MsoNormal\" style=\"text-align: justify;\">PERSECUCI\u00d3N ESTRAT\u00c9GICA<\/p>\n<p class=\"v1MsoNormal\" style=\"text-align: justify;\">\u201cNo solo nos interesa detener a quien transporta un paquete de droga. Nuestro foco est\u00e1 en identificar a quienes financian, organizan y lucran con este delito, y quitarles las herramientas econ\u00f3micas y log\u00edsticas para operar. Un verdadero combate contra el narcotr\u00e1fico debe incluir todas sus dimensiones\u201d, manifest\u00f3 el fiscal Moris.<\/p>\n<p class=\"v1MsoNormal\" style=\"text-align: justify;\">Las cifras de la Fiscal\u00eda demuestran que el tr\u00e1fico de drogas se ha consolidado como la principal actividad del crimen organizado en nuestra regi\u00f3n, una amenaza silenciosa que pone en riesgo la seguridad de nuestra comunidad. Para enfrentar esta situaci\u00f3n, el Ministerio P\u00fablico sigue trabajando arduamente junto a Carabineros, PDI, Armada y Aduanas, con lo cual se ha logrado doblar la cantidad de decomisos de droga respecto del a\u00f1o anterior.<\/p>\n<\/div><\/section><\/div><div  style='height:50px' class='hr hr-invisible   avia-builder-el-6  el_after_av_one_full  el_before_av_social_share '><span class='hr-inner ' ><span class='hr-inner-style'><\/span><\/span><\/div><\/p>\n<div  class='av-social-sharing-box  avia-builder-el-7  el_after_av_hr  el_before_av_hr  '><div class='av-share-box'><h5 class='av-share-link-description av-no-toc '>Compartir esta noticia<\/h5><ul class='av-share-box-list noLightbox'><li class='av-share-link av-social-link-facebook' ><a target=\"_blank\" aria-label=\"Compartir en Facebook\" href='https:\/\/www.facebook.com\/sharer.php?u=https:\/\/radiorevelacionfm.cl\/?p=54798&#038;t=Fiscal%C3%ADa%20alerta%20sobre%20aumento%20exponencial%20de%20droga%20incautada%20y%20refuerza%20combate%20al%20narcotr%C3%A1fico%20en%20trabajo%20conjunto%20con%20Carabineros%2C%20PDI%2C%20Armada%20y%20Aduanas' aria-hidden='false' data-av_icon='\ue8f3' data-av_iconfont='entypo-fontello' title='' data-avia-related-tooltip='Compartir en Facebook' rel=\"noopener\"><span class='avia_hidden_link_text'>Compartir en Facebook<\/span><\/a><\/li><li class='av-share-link av-social-link-twitter' ><a target=\"_blank\" aria-label=\"Compartir en Twitter\" href='https:\/\/twitter.com\/share?text=Fiscal%C3%ADa%20alerta%20sobre%20aumento%20exponencial%20de%20droga%20incautada%20y%20refuerza%20combate%20al%20narcotr%C3%A1fico%20en%20trabajo%20conjunto%20con%20Carabineros%2C%20PDI%2C%20Armada%20y%20Aduanas&#038;url=https:\/\/radiorevelacionfm.cl\/?p=54798' aria-hidden='false' data-av_icon='\ue8f1' data-av_iconfont='entypo-fontello' title='' data-avia-related-tooltip='Compartir en Twitter' rel=\"noopener\"><span class='avia_hidden_link_text'>Compartir en Twitter<\/span><\/a><\/li><li class='av-share-link av-social-link-whatsapp' ><a target=\"_blank\" aria-label=\"Compartir en Whatsapp\" href='https:\/\/api.whatsapp.com\/send?text=https:\/\/radiorevelacionfm.cl\/?p=54798' aria-hidden='false' data-av_icon='\uf232' data-av_iconfont='entypo-fontello' title='' data-avia-related-tooltip='Compartir en Whatsapp' rel=\"noopener\"><span class='avia_hidden_link_text'>Compartir en Whatsapp<\/span><\/a><\/li><li class='av-share-link av-social-link-linkedin' ><a target=\"_blank\" aria-label=\"Compartir en LinkedIn\" href='https:\/\/linkedin.com\/shareArticle?mini=true&#038;title=Fiscal%C3%ADa%20alerta%20sobre%20aumento%20exponencial%20de%20droga%20incautada%20y%20refuerza%20combate%20al%20narcotr%C3%A1fico%20en%20trabajo%20conjunto%20con%20Carabineros%2C%20PDI%2C%20Armada%20y%20Aduanas&#038;url=https:\/\/radiorevelacionfm.cl\/?p=54798' aria-hidden='false' data-av_icon='\ue8fc' data-av_iconfont='entypo-fontello' title='' data-avia-related-tooltip='Compartir en LinkedIn' rel=\"noopener\"><span class='avia_hidden_link_text'>Compartir en LinkedIn<\/span><\/a><\/li><li class='av-share-link av-social-link-mail' ><a  aria-label=\"Compartir por correo\" href='mailto:?subject=Fiscal%C3%ADa%20alerta%20sobre%20aumento%20exponencial%20de%20droga%20incautada%20y%20refuerza%20combate%20al%20narcotr%C3%A1fico%20en%20trabajo%20conjunto%20con%20Carabineros%2C%20PDI%2C%20Armada%20y%20Aduanas&#038;body=https:\/\/radiorevelacionfm.cl\/?p=54798' aria-hidden='false' data-av_icon='\ue805' data-av_iconfont='entypo-fontello' title='' data-avia-related-tooltip='Compartir por correo'><span class='avia_hidden_link_text'>Compartir por correo<\/span><\/a><\/li><\/ul><\/div><\/div>\n<div  style='height:50px' class='hr hr-invisible   avia-builder-el-8  el_after_av_social_share  el_before_av_comments_list '><span class='hr-inner ' ><span class='hr-inner-style'><\/span><\/span><\/div>\n<div  class='av-buildercomment  av-blog-meta-html-info-disabled av-blog-meta-tag-disabled  '><\/div>\n","protected":false},"excerpt":{"rendered":"","protected":false},"author":1,"featured_media":54799,"comment_status":"closed","ping_status":"closed","sticky":false,"template":"","format":"standard","meta":{"footnotes":""},"categories":[36],"tags":[],"class_list":["post-54798","post","type-post","status-publish","format-standard","has-post-thumbnail","hentry","category-policial"],"jetpack_featured_media_url":"https:\/\/radiorevelacionfm.cl\/wp-content\/uploads\/2025\/06\/1-2025-06-03T191942.881-1-1.jpg","_links":{"self":[{"href":"https:\/\/radiorevelacionfm.cl\/index.php?rest_route=\/wp\/v2\/posts\/54798","targetHints":{"allow":["GET"]}}],"collection":[{"href":"https:\/\/radiorevelacionfm.cl\/index.php?rest_route=\/wp\/v2\/posts"}],"about":[{"href":"https:\/\/radiorevelacionfm.cl\/index.php?rest_route=\/wp\/v2\/types\/post"}],"author":[{"embeddable":true,"href":"https:\/\/radiorevelacionfm.cl\/index.php?rest_route=\/wp\/v2\/users\/1"}],"replies":[{"embeddable":true,"href":"https:\/\/radiorevelacionfm.cl\/index.php?rest_route=%2Fwp%2Fv2%2Fcomments&post=54798"}],"version-history":[{"count":2,"href":"https:\/\/radiorevelacionfm.cl\/index.php?rest_route=\/wp\/v2\/posts\/54798\/revisions"}],"predecessor-version":[{"id":54816,"href":"https:\/\/radiorevelacionfm.cl\/index.php?rest_route=\/wp\/v2\/posts\/54798\/revisions\/54816"}],"wp:featuredmedia":[{"embeddable":true,"href":"https:\/\/radiorevelacionfm.cl\/index.php?rest_route=\/wp\/v2\/media\/54799"}],"wp:attachment":[{"href":"https:\/\/radiorevelacionfm.cl\/index.php?rest_route=%2Fwp%2Fv2%2Fmedia&parent=54798"}],"wp:term":[{"taxonomy":"category","embeddable":true,"href":"https:\/\/radiorevelacionfm.cl\/index.php?rest_route=%2Fwp%2Fv2%2Fcategories&post=54798"},{"taxonomy":"post_tag","embeddable":true,"href":"https:\/\/radiorevelacionfm.cl\/index.php?rest_route=%2Fwp%2Fv2%2Ftags&post=54798"}],"curies":[{"name":"wp","href":"https:\/\/api.w.org\/{rel}","templated":true}]}}