{"id":5479,"date":"2021-06-21T12:25:34","date_gmt":"2021-06-21T15:25:34","guid":{"rendered":"https:\/\/radiorevelacionfm.cl\/?p=5479"},"modified":"2021-06-21T12:25:34","modified_gmt":"2021-06-21T15:25:34","slug":"cisnes-y-lago-verde-fueron-los-primeros-destinos-del-despliegue-por-ife-universal","status":"publish","type":"post","link":"https:\/\/radiorevelacionfm.cl\/?p=5479","title":{"rendered":"Cisnes y Lago Verde fueron los primeros destinos del despliegue por IFE Universal"},"content":{"rendered":"<div class=\"flex_column av_one_full  flex_column_div av-zero-column-padding first  avia-builder-el-0  el_before_av_one_full  avia-builder-el-first  \" style='border-radius:0px; '><div  class='avia-image-container  av-styling-    avia-builder-el-1  avia-builder-el-no-sibling  avia-align-center '  itemprop=\"image\" itemscope=\"itemscope\" itemtype=\"https:\/\/schema.org\/ImageObject\"  ><div class='avia-image-container-inner'><div class='avia-image-overlay-wrap'><img decoding=\"async\" class='wp-image-5480 avia-img-lazy-loading-not-5480 avia_image' src=\"https:\/\/radiorevelacionfm.cl\/wp-content\/uploads\/2021\/06\/Despliegue-IFE2-1-1.jpg\" alt='' title='Despliegue IFE2 (1) (1)' height=\"600\" width=\"1141\"  itemprop=\"thumbnailUrl\" srcset=\"https:\/\/radiorevelacionfm.cl\/wp-content\/uploads\/2021\/06\/Despliegue-IFE2-1-1.jpg 1141w, https:\/\/radiorevelacionfm.cl\/wp-content\/uploads\/2021\/06\/Despliegue-IFE2-1-1-300x158.jpg 300w, https:\/\/radiorevelacionfm.cl\/wp-content\/uploads\/2021\/06\/Despliegue-IFE2-1-1-1030x542.jpg 1030w, https:\/\/radiorevelacionfm.cl\/wp-content\/uploads\/2021\/06\/Despliegue-IFE2-1-1-768x404.jpg 768w, https:\/\/radiorevelacionfm.cl\/wp-content\/uploads\/2021\/06\/Despliegue-IFE2-1-1-705x371.jpg 705w, https:\/\/radiorevelacionfm.cl\/wp-content\/uploads\/2021\/06\/Despliegue-IFE2-1-1-600x316.jpg 600w\" sizes=\"(max-width: 1141px) 100vw, 1141px\" \/><\/div><\/div><\/div><\/div><div class=\"flex_column av_one_full  flex_column_div av-zero-column-padding first  avia-builder-el-2  el_after_av_one_full  el_before_av_one_full  column-top-margin\" style='border-radius:0px; '><section class=\"av_textblock_section \"  itemscope=\"itemscope\" itemtype=\"https:\/\/schema.org\/BlogPosting\" itemprop=\"blogPost\" ><div class='avia_textblock  '   itemprop=\"text\" ><p style=\"text-align: center;\"><strong><span style=\"font-size: 18pt;\">Cisnes y Lago Verde fueron los primeros destinos del despliegue por IFE Universal <\/span><\/strong><\/p>\n<div id=\"gtx-trans\" style=\"position: absolute; left: -50px; top: 4.31534px;\">\n<div class=\"gtx-trans-icon\"><\/div>\n<\/div>\n<\/div><\/section><\/div><div class=\"flex_column av_one_full  flex_column_div av-zero-column-padding first  avia-builder-el-4  el_after_av_one_full  el_before_av_hr  column-top-margin\" style='border-radius:0px; '><section class=\"av_textblock_section \"  itemscope=\"itemscope\" itemtype=\"https:\/\/schema.org\/BlogPosting\" itemprop=\"blogPost\" ><div class='avia_textblock  '   itemprop=\"text\" ><p style=\"text-align: justify;\">Reuniones de coordinaci\u00f3n con alcaldes y equipos municipales, m\u00e1s la difusi\u00f3n del beneficio y sobre sus nuevos plazos de postulaci\u00f3n, como el refuerzo de la inscripci\u00f3n y actualizaci\u00f3n del Registro Social de Hogares fueron las principales aristas de la misi\u00f3n de la cartera, que se alista para enfrentar un nuevo per\u00edodo de solicitud que comienza este lunes 21 de junio.<\/p>\n<p style=\"text-align: justify;\"><span id=\"more-88132\"><\/span>Las comunas del extremo norte de Ays\u00e9n fueron los primeros destinos del Seremi Marcelo J\u00e9lvez y del Jefe del Departamento Regional de Desarrollo Social y Familia Sebasti\u00e1n Barra, quienes iniciaron su periplo por la regi\u00f3n comenzando por Cisnes y Lago Verde.<\/p>\n<p style=\"text-align: justify;\">\u201cLo principal radic\u00f3 en coordinarnos con los alcaldes Roncagliolo y Opazo, m\u00e1s sus equipos municipales para afrontar el nuevo per\u00edodo de postulaci\u00f3n que inicia el lunes y se extiende hasta el mi\u00e9rcoles 30 de junio. Sabemos que por primera vez el alcance del Ingreso Familiar de Emergencia Universal llegar\u00e1 al 100% del Registro Social de Hogares y en el \u00faltimo tramo, del 91 al 100, quienes tengan un per c\u00e1pita menor o igual a 800 mil pesos podr\u00e1n ser parte del beneficio. Asimismo, tambi\u00e9n informamos que quienes no cobraron presencialmente sus importes del IFE al 31 de diciembre de 2020 hoy podr\u00e1n acceder a esos recursos, situaci\u00f3n que afect\u00f3 a 120 mil hogares a nivel nacional\u201d, explic\u00f3 el Seremi Marcelo J\u00e9lvez.<\/p>\n<p style=\"text-align: justify;\">\u201cOtro de los puntos clave ha sido destacar que quienes no pertenezcan al Registro Social de Hogares y que se encuentren en proceso de obtenerlo tambi\u00e9n pueden solicitar el IFE Universal. Por ello es important\u00edsimo hacer estas coordinaciones y desplegarse por el territorio, porque quienes viven en zona con escasa o nula conectividad deben enterarse y es parte de nuestro deber que ellos puedan acceder al Ingreso Familiar de Emergencia\u201d, comunic\u00f3 Sebasti\u00e1n Barra, de Desarrollo Social y Familia.<\/p>\n<p style=\"text-align: justify;\">En tanto, desde la cartera ya han organizado con todos los servicios del Gabinete Regional para que asistan a sus usuarios y entregan la informaci\u00f3n pertinente. Ya se han planificado con las cabeceras provinciales y con Minagri que ha puesto especial acento en los habitantes de las zonas rurales de la regi\u00f3n.<\/p>\n<p style=\"text-align: justify;\">A nivel pa\u00eds el IFE Universal es un beneficio que van a aumentar incluso m\u00e1s all\u00e1 de la l\u00ednea de la pobreza, esperando llegar a m\u00e1s de 15 millones de potenciales beneficiarios. Los hogares, hoy d\u00eda, son cerca de 5.7 millones de manera autom\u00e1tica, y se aspira llegar a m\u00e1s de 7.2 millones de hogares que son los que est\u00e1n dentro del Registro Social de Hogares.<\/p>\n<\/div><\/section><\/div><div  style='height:50px' class='hr hr-invisible   avia-builder-el-6  el_after_av_one_full  el_before_av_social_share '><span class='hr-inner ' ><span class='hr-inner-style'><\/span><\/span><\/div><\/p>\n<div  class='av-social-sharing-box  avia-builder-el-7  el_after_av_hr  el_before_av_hr  '><div class='av-share-box'><h5 class='av-share-link-description av-no-toc '>Compartir esta noticia<\/h5><ul class='av-share-box-list noLightbox'><li class='av-share-link av-social-link-facebook' ><a target=\"_blank\" aria-label=\"Compartir en Facebook\" href='https:\/\/www.facebook.com\/sharer.php?u=https:\/\/radiorevelacionfm.cl\/?p=5479&#038;t=Cisnes%20y%20Lago%20Verde%20fueron%20los%20primeros%20destinos%20del%20despliegue%20por%20IFE%20Universal' aria-hidden='false' data-av_icon='\ue8f3' data-av_iconfont='entypo-fontello' title='' data-avia-related-tooltip='Compartir en Facebook' rel=\"noopener\"><span class='avia_hidden_link_text'>Compartir en Facebook<\/span><\/a><\/li><li class='av-share-link av-social-link-twitter' ><a target=\"_blank\" aria-label=\"Compartir en Twitter\" href='https:\/\/twitter.com\/share?text=Cisnes%20y%20Lago%20Verde%20fueron%20los%20primeros%20destinos%20del%20despliegue%20por%20IFE%20Universal&#038;url=https:\/\/radiorevelacionfm.cl\/?p=5479' aria-hidden='false' data-av_icon='\ue8f1' data-av_iconfont='entypo-fontello' title='' data-avia-related-tooltip='Compartir en Twitter' rel=\"noopener\"><span class='avia_hidden_link_text'>Compartir en Twitter<\/span><\/a><\/li><li class='av-share-link av-social-link-whatsapp' ><a target=\"_blank\" aria-label=\"Compartir en Whatsapp\" href='https:\/\/api.whatsapp.com\/send?text=https:\/\/radiorevelacionfm.cl\/?p=5479' aria-hidden='false' data-av_icon='\uf232' data-av_iconfont='entypo-fontello' title='' data-avia-related-tooltip='Compartir en Whatsapp' rel=\"noopener\"><span class='avia_hidden_link_text'>Compartir en Whatsapp<\/span><\/a><\/li><li class='av-share-link av-social-link-linkedin' ><a target=\"_blank\" aria-label=\"Compartir en LinkedIn\" href='https:\/\/linkedin.com\/shareArticle?mini=true&#038;title=Cisnes%20y%20Lago%20Verde%20fueron%20los%20primeros%20destinos%20del%20despliegue%20por%20IFE%20Universal&#038;url=https:\/\/radiorevelacionfm.cl\/?p=5479' aria-hidden='false' data-av_icon='\ue8fc' data-av_iconfont='entypo-fontello' title='' data-avia-related-tooltip='Compartir en LinkedIn' rel=\"noopener\"><span class='avia_hidden_link_text'>Compartir en LinkedIn<\/span><\/a><\/li><li class='av-share-link av-social-link-mail' ><a  aria-label=\"Compartir por correo\" href='mailto:?subject=Cisnes%20y%20Lago%20Verde%20fueron%20los%20primeros%20destinos%20del%20despliegue%20por%20IFE%20Universal&#038;body=https:\/\/radiorevelacionfm.cl\/?p=5479' aria-hidden='false' data-av_icon='\ue805' data-av_iconfont='entypo-fontello' title='' data-avia-related-tooltip='Compartir por correo'><span class='avia_hidden_link_text'>Compartir por correo<\/span><\/a><\/li><\/ul><\/div><\/div>\n<div  style='height:50px' class='hr hr-invisible   avia-builder-el-8  el_after_av_social_share  el_before_av_comments_list '><span class='hr-inner ' ><span class='hr-inner-style'><\/span><\/span><\/div>\n<div  class='av-buildercomment  av-blog-meta-html-info-disabled av-blog-meta-tag-disabled  '><\/div>\n","protected":false},"excerpt":{"rendered":"","protected":false},"author":1,"featured_media":5480,"comment_status":"open","ping_status":"open","sticky":false,"template":"","format":"standard","meta":{"footnotes":""},"categories":[38],"tags":[],"class_list":["post-5479","post","type-post","status-publish","format-standard","has-post-thumbnail","hentry","category-regional"],"jetpack_featured_media_url":"https:\/\/radiorevelacionfm.cl\/wp-content\/uploads\/2021\/06\/Despliegue-IFE2-1-1.jpg","_links":{"self":[{"href":"https:\/\/radiorevelacionfm.cl\/index.php?rest_route=\/wp\/v2\/posts\/5479","targetHints":{"allow":["GET"]}}],"collection":[{"href":"https:\/\/radiorevelacionfm.cl\/index.php?rest_route=\/wp\/v2\/posts"}],"about":[{"href":"https:\/\/radiorevelacionfm.cl\/index.php?rest_route=\/wp\/v2\/types\/post"}],"author":[{"embeddable":true,"href":"https:\/\/radiorevelacionfm.cl\/index.php?rest_route=\/wp\/v2\/users\/1"}],"replies":[{"embeddable":true,"href":"https:\/\/radiorevelacionfm.cl\/index.php?rest_route=%2Fwp%2Fv2%2Fcomments&post=5479"}],"version-history":[{"count":1,"href":"https:\/\/radiorevelacionfm.cl\/index.php?rest_route=\/wp\/v2\/posts\/5479\/revisions"}],"predecessor-version":[{"id":5481,"href":"https:\/\/radiorevelacionfm.cl\/index.php?rest_route=\/wp\/v2\/posts\/5479\/revisions\/5481"}],"wp:featuredmedia":[{"embeddable":true,"href":"https:\/\/radiorevelacionfm.cl\/index.php?rest_route=\/wp\/v2\/media\/5480"}],"wp:attachment":[{"href":"https:\/\/radiorevelacionfm.cl\/index.php?rest_route=%2Fwp%2Fv2%2Fmedia&parent=5479"}],"wp:term":[{"taxonomy":"category","embeddable":true,"href":"https:\/\/radiorevelacionfm.cl\/index.php?rest_route=%2Fwp%2Fv2%2Fcategories&post=5479"},{"taxonomy":"post_tag","embeddable":true,"href":"https:\/\/radiorevelacionfm.cl\/index.php?rest_route=%2Fwp%2Fv2%2Ftags&post=5479"}],"curies":[{"name":"wp","href":"https:\/\/api.w.org\/{rel}","templated":true}]}}