{"id":54787,"date":"2025-06-03T20:04:43","date_gmt":"2025-06-03T23:04:43","guid":{"rendered":"https:\/\/radiorevelacionfm.cl\/?p=54787"},"modified":"2025-06-03T20:04:43","modified_gmt":"2025-06-03T23:04:43","slug":"salud-recoge-demandas-ciudadanas-en-temas-cardiologicos-y-presenta-trabajo-desplegado-en-los-ultimos-meses","status":"publish","type":"post","link":"https:\/\/radiorevelacionfm.cl\/?p=54787","title":{"rendered":"Salud recoge demandas ciudadanas en temas cardiol\u00f3gicos y presenta trabajo desplegado en los \u00faltimos meses"},"content":{"rendered":"<div class=\"flex_column av_one_full  flex_column_div av-zero-column-padding first  avia-builder-el-0  el_before_av_one_full  avia-builder-el-first  \" style='border-radius:0px; '><div  class='avia-image-container  av-styling-    avia-builder-el-1  avia-builder-el-no-sibling  avia-align-center '  itemprop=\"image\" itemscope=\"itemscope\" itemtype=\"https:\/\/schema.org\/ImageObject\"  ><div class='avia-image-container-inner'><div class='avia-image-overlay-wrap'><img decoding=\"async\" class='wp-image-54788 avia-img-lazy-loading-not-54788 avia_image' src=\"https:\/\/radiorevelacionfm.cl\/wp-content\/uploads\/2025\/06\/FOTO-AGRUPACION-CARDIOLOGIA-1-1.jpeg\" alt='' title='FOTO AGRUPACI\u00d3N CARDIOLOG\u00cdA (1) (1)' height=\"600\" width=\"1066\"  itemprop=\"thumbnailUrl\" srcset=\"https:\/\/radiorevelacionfm.cl\/wp-content\/uploads\/2025\/06\/FOTO-AGRUPACION-CARDIOLOGIA-1-1.jpeg 1066w, https:\/\/radiorevelacionfm.cl\/wp-content\/uploads\/2025\/06\/FOTO-AGRUPACION-CARDIOLOGIA-1-1-300x169.jpeg 300w, https:\/\/radiorevelacionfm.cl\/wp-content\/uploads\/2025\/06\/FOTO-AGRUPACION-CARDIOLOGIA-1-1-1030x580.jpeg 1030w, https:\/\/radiorevelacionfm.cl\/wp-content\/uploads\/2025\/06\/FOTO-AGRUPACION-CARDIOLOGIA-1-1-768x432.jpeg 768w, https:\/\/radiorevelacionfm.cl\/wp-content\/uploads\/2025\/06\/FOTO-AGRUPACION-CARDIOLOGIA-1-1-705x397.jpeg 705w, https:\/\/radiorevelacionfm.cl\/wp-content\/uploads\/2025\/06\/FOTO-AGRUPACION-CARDIOLOGIA-1-1-450x253.jpeg 450w, https:\/\/radiorevelacionfm.cl\/wp-content\/uploads\/2025\/06\/FOTO-AGRUPACION-CARDIOLOGIA-1-1-600x338.jpeg 600w\" sizes=\"(max-width: 1066px) 100vw, 1066px\" \/><\/div><\/div><\/div><\/div><div class=\"flex_column av_one_full  flex_column_div av-zero-column-padding first  avia-builder-el-2  el_after_av_one_full  el_before_av_one_full  column-top-margin\" style='border-radius:0px; '><section class=\"av_textblock_section \"  itemscope=\"itemscope\" itemtype=\"https:\/\/schema.org\/BlogPosting\" itemprop=\"blogPost\" ><div class='avia_textblock  '   itemprop=\"text\" ><p style=\"text-align: center;\"><span style=\"font-size: 18pt;\"><b>Salud recoge demandas ciudadanas en temas cardiol\u00f3gicos y presenta trabajo desplegado en los \u00faltimos meses<\/b><\/span><\/p>\n<div id=\"gtx-trans\" style=\"position: absolute; left: -50px; top: 4.31534px;\">\n<div class=\"gtx-trans-icon\"><\/div>\n<\/div>\n<\/div><\/section><\/div><div class=\"flex_column av_one_full  flex_column_div av-zero-column-padding first  avia-builder-el-4  el_after_av_one_full  el_before_av_hr  column-top-margin\" style='border-radius:0px; '><section class=\"av_textblock_section \"  itemscope=\"itemscope\" itemtype=\"https:\/\/schema.org\/BlogPosting\" itemprop=\"blogPost\" ><div class='avia_textblock  '   itemprop=\"text\" ><p class=\"v1MsoNormal\" style=\"text-align: justify;\"><span lang=\"ES\">El Servicio de Salud Ays\u00e9n mantuvo una importante conversaci\u00f3n con organizaciones agrupadas en torno al tema cardiol\u00f3gico, tanto de Coyhaique como de Puerto Ays\u00e9n.<\/span><\/p>\n<p class=\"v1MsoNormal\" style=\"text-align: justify;\"><span lang=\"ES\">\u00abMuy interesante y muy buena acogida de parte del cardi\u00f3logo y los otros doctores que estaban en el grupo de trabajo y los primeros acercamientos han sido muy buenos y esperamos trabajar junto con el cardi\u00f3logo que ha venido de La Serena a establecerse en la regi\u00f3n, porque vamos a comenzar a trabajar en conjunto con el Servicio de salud y el Gobierno Regional. Nuestro grupo de cardiolog\u00eda en Coyhaique est\u00e1 muy afiatado en el trabajo para ayudar a mucha gente\u00bb, expres\u00f3 Peter Flores, vicepresidente de la Agrupaci\u00f3n Cardiovascular de Coyhaique.<\/span><\/p>\n<p class=\"v1MsoNormal\" style=\"text-align: justify;\"><span lang=\"ES\">El Gobierno del Presidente Gabriel Boric tiene como sello identitario el v\u00ednculo con la ciudadan\u00eda, con las personas y usuarios que son la piedra angular de las pol\u00edticas p\u00fablicas que implementa la administraci\u00f3n de Gobierno y particularmente Redes Asistenciales y que son fruto de di\u00e1logos ciudadanos que recogen las demandas del pueblo.<\/span><\/p>\n<p class=\"v1MsoNormal\" style=\"text-align: justify;\"><span lang=\"ES\">El trabajo mancomunado con pacientes cardiol\u00f3gicos ha permitido la llegada de un cardi\u00f3logo permanente para la regi\u00f3n de Ays\u00e9n, que junto a los dem\u00e1s profesionales dieron cuenta del trabajo desplegado los \u00faltimos meses.<\/span><\/p>\n<p class=\"v1MsoNormal\" style=\"text-align: justify;\"><span lang=\"ES\">\u00a0\u00abEstamos trabajando en conjunto con las agrupaciones de usuarios cardiol\u00f3gicas tanto de la comuna de Coyhaique como Ays\u00e9n y en conjunto estamos desarrollando proyectos y mejorando y dando cobertura paso a paso a la importante cantidad de usuarios de la regi\u00f3n que requieren evaluaci\u00f3n por cardi\u00f3logo, por m\u00e9dico internista, ex\u00e1menes adicionales, todo en v\u00edas de seguir trabajando en el gran proyecto para el segundo semestre del pr\u00f3ximo a\u00f1o que es el angi\u00f3grafo, que permitir\u00e1 hacer muchos procedimientos en la regi\u00f3n y evitar traslados en la gran mayor\u00eda de casos\u00bb, precis\u00f3 el subdirector de Gesti\u00f3n Asistencial, Rodrigo Verdugo Cofr\u00e9.<\/span><\/p>\n<p class=\"v1MsoNormal\" style=\"text-align: justify;\"><span lang=\"ES\">Los cardi\u00f3logos son m\u00e9dicos especialistas en el diagn\u00f3stico y tratamiento de las enfermedades del coraz\u00f3n y el aparato cardiovascular. Tambi\u00e9n un cardi\u00f3logo estudia los factores de riesgo cardiovascular e implementa las medidas que pueden tomarse para mejorar la salud cardiovascular.<\/span><\/p>\n<p class=\"v1MsoNormal\" style=\"text-align: justify;\"><span lang=\"ES\">\u00abSiempre dije que era un excelente cardi\u00f3logo, un profesional de tomo y lomo y que lo tengamos a \u00e9l en nuestra regi\u00f3n y tambi\u00e9n los adelantos que hemos obtenido en Ays\u00e9n igual, excelentes, porque el doctor Durante es una persona humana, don Hern\u00e1n tambi\u00e9n se la ha jugado el director del hospital y tenemos muy buena comunicaci\u00f3n dentro del establecimiento\u00bb, dijo Cecilia Chand\u00eda de la Agrupaci\u00f3n de Pacientes Cardiol\u00f3gicos de Ays\u00e9n.<\/span><\/p>\n<p class=\"v1MsoNormal\" style=\"text-align: justify;\"><span lang=\"ES\">Cabe se\u00f1alar que un angi\u00f3grafo se utiliza para examinar los vasos sangu\u00edneos en diversas partes del cuerpo, que incluyen las arterias del coraz\u00f3n, los vasos sangu\u00edneos en el cerebro y para evaluar los vasos sangu\u00edneos de brazos.<\/span><\/p>\n<p class=\"v1MsoNormal\" style=\"text-align: justify;\"><span lang=\"ES\">\u00a0\u00abCreo que fue una reuni\u00f3n al comienzo un poco tensa, por algunas preguntas y cuestionamientos que se hicieron, pero fue una reuni\u00f3n bastante productiva para los gremios, agrupaciones de pacientes tanto de Coyhaique y Ays\u00e9n como otras que estaban participando y nosotros los profesionales, as\u00ed que muy productiva para conocer el devenir lo que quieren, lo que estamos haciendo y plantear los d\u00e9ficits que podemos tener para cumplir con una buena meta de cardiolog\u00eda y luego hemodinamia\u00bb, precis\u00f3 por su parte Alejandro Fleming, cardi\u00f3logo de la Red Asistencial.<\/span><\/p>\n<p class=\"v1MsoNormal\" style=\"text-align: justify;\"><span lang=\"ES\">Por \u00faltimo, la hemodinamia es el estudio del flujo sangu\u00edneo a trav\u00e9s del sistema cardiovascular, incluyendo las arterias, venas y el coraz\u00f3n y se refiere a los par\u00e1metros que describen este flujo, como la presi\u00f3n arterial, el volumen sangu\u00edneo y la resistencia vascular. Es fundamental para comprender y tratar enfermedades cardiovasculares.<\/span><\/p>\n<\/div><\/section><\/div><div  style='height:50px' class='hr hr-invisible   avia-builder-el-6  el_after_av_one_full  el_before_av_social_share '><span class='hr-inner ' ><span class='hr-inner-style'><\/span><\/span><\/div><\/p>\n<div  class='av-social-sharing-box  avia-builder-el-7  el_after_av_hr  el_before_av_hr  '><div class='av-share-box'><h5 class='av-share-link-description av-no-toc '>Compartir esta noticia<\/h5><ul class='av-share-box-list noLightbox'><li class='av-share-link av-social-link-facebook' ><a target=\"_blank\" aria-label=\"Compartir en Facebook\" href='https:\/\/www.facebook.com\/sharer.php?u=https:\/\/radiorevelacionfm.cl\/?p=54787&#038;t=Salud%20recoge%20demandas%20ciudadanas%20en%20temas%20cardiol%C3%B3gicos%20y%20presenta%20trabajo%20desplegado%20en%20los%20%C3%BAltimos%20meses' aria-hidden='false' data-av_icon='\ue8f3' data-av_iconfont='entypo-fontello' title='' data-avia-related-tooltip='Compartir en Facebook' rel=\"noopener\"><span class='avia_hidden_link_text'>Compartir en Facebook<\/span><\/a><\/li><li class='av-share-link av-social-link-twitter' ><a target=\"_blank\" aria-label=\"Compartir en Twitter\" href='https:\/\/twitter.com\/share?text=Salud%20recoge%20demandas%20ciudadanas%20en%20temas%20cardiol%C3%B3gicos%20y%20presenta%20trabajo%20desplegado%20en%20los%20%C3%BAltimos%20meses&#038;url=https:\/\/radiorevelacionfm.cl\/?p=54787' aria-hidden='false' data-av_icon='\ue8f1' data-av_iconfont='entypo-fontello' title='' data-avia-related-tooltip='Compartir en Twitter' rel=\"noopener\"><span class='avia_hidden_link_text'>Compartir en Twitter<\/span><\/a><\/li><li class='av-share-link av-social-link-whatsapp' ><a target=\"_blank\" aria-label=\"Compartir en Whatsapp\" href='https:\/\/api.whatsapp.com\/send?text=https:\/\/radiorevelacionfm.cl\/?p=54787' aria-hidden='false' data-av_icon='\uf232' data-av_iconfont='entypo-fontello' title='' data-avia-related-tooltip='Compartir en Whatsapp' rel=\"noopener\"><span class='avia_hidden_link_text'>Compartir en Whatsapp<\/span><\/a><\/li><li class='av-share-link av-social-link-linkedin' ><a target=\"_blank\" aria-label=\"Compartir en LinkedIn\" href='https:\/\/linkedin.com\/shareArticle?mini=true&#038;title=Salud%20recoge%20demandas%20ciudadanas%20en%20temas%20cardiol%C3%B3gicos%20y%20presenta%20trabajo%20desplegado%20en%20los%20%C3%BAltimos%20meses&#038;url=https:\/\/radiorevelacionfm.cl\/?p=54787' aria-hidden='false' data-av_icon='\ue8fc' data-av_iconfont='entypo-fontello' title='' data-avia-related-tooltip='Compartir en LinkedIn' rel=\"noopener\"><span class='avia_hidden_link_text'>Compartir en LinkedIn<\/span><\/a><\/li><li class='av-share-link av-social-link-mail' ><a  aria-label=\"Compartir por correo\" href='mailto:?subject=Salud%20recoge%20demandas%20ciudadanas%20en%20temas%20cardiol%C3%B3gicos%20y%20presenta%20trabajo%20desplegado%20en%20los%20%C3%BAltimos%20meses&#038;body=https:\/\/radiorevelacionfm.cl\/?p=54787' aria-hidden='false' data-av_icon='\ue805' data-av_iconfont='entypo-fontello' title='' data-avia-related-tooltip='Compartir por correo'><span class='avia_hidden_link_text'>Compartir por correo<\/span><\/a><\/li><\/ul><\/div><\/div>\n<div  style='height:50px' class='hr hr-invisible   avia-builder-el-8  el_after_av_social_share  el_before_av_comments_list '><span class='hr-inner ' ><span class='hr-inner-style'><\/span><\/span><\/div>\n<div  class='av-buildercomment  av-blog-meta-html-info-disabled av-blog-meta-tag-disabled  '><\/div>\n","protected":false},"excerpt":{"rendered":"","protected":false},"author":1,"featured_media":54788,"comment_status":"closed","ping_status":"closed","sticky":false,"template":"","format":"standard","meta":{"footnotes":""},"categories":[46],"tags":[],"class_list":["post-54787","post","type-post","status-publish","format-standard","has-post-thumbnail","hentry","category-salud"],"jetpack_featured_media_url":"https:\/\/radiorevelacionfm.cl\/wp-content\/uploads\/2025\/06\/FOTO-AGRUPACION-CARDIOLOGIA-1-1.jpeg","_links":{"self":[{"href":"https:\/\/radiorevelacionfm.cl\/index.php?rest_route=\/wp\/v2\/posts\/54787","targetHints":{"allow":["GET"]}}],"collection":[{"href":"https:\/\/radiorevelacionfm.cl\/index.php?rest_route=\/wp\/v2\/posts"}],"about":[{"href":"https:\/\/radiorevelacionfm.cl\/index.php?rest_route=\/wp\/v2\/types\/post"}],"author":[{"embeddable":true,"href":"https:\/\/radiorevelacionfm.cl\/index.php?rest_route=\/wp\/v2\/users\/1"}],"replies":[{"embeddable":true,"href":"https:\/\/radiorevelacionfm.cl\/index.php?rest_route=%2Fwp%2Fv2%2Fcomments&post=54787"}],"version-history":[{"count":2,"href":"https:\/\/radiorevelacionfm.cl\/index.php?rest_route=\/wp\/v2\/posts\/54787\/revisions"}],"predecessor-version":[{"id":54814,"href":"https:\/\/radiorevelacionfm.cl\/index.php?rest_route=\/wp\/v2\/posts\/54787\/revisions\/54814"}],"wp:featuredmedia":[{"embeddable":true,"href":"https:\/\/radiorevelacionfm.cl\/index.php?rest_route=\/wp\/v2\/media\/54788"}],"wp:attachment":[{"href":"https:\/\/radiorevelacionfm.cl\/index.php?rest_route=%2Fwp%2Fv2%2Fmedia&parent=54787"}],"wp:term":[{"taxonomy":"category","embeddable":true,"href":"https:\/\/radiorevelacionfm.cl\/index.php?rest_route=%2Fwp%2Fv2%2Fcategories&post=54787"},{"taxonomy":"post_tag","embeddable":true,"href":"https:\/\/radiorevelacionfm.cl\/index.php?rest_route=%2Fwp%2Fv2%2Ftags&post=54787"}],"curies":[{"name":"wp","href":"https:\/\/api.w.org\/{rel}","templated":true}]}}