{"id":54780,"date":"2025-06-03T18:21:14","date_gmt":"2025-06-03T21:21:14","guid":{"rendered":"https:\/\/radiorevelacionfm.cl\/?p=54780"},"modified":"2025-06-03T18:21:14","modified_gmt":"2025-06-03T21:21:14","slug":"concejal-vera-denuncia-posible-ilegalidad-en-fin-de-contrato-de-parquimetros-y-exige-intervencion-urgente-de-contraloria","status":"publish","type":"post","link":"https:\/\/radiorevelacionfm.cl\/?p=54780","title":{"rendered":"Concejal Vera denuncia posible ilegalidad en fin de contrato de parqu\u00edmetros y exige intervenci\u00f3n urgente de Contralor\u00eda"},"content":{"rendered":"<div class=\"flex_column av_one_full  flex_column_div av-zero-column-padding first  avia-builder-el-0  el_before_av_one_full  avia-builder-el-first  \" style='border-radius:0px; '><div  class='avia-image-container  av-styling-    avia-builder-el-1  avia-builder-el-no-sibling  avia-align-center '  itemprop=\"image\" itemscope=\"itemscope\" itemtype=\"https:\/\/schema.org\/ImageObject\"  ><div class='avia-image-container-inner'><div class='avia-image-overlay-wrap'><img decoding=\"async\" class='wp-image-54781 avia-img-lazy-loading-not-54781 avia_image' src=\"https:\/\/radiorevelacionfm.cl\/wp-content\/uploads\/2025\/06\/IMAGEN-01-2-1-1.jpeg\" alt='' title='IMAGEN 01 (2) (1) (1)' height=\"600\" width=\"800\"  itemprop=\"thumbnailUrl\" srcset=\"https:\/\/radiorevelacionfm.cl\/wp-content\/uploads\/2025\/06\/IMAGEN-01-2-1-1.jpeg 800w, https:\/\/radiorevelacionfm.cl\/wp-content\/uploads\/2025\/06\/IMAGEN-01-2-1-1-300x225.jpeg 300w, https:\/\/radiorevelacionfm.cl\/wp-content\/uploads\/2025\/06\/IMAGEN-01-2-1-1-768x576.jpeg 768w, https:\/\/radiorevelacionfm.cl\/wp-content\/uploads\/2025\/06\/IMAGEN-01-2-1-1-705x529.jpeg 705w, https:\/\/radiorevelacionfm.cl\/wp-content\/uploads\/2025\/06\/IMAGEN-01-2-1-1-450x338.jpeg 450w, https:\/\/radiorevelacionfm.cl\/wp-content\/uploads\/2025\/06\/IMAGEN-01-2-1-1-600x450.jpeg 600w\" sizes=\"(max-width: 800px) 100vw, 800px\" \/><\/div><\/div><\/div><\/div><div class=\"flex_column av_one_full  flex_column_div av-zero-column-padding first  avia-builder-el-2  el_after_av_one_full  el_before_av_one_full  column-top-margin\" style='border-radius:0px; '><section class=\"av_textblock_section \"  itemscope=\"itemscope\" itemtype=\"https:\/\/schema.org\/BlogPosting\" itemprop=\"blogPost\" ><div class='avia_textblock  '   itemprop=\"text\" ><h3 dir=\"ltr\" style=\"text-align: center;\"><span style=\"font-size: 18pt;\">Concejal Vera denuncia posible ilegalidad en fin de contrato de parqu\u00edmetros y exige intervenci\u00f3n urgente de Contralor\u00eda<\/span><\/h3>\n<div id=\"gtx-trans\" style=\"position: absolute; left: -50px; top: 4.31534px;\">\n<div class=\"gtx-trans-icon\"><\/div>\n<\/div>\n<\/div><\/section><\/div><div class=\"flex_column av_one_full  flex_column_div av-zero-column-padding first  avia-builder-el-4  el_after_av_one_full  el_before_av_hr  column-top-margin\" style='border-radius:0px; '><section class=\"av_textblock_section \"  itemscope=\"itemscope\" itemtype=\"https:\/\/schema.org\/BlogPosting\" itemprop=\"blogPost\" ><div class='avia_textblock  '   itemprop=\"text\" ><p dir=\"ltr\" style=\"text-align: justify;\">En un contundente oficio dirigido al Contralor Regional de Ays\u00e9n, el concejal de Coyhaique Sebasti\u00e1n Vera Ojeda solicit\u00f3 la revisi\u00f3n y eventual investigaci\u00f3n de lo que califica como una serie de irregularidades administrativas en el proceso de modificaci\u00f3n de la Ordenanza de Estacionamientos y en la relaci\u00f3n contractual con la actual empresa concesionaria del servicio de parqu\u00edmetros.<\/p>\n<p dir=\"ltr\" style=\"text-align: justify;\">El concejal se\u00f1ala que en la sesi\u00f3n del Concejo Municipal celebrada el 5 de marzo se aprob\u00f3 una modificaci\u00f3n sustancial a la ordenanza vigente, incluyendo cambios en las tarifas, horarios y zonificaci\u00f3n del cobro. Sin embargo, estas modificaciones habr\u00edan sido votadas bajo la premisa de que la empresa concesionaria hab\u00eda solicitado el t\u00e9rmino anticipado del contrato, lo cual \u2013seg\u00fan los antecedentes disponibles\u2013 no se ha formalizado mediante ning\u00fan acto administrativo v\u00e1lido, como lo exige la legislaci\u00f3n vigente.<\/p>\n<p dir=\"ltr\" style=\"text-align: justify;\">\u00abNo existe decreto alcaldicio que respalde el t\u00e9rmino del contrato, ni acuerdo de Concejo que apruebe un t\u00e9rmino anticipado por mutuo consentimiento\u00bb, afirma Vera en su oficio. Agrega que, pese a ello, la empresa ces\u00f3 sus funciones el pasado 2 de junio, incurriendo en un eventual incumplimiento contractual. \u00abLo m\u00e1s grave es que el contrato sigue vigente hasta el a\u00f1o 2029, y no hay respaldo legal para su suspensi\u00f3n, lo que afecta la continuidad del servicio y genera una situaci\u00f3n de vac\u00edo legal y administrativo\u00bb, a\u00f1adi\u00f3 el edil.<\/p>\n<p dir=\"ltr\" style=\"text-align: justify;\">El contrato en cuesti\u00f3n fue adjudicado mediante licitaci\u00f3n p\u00fablica en enero de 2024 a una Uni\u00f3n Temporal de Proveedores, con una garant\u00eda de fiel cumplimiento vigente. A juicio del concejal, cualquier nuevo proceso licitatorio ser\u00eda ilegal si no se ha formalizado antes el t\u00e9rmino del contrato anterior. En este contexto, solicit\u00f3 que la Contralor\u00eda revise la legalidad de las decisiones adoptadas, y determine si corresponde instruir al Municipio a abstenerse de seguir adelante con una nueva licitaci\u00f3n sin cerrar adecuadamente la anterior.<\/p>\n<p dir=\"ltr\" style=\"text-align: justify;\">\u00abEsta situaci\u00f3n no solo vulnera los principios de legalidad y transparencia, sino que tambi\u00e9n pone en riesgo los recursos p\u00fablicos y la confianza ciudadana en la gesti\u00f3n municipal\u00bb, se\u00f1al\u00f3 Vera. Asimismo, solicit\u00f3 que se eval\u00fae la pertinencia de una auditor\u00eda o investigaci\u00f3n especial por parte del ente contralor.<\/p>\n<p dir=\"ltr\" style=\"text-align: justify;\">La solicitud del concejal pone en evidencia una preocupaci\u00f3n creciente por la correcta administraci\u00f3n de los servicios p\u00fablicos en Coyhaique, especialmente aquellos que involucran concesiones privadas. La ciudadan\u00eda, mientras tanto, permanece sin un servicio claro de estacionamientos regulados, generando incertidumbre tanto para automovilistas como para trabajadores ligados a este sistema.<\/p>\n<\/div><\/section><\/div><div  style='height:50px' class='hr hr-invisible   avia-builder-el-6  el_after_av_one_full  el_before_av_social_share '><span class='hr-inner ' ><span class='hr-inner-style'><\/span><\/span><\/div><\/p>\n<div  class='av-social-sharing-box  avia-builder-el-7  el_after_av_hr  el_before_av_hr  '><div class='av-share-box'><h5 class='av-share-link-description av-no-toc '>Compartir esta noticia<\/h5><ul class='av-share-box-list noLightbox'><li class='av-share-link av-social-link-facebook' ><a target=\"_blank\" aria-label=\"Compartir en Facebook\" href='https:\/\/www.facebook.com\/sharer.php?u=https:\/\/radiorevelacionfm.cl\/?p=54780&#038;t=Concejal%20Vera%20denuncia%20posible%20ilegalidad%20en%20fin%20de%20contrato%20de%20parqu%C3%ADmetros%20y%20exige%20intervenci%C3%B3n%20urgente%20de%20Contralor%C3%ADa' aria-hidden='false' data-av_icon='\ue8f3' data-av_iconfont='entypo-fontello' title='' data-avia-related-tooltip='Compartir en Facebook' rel=\"noopener\"><span class='avia_hidden_link_text'>Compartir en Facebook<\/span><\/a><\/li><li class='av-share-link av-social-link-twitter' ><a target=\"_blank\" aria-label=\"Compartir en Twitter\" href='https:\/\/twitter.com\/share?text=Concejal%20Vera%20denuncia%20posible%20ilegalidad%20en%20fin%20de%20contrato%20de%20parqu%C3%ADmetros%20y%20exige%20intervenci%C3%B3n%20urgente%20de%20Contralor%C3%ADa&#038;url=https:\/\/radiorevelacionfm.cl\/?p=54780' aria-hidden='false' data-av_icon='\ue8f1' data-av_iconfont='entypo-fontello' title='' data-avia-related-tooltip='Compartir en Twitter' rel=\"noopener\"><span class='avia_hidden_link_text'>Compartir en Twitter<\/span><\/a><\/li><li class='av-share-link av-social-link-whatsapp' ><a target=\"_blank\" aria-label=\"Compartir en Whatsapp\" href='https:\/\/api.whatsapp.com\/send?text=https:\/\/radiorevelacionfm.cl\/?p=54780' aria-hidden='false' data-av_icon='\uf232' data-av_iconfont='entypo-fontello' title='' data-avia-related-tooltip='Compartir en Whatsapp' rel=\"noopener\"><span class='avia_hidden_link_text'>Compartir en Whatsapp<\/span><\/a><\/li><li class='av-share-link av-social-link-linkedin' ><a target=\"_blank\" aria-label=\"Compartir en LinkedIn\" href='https:\/\/linkedin.com\/shareArticle?mini=true&#038;title=Concejal%20Vera%20denuncia%20posible%20ilegalidad%20en%20fin%20de%20contrato%20de%20parqu%C3%ADmetros%20y%20exige%20intervenci%C3%B3n%20urgente%20de%20Contralor%C3%ADa&#038;url=https:\/\/radiorevelacionfm.cl\/?p=54780' aria-hidden='false' data-av_icon='\ue8fc' data-av_iconfont='entypo-fontello' title='' data-avia-related-tooltip='Compartir en LinkedIn' rel=\"noopener\"><span class='avia_hidden_link_text'>Compartir en LinkedIn<\/span><\/a><\/li><li class='av-share-link av-social-link-mail' ><a  aria-label=\"Compartir por correo\" href='mailto:?subject=Concejal%20Vera%20denuncia%20posible%20ilegalidad%20en%20fin%20de%20contrato%20de%20parqu%C3%ADmetros%20y%20exige%20intervenci%C3%B3n%20urgente%20de%20Contralor%C3%ADa&#038;body=https:\/\/radiorevelacionfm.cl\/?p=54780' aria-hidden='false' data-av_icon='\ue805' data-av_iconfont='entypo-fontello' title='' data-avia-related-tooltip='Compartir por correo'><span class='avia_hidden_link_text'>Compartir por correo<\/span><\/a><\/li><\/ul><\/div><\/div>\n<div  style='height:50px' class='hr hr-invisible   avia-builder-el-8  el_after_av_social_share  el_before_av_comments_list '><span class='hr-inner ' ><span class='hr-inner-style'><\/span><\/span><\/div>\n<div  class='av-buildercomment  av-blog-meta-html-info-disabled av-blog-meta-tag-disabled  '><\/div>\n","protected":false},"excerpt":{"rendered":"","protected":false},"author":1,"featured_media":54781,"comment_status":"closed","ping_status":"closed","sticky":false,"template":"","format":"standard","meta":{"footnotes":""},"categories":[35],"tags":[],"class_list":["post-54780","post","type-post","status-publish","format-standard","has-post-thumbnail","hentry","category-politica"],"jetpack_featured_media_url":"https:\/\/radiorevelacionfm.cl\/wp-content\/uploads\/2025\/06\/IMAGEN-01-2-1-1.jpeg","_links":{"self":[{"href":"https:\/\/radiorevelacionfm.cl\/index.php?rest_route=\/wp\/v2\/posts\/54780","targetHints":{"allow":["GET"]}}],"collection":[{"href":"https:\/\/radiorevelacionfm.cl\/index.php?rest_route=\/wp\/v2\/posts"}],"about":[{"href":"https:\/\/radiorevelacionfm.cl\/index.php?rest_route=\/wp\/v2\/types\/post"}],"author":[{"embeddable":true,"href":"https:\/\/radiorevelacionfm.cl\/index.php?rest_route=\/wp\/v2\/users\/1"}],"replies":[{"embeddable":true,"href":"https:\/\/radiorevelacionfm.cl\/index.php?rest_route=%2Fwp%2Fv2%2Fcomments&post=54780"}],"version-history":[{"count":2,"href":"https:\/\/radiorevelacionfm.cl\/index.php?rest_route=\/wp\/v2\/posts\/54780\/revisions"}],"predecessor-version":[{"id":54796,"href":"https:\/\/radiorevelacionfm.cl\/index.php?rest_route=\/wp\/v2\/posts\/54780\/revisions\/54796"}],"wp:featuredmedia":[{"embeddable":true,"href":"https:\/\/radiorevelacionfm.cl\/index.php?rest_route=\/wp\/v2\/media\/54781"}],"wp:attachment":[{"href":"https:\/\/radiorevelacionfm.cl\/index.php?rest_route=%2Fwp%2Fv2%2Fmedia&parent=54780"}],"wp:term":[{"taxonomy":"category","embeddable":true,"href":"https:\/\/radiorevelacionfm.cl\/index.php?rest_route=%2Fwp%2Fv2%2Fcategories&post=54780"},{"taxonomy":"post_tag","embeddable":true,"href":"https:\/\/radiorevelacionfm.cl\/index.php?rest_route=%2Fwp%2Fv2%2Ftags&post=54780"}],"curies":[{"name":"wp","href":"https:\/\/api.w.org\/{rel}","templated":true}]}}