{"id":54776,"date":"2025-06-03T16:03:22","date_gmt":"2025-06-03T19:03:22","guid":{"rendered":"https:\/\/radiorevelacionfm.cl\/?p=54776"},"modified":"2025-06-03T16:03:22","modified_gmt":"2025-06-03T19:03:22","slug":"ninos-y-ninas-del-jardin-infantil-kau-kalem-reciben-su-cedula-de-identidad-2","status":"publish","type":"post","link":"https:\/\/radiorevelacionfm.cl\/?p=54776","title":{"rendered":"Ni\u00f1os y Ni\u00f1as del Jard\u00edn Infantil Kau Kalem reciben su c\u00e9dula de identidad"},"content":{"rendered":"<div class=\"flex_column av_one_full  flex_column_div av-zero-column-padding first  avia-builder-el-0  el_before_av_one_full  avia-builder-el-first  \" style='border-radius:0px; '><div  class='avia-image-container  av-styling-    avia-builder-el-1  avia-builder-el-no-sibling  avia-align-center '  itemprop=\"image\" itemscope=\"itemscope\" itemtype=\"https:\/\/schema.org\/ImageObject\"  ><div class='avia-image-container-inner'><div class='avia-image-overlay-wrap'><img decoding=\"async\" class='wp-image-54777 avia-img-lazy-loading-not-54777 avia_image' src=\"https:\/\/radiorevelacionfm.cl\/wp-content\/uploads\/2025\/06\/cedulas-1-1-2.jpg\" alt='' title='cedulas 1 (1) (2)' height=\"600\" width=\"800\"  itemprop=\"thumbnailUrl\" srcset=\"https:\/\/radiorevelacionfm.cl\/wp-content\/uploads\/2025\/06\/cedulas-1-1-2.jpg 800w, https:\/\/radiorevelacionfm.cl\/wp-content\/uploads\/2025\/06\/cedulas-1-1-2-300x225.jpg 300w, https:\/\/radiorevelacionfm.cl\/wp-content\/uploads\/2025\/06\/cedulas-1-1-2-768x576.jpg 768w, https:\/\/radiorevelacionfm.cl\/wp-content\/uploads\/2025\/06\/cedulas-1-1-2-705x529.jpg 705w, https:\/\/radiorevelacionfm.cl\/wp-content\/uploads\/2025\/06\/cedulas-1-1-2-450x338.jpg 450w, https:\/\/radiorevelacionfm.cl\/wp-content\/uploads\/2025\/06\/cedulas-1-1-2-600x450.jpg 600w\" sizes=\"(max-width: 800px) 100vw, 800px\" \/><\/div><\/div><\/div><\/div><div class=\"flex_column av_one_full  flex_column_div av-zero-column-padding first  avia-builder-el-2  el_after_av_one_full  el_before_av_one_full  column-top-margin\" style='border-radius:0px; '><section class=\"av_textblock_section \"  itemscope=\"itemscope\" itemtype=\"https:\/\/schema.org\/BlogPosting\" itemprop=\"blogPost\" ><div class='avia_textblock  '   itemprop=\"text\" ><p style=\"text-align: center;\"><span style=\"font-size: 18pt;\"><strong>Ni\u00f1os y Ni\u00f1as del Jard\u00edn Infantil Kau Kalem reciben su c\u00e9dula de identidad<\/strong><\/span><\/p>\n<div id=\"gtx-trans\" style=\"position: absolute; left: -50px; top: 4.31534px;\">\n<div class=\"gtx-trans-icon\"><\/div>\n<\/div>\n<\/div><\/section><\/div><div class=\"flex_column av_one_full  flex_column_div av-zero-column-padding first  avia-builder-el-4  el_after_av_one_full  el_before_av_hr  column-top-margin\" style='border-radius:0px; '><section class=\"av_textblock_section \"  itemscope=\"itemscope\" itemtype=\"https:\/\/schema.org\/BlogPosting\" itemprop=\"blogPost\" ><div class='avia_textblock  '   itemprop=\"text\" ><p style=\"text-align: justify;\"><em>Esta instancia permite a los ni\u00f1os, ni\u00f1as y personal de los jardines infantiles acceder a sus c\u00e9dulas de identidad a trav\u00e9s de los mismos establecimientos, previa coordinaci\u00f3n con el Servicio de Registro Civil e Identificaci\u00f3n.<\/em><\/p>\n<p style=\"text-align: justify;\">En una peque\u00f1a pero significativa ceremonia realizada este martes, 13 ni\u00f1os, ni\u00f1as y trabajadoras del Jard\u00edn Infantil Kau Kalem recibieron su c\u00e9dula de identidad, esto en el marco de los derechos de los ni\u00f1os y ni\u00f1as y que nace de una alianza entre la JUNJI y el Registro Civil e Identificaci\u00f3n. Dicha actividad cont\u00f3 con la presencia del seremi de Justicia y DD.HH Samuel Navarro, el director del Servicio de Registro Civil e Identificaci\u00f3n Sergio Gonz\u00e1lez y la directora del establecimiento Sandra Flores, adem\u00e1s de apoderados y personal del jard\u00edn.<\/p>\n<p style=\"text-align: justify;\">La educadora del jard\u00edn infantil Kaukalem Cynthia San Mart\u00edn, quien pudo gestionar en conjunto con los ni\u00f1os la obtenci\u00f3n de su c\u00e9dula de identidad se\u00f1al\u00f3 que \u201cesta es una actividad que venimos desarrollando hace mucho tiempo y la verdad que con Gerardo que es el encargado de terreno es super f\u00e1cil poder coordinarse, igual invitar a las unidades educativas a gestionar de esta manera porque es mucho m\u00e1s f\u00e1cil y pr\u00e1ctico, invitar a los ni\u00f1os, a sus familias, y al equipo \u00a0a poder adquirir la c\u00e9dula de identidad, renovarla en este caso, para poder tener la nueva c\u00e9dula de identidad que est\u00e1 desde diciembre del a\u00f1o pasado, as\u00ed que agradecida de que los ni\u00f1os y el equipo tengan la posibilidad de adquirir la nueva cedula de identidad\u201d.<\/p>\n<p style=\"text-align: justify;\">En tanto, el director regional de Servicio de Registro Civil e Identificaci\u00f3n, Sergio Gonz\u00e1lez indic\u00f3 que \u201ces muy importante para nosotros como Registro Civil y tambi\u00e9n como intenci\u00f3n del Gobierno generar instancias para que desde peque\u00f1os los chicos y sus familias cuentan con todas las redes de apoyo del Estado para ser ciudadanos leg\u00edtimos con identidad y con todos los derechos que corresponde a cualquier chileno\u201d.<\/p>\n<p style=\"text-align: justify;\">A su vez, el seremi de Justicia y Derechos Humanos, Samuel Navarro se\u00f1al\u00f3 que \u201cdentro del plan que tiene el Registro Civil y esta alianza estrat\u00e9gica con jardines infantiles se contin\u00faa la entrega de c\u00e9dulas de identidad, donde nuestro registro civil concurre a los establecimientos y facilita la vida de los ni\u00f1os, las ni\u00f1as, pero tambi\u00e9n de las funcionarias y trabajadoras de los Jardines Infantiles que pueden obtener sus c\u00e9dulas de identidad, aprovechamos de reforzar lo que es el derecho a la identidad por parte de los ni\u00f1os en conjunto con otros derechos que son parte del proceso pedag\u00f3gico educativo y resulta una atenci\u00f3n muy importante para que los ni\u00f1os y ni\u00f1as puedan contar con este documento que les permite hacer tr\u00e1mites y tambi\u00e9n poder salir del territorio nacional con sus padres, madres o sus cuidadores, reforzamos esta l\u00ednea de trabajo y como Gobierno nos parece importante seguir acercando los servicios de Justicia a la gente\u201d.<\/p>\n<p style=\"text-align: justify;\">Finalmente, la encargada del Jard\u00edn Infantil Kau Kalem Sandra Flores destac\u00f3 el trabajo colaborativo con el servicio indicando que \u201cesta es una pr\u00e1ctica que est\u00e1 instalada hace muchos a\u00f1os, trabajamos de manera colaborativa con el Registro Civil donde le damos el beneficio y la posibilidad a las familias que vengan a sacarle la c\u00e9dula de identidad ac\u00e1 en el jard\u00edn infantil y de alguna manera facilitar el proceso de entrega tambi\u00e9n, y relevar la importancia que tenemos nosotros con las redes y que trabajamos todos por un bien en com\u00fan que son los ni\u00f1os, ni\u00f1as y la comunidad y de la regi\u00f3n\u201d.<\/p>\n<\/div><\/section><\/div><div  style='height:50px' class='hr hr-invisible   avia-builder-el-6  el_after_av_one_full  el_before_av_social_share '><span class='hr-inner ' ><span class='hr-inner-style'><\/span><\/span><\/div><\/p>\n<div  class='av-social-sharing-box  avia-builder-el-7  el_after_av_hr  el_before_av_hr  '><div class='av-share-box'><h5 class='av-share-link-description av-no-toc '>Compartir esta noticia<\/h5><ul class='av-share-box-list noLightbox'><li class='av-share-link av-social-link-facebook' ><a target=\"_blank\" aria-label=\"Compartir en Facebook\" href='https:\/\/www.facebook.com\/sharer.php?u=https:\/\/radiorevelacionfm.cl\/?p=54776&#038;t=Ni%C3%B1os%20y%20Ni%C3%B1as%20del%20Jard%C3%ADn%20Infantil%20Kau%20Kalem%20reciben%20su%20c%C3%A9dula%20de%20identidad' aria-hidden='false' data-av_icon='\ue8f3' data-av_iconfont='entypo-fontello' title='' data-avia-related-tooltip='Compartir en Facebook' rel=\"noopener\"><span class='avia_hidden_link_text'>Compartir en Facebook<\/span><\/a><\/li><li class='av-share-link av-social-link-twitter' ><a target=\"_blank\" aria-label=\"Compartir en Twitter\" href='https:\/\/twitter.com\/share?text=Ni%C3%B1os%20y%20Ni%C3%B1as%20del%20Jard%C3%ADn%20Infantil%20Kau%20Kalem%20reciben%20su%20c%C3%A9dula%20de%20identidad&#038;url=https:\/\/radiorevelacionfm.cl\/?p=54776' aria-hidden='false' data-av_icon='\ue8f1' data-av_iconfont='entypo-fontello' title='' data-avia-related-tooltip='Compartir en Twitter' rel=\"noopener\"><span class='avia_hidden_link_text'>Compartir en Twitter<\/span><\/a><\/li><li class='av-share-link av-social-link-whatsapp' ><a target=\"_blank\" aria-label=\"Compartir en Whatsapp\" href='https:\/\/api.whatsapp.com\/send?text=https:\/\/radiorevelacionfm.cl\/?p=54776' aria-hidden='false' data-av_icon='\uf232' data-av_iconfont='entypo-fontello' title='' data-avia-related-tooltip='Compartir en Whatsapp' rel=\"noopener\"><span class='avia_hidden_link_text'>Compartir en Whatsapp<\/span><\/a><\/li><li class='av-share-link av-social-link-linkedin' ><a target=\"_blank\" aria-label=\"Compartir en LinkedIn\" href='https:\/\/linkedin.com\/shareArticle?mini=true&#038;title=Ni%C3%B1os%20y%20Ni%C3%B1as%20del%20Jard%C3%ADn%20Infantil%20Kau%20Kalem%20reciben%20su%20c%C3%A9dula%20de%20identidad&#038;url=https:\/\/radiorevelacionfm.cl\/?p=54776' aria-hidden='false' data-av_icon='\ue8fc' data-av_iconfont='entypo-fontello' title='' data-avia-related-tooltip='Compartir en LinkedIn' rel=\"noopener\"><span class='avia_hidden_link_text'>Compartir en LinkedIn<\/span><\/a><\/li><li class='av-share-link av-social-link-mail' ><a  aria-label=\"Compartir por correo\" href='mailto:?subject=Ni%C3%B1os%20y%20Ni%C3%B1as%20del%20Jard%C3%ADn%20Infantil%20Kau%20Kalem%20reciben%20su%20c%C3%A9dula%20de%20identidad&#038;body=https:\/\/radiorevelacionfm.cl\/?p=54776' aria-hidden='false' data-av_icon='\ue805' data-av_iconfont='entypo-fontello' title='' data-avia-related-tooltip='Compartir por correo'><span class='avia_hidden_link_text'>Compartir por correo<\/span><\/a><\/li><\/ul><\/div><\/div>\n<div  style='height:50px' class='hr hr-invisible   avia-builder-el-8  el_after_av_social_share  el_before_av_comments_list '><span class='hr-inner ' ><span class='hr-inner-style'><\/span><\/span><\/div>\n<div  class='av-buildercomment  av-blog-meta-html-info-disabled av-blog-meta-tag-disabled  '><\/div>\n","protected":false},"excerpt":{"rendered":"","protected":false},"author":1,"featured_media":54777,"comment_status":"closed","ping_status":"closed","sticky":false,"template":"","format":"standard","meta":{"footnotes":""},"categories":[64],"tags":[],"class_list":["post-54776","post","type-post","status-publish","format-standard","has-post-thumbnail","hentry","category-infancia"],"jetpack_featured_media_url":"https:\/\/radiorevelacionfm.cl\/wp-content\/uploads\/2025\/06\/cedulas-1-1-2.jpg","_links":{"self":[{"href":"https:\/\/radiorevelacionfm.cl\/index.php?rest_route=\/wp\/v2\/posts\/54776","targetHints":{"allow":["GET"]}}],"collection":[{"href":"https:\/\/radiorevelacionfm.cl\/index.php?rest_route=\/wp\/v2\/posts"}],"about":[{"href":"https:\/\/radiorevelacionfm.cl\/index.php?rest_route=\/wp\/v2\/types\/post"}],"author":[{"embeddable":true,"href":"https:\/\/radiorevelacionfm.cl\/index.php?rest_route=\/wp\/v2\/users\/1"}],"replies":[{"embeddable":true,"href":"https:\/\/radiorevelacionfm.cl\/index.php?rest_route=%2Fwp%2Fv2%2Fcomments&post=54776"}],"version-history":[{"count":2,"href":"https:\/\/radiorevelacionfm.cl\/index.php?rest_route=\/wp\/v2\/posts\/54776\/revisions"}],"predecessor-version":[{"id":54779,"href":"https:\/\/radiorevelacionfm.cl\/index.php?rest_route=\/wp\/v2\/posts\/54776\/revisions\/54779"}],"wp:featuredmedia":[{"embeddable":true,"href":"https:\/\/radiorevelacionfm.cl\/index.php?rest_route=\/wp\/v2\/media\/54777"}],"wp:attachment":[{"href":"https:\/\/radiorevelacionfm.cl\/index.php?rest_route=%2Fwp%2Fv2%2Fmedia&parent=54776"}],"wp:term":[{"taxonomy":"category","embeddable":true,"href":"https:\/\/radiorevelacionfm.cl\/index.php?rest_route=%2Fwp%2Fv2%2Fcategories&post=54776"},{"taxonomy":"post_tag","embeddable":true,"href":"https:\/\/radiorevelacionfm.cl\/index.php?rest_route=%2Fwp%2Fv2%2Ftags&post=54776"}],"curies":[{"name":"wp","href":"https:\/\/api.w.org\/{rel}","templated":true}]}}