{"id":54773,"date":"2025-06-03T19:09:43","date_gmt":"2025-06-03T22:09:43","guid":{"rendered":"https:\/\/radiorevelacionfm.cl\/?p=54773"},"modified":"2025-06-03T19:09:43","modified_gmt":"2025-06-03T22:09:43","slug":"destacando-el-sabor-la-identidad-y-el-comercio-justo-se-inauguro-el-nuevo-punto-de-venta-yo-compro-local-en-tienda-el-gran-calafate","status":"publish","type":"post","link":"https:\/\/radiorevelacionfm.cl\/?p=54773","title":{"rendered":"Destacando el sabor, la identidad y el comercio justo:  \tSe inaugur\u00f3 el nuevo punto de venta Yo Compro Local en Tienda El Gran Calafate"},"content":{"rendered":"<div class=\"flex_column av_one_full  flex_column_div av-zero-column-padding first  avia-builder-el-0  el_before_av_one_full  avia-builder-el-first  \" style='border-radius:0px; '><div  class='avia-image-container  av-styling-    avia-builder-el-1  avia-builder-el-no-sibling  avia-align-center '  itemprop=\"image\" itemscope=\"itemscope\" itemtype=\"https:\/\/schema.org\/ImageObject\"  ><div class='avia-image-container-inner'><div class='avia-image-overlay-wrap'><img decoding=\"async\" class='wp-image-54774 avia-img-lazy-loading-not-54774 avia_image' src=\"https:\/\/radiorevelacionfm.cl\/wp-content\/uploads\/2025\/06\/Foto-3-66-1-1.jpg\" alt='' title='Foto 3 (66) (1) (1)' height=\"600\" width=\"800\"  itemprop=\"thumbnailUrl\" srcset=\"https:\/\/radiorevelacionfm.cl\/wp-content\/uploads\/2025\/06\/Foto-3-66-1-1.jpg 800w, https:\/\/radiorevelacionfm.cl\/wp-content\/uploads\/2025\/06\/Foto-3-66-1-1-300x225.jpg 300w, https:\/\/radiorevelacionfm.cl\/wp-content\/uploads\/2025\/06\/Foto-3-66-1-1-768x576.jpg 768w, https:\/\/radiorevelacionfm.cl\/wp-content\/uploads\/2025\/06\/Foto-3-66-1-1-705x529.jpg 705w, https:\/\/radiorevelacionfm.cl\/wp-content\/uploads\/2025\/06\/Foto-3-66-1-1-450x338.jpg 450w, https:\/\/radiorevelacionfm.cl\/wp-content\/uploads\/2025\/06\/Foto-3-66-1-1-600x450.jpg 600w\" sizes=\"(max-width: 800px) 100vw, 800px\" \/><\/div><\/div><\/div><\/div><div class=\"flex_column av_one_full  flex_column_div av-zero-column-padding first  avia-builder-el-2  el_after_av_one_full  el_before_av_one_full  column-top-margin\" style='border-radius:0px; '><section class=\"av_textblock_section \"  itemscope=\"itemscope\" itemtype=\"https:\/\/schema.org\/BlogPosting\" itemprop=\"blogPost\" ><div class='avia_textblock  '   itemprop=\"text\" ><p style=\"text-align: center;\"><span style=\"font-size: 18pt;\"><strong>Destacando el sabor, la identidad y el comercio justo: <\/strong><strong>Se inaugur\u00f3 el nuevo punto de venta <em>Yo Compro Local<\/em> en Tienda El Gran Calafate<\/strong><\/span><\/p>\n<div id=\"gtx-trans\" style=\"position: absolute; left: -50px; top: 4.31534px;\">\n<div class=\"gtx-trans-icon\"><\/div>\n<\/div>\n<\/div><\/section><\/div><div class=\"flex_column av_one_full  flex_column_div av-zero-column-padding first  avia-builder-el-4  el_after_av_one_full  el_before_av_hr  column-top-margin\" style='border-radius:0px; '><section class=\"av_textblock_section \"  itemscope=\"itemscope\" itemtype=\"https:\/\/schema.org\/BlogPosting\" itemprop=\"blogPost\" ><div class='avia_textblock  '   itemprop=\"text\" ><p style=\"text-align: justify;\">Deliciosa miel cremosa con menta, sour de calafate y caf\u00e9 de autor con sello patag\u00f3nico fueron parte del despliegue de sabores que dieron vida a la inauguraci\u00f3n del tercer punto de venta del programa \u201cYo Compro Local\u201d, esta vez en la reconocida Tienda El Gran Calafate, ubicada en pleno centro de Coyhaique.<\/p>\n<p style=\"text-align: justify;\">La jornada, marcada por la emoci\u00f3n, la cercan\u00eda y el compromiso con el desarrollo econ\u00f3mico regional, reuni\u00f3 a autoridades, emprendedores y ciudadan\u00eda, que celebraron un nuevo espacio de comercializaci\u00f3n para productos elaborados por micro y peque\u00f1as empresas de la Regi\u00f3n de Ays\u00e9n.<\/p>\n<p style=\"text-align: justify;\">Miriam Az\u00f3car, fundadora del emprendimiento Apiaik\u00e9n, valor\u00f3 la oportunidad: \u201cEstoy muy contenta, porque todo lo que hemos ofrecido a los clientes aqu\u00ed, les ha gustado. Es una tremenda vitrina, que tambi\u00e9n permite mejorar nuestras ventas y difundir nuestros emprendimientos\u201d.<\/p>\n<p style=\"text-align: justify;\">En la actividad participaron tambi\u00e9n Paulo Mu\u00f1oz, de Amanut, con su l\u00ednea de snack y reposter\u00eda artesanal saludable y Mathew Nagler, de Koyaike Coffee, quienes ofrecieron degustaciones y compartieron con los asistentes la historia y esencia de sus productos locales.<\/p>\n<p style=\"text-align: justify;\"><strong>El impulso de los Centros de Negocios de SERCOTEC<\/strong><\/p>\n<p style=\"text-align: justify;\">La iniciativa <em>Yo Compro Local<\/em>, impulsada por los Centros de Negocios de SERCOTEC de Puerto Ays\u00e9n y Coyhaique, ha beneficiado a 14 emprendedoras y emprendedores de la regi\u00f3n, quienes hoy cuentan con nuevas vitrinas de comercializaci\u00f3n en Coyhaique y Puerto Ays\u00e9n. M\u00e1s que una estrategia de apoyo a la venta de productos regionales, este programa ha sido un proceso formativo integral que incluye asesor\u00edas t\u00e9cnicas, formaci\u00f3n especializada, ruedas de negocios y el fortalecimiento de redes colaborativas, generando un impacto concreto en la econom\u00eda local y en el posicionamiento de marcas con identidad patag\u00f3nica, permitiendo la proyecci\u00f3n de los emprendimientos, y por ende, la\u00a0 integraci\u00f3n comercial, a trav\u00e9s del impacto de la asesor\u00eda de los Centros de Negocios.<\/p>\n<p style=\"text-align: justify;\">As\u00ed lo indic\u00f3 Nelly Vargas Mansilla, directora regional de SERCOTEC, quien enfatiz\u00f3: \u201cPara nosotros como SERCOTEC es s\u00faper importante esta inauguraci\u00f3n, ya que nos entrega un nuevo punto de comercializaci\u00f3n para los clientes de los Centros. Esto implica un impacto real en el desarrollo econ\u00f3mico local. Queremos hoy d\u00eda potenciar nuestra econom\u00eda y esta es una excelente instancia para que la gente conozca productos regionales\u201d, sostuvo.<\/p>\n<p style=\"text-align: justify;\">Por su parte Felipe Rojas Pizarro, Seremi de Econom\u00eda de Ays\u00e9n, relev\u00f3 el valor de esta articulaci\u00f3n: \u201cComo Gobierno estamos muy motivados para que cada uno de los emprendedores de Ays\u00e9n tenga un espacio de comercializaci\u00f3n. En este caso, Tienda El Gran Calafate abre sus puertas para apoyar a los emprendedores, por lo que invitamos a la comunidad a conocer y preferir estos productos\u201d.<\/p>\n<p style=\"text-align: justify;\"><strong>Paulina Medina<\/strong> e <strong>Iv\u00e1n Cabezas<\/strong>, ambos \u00a0jefes de los Centros de Negocios SERCOTEC Ays\u00e9n, destacaron la vinculaci\u00f3n entre empresa regional y emprendimientos locales, fortalecida tras un a\u00f1o de preparaci\u00f3n. \u201cEste punto comercial es clave porque es una empresa regional que nos abre sus puertas. Es fruto de un trabajo desarrollado durante 2024, donde capacitamos y preparamos a los emprendedores para este momento\u201d, se\u00f1al\u00f3 Iv\u00e1n Cabezas.<\/p>\n<p style=\"text-align: justify;\"><strong>Comercio justo, colaboraci\u00f3n y econom\u00eda con rostro humano<\/strong><\/p>\n<p style=\"text-align: justify;\">La actividad evidenci\u00f3 el valor de una econom\u00eda con identidad territorial, que articula voluntades p\u00fablicas y privadas en favor del ecosistema emprendedor regional. En este contexto, el Gerente General de la tienda Jos\u00e9 Miguel Eterovic, subray\u00f3: \u201cEn Gran Calafate creemos profundamente en el talento local. Por eso, nos comprometemos cada d\u00eda a abrir nuestras puertas a los emprendedores de la regi\u00f3n. Nos mueve el desarrollo de Ays\u00e9n, y por eso valoramos iniciativas como la de Sercotec, que entrega herramientas reales a quienes sue\u00f1an con hacer crecer su negocio. Ac\u00e1 siempre encontrar\u00e1n un espacio para mostrar su trabajo y seguir creciendo juntos.\u201d<\/p>\n<\/div><\/section><\/div><div  style='height:50px' class='hr hr-invisible   avia-builder-el-6  el_after_av_one_full  el_before_av_social_share '><span class='hr-inner ' ><span class='hr-inner-style'><\/span><\/span><\/div><\/p>\n<div  class='av-social-sharing-box  avia-builder-el-7  el_after_av_hr  el_before_av_hr  '><div class='av-share-box'><h5 class='av-share-link-description av-no-toc '>Compartir esta noticia<\/h5><ul class='av-share-box-list noLightbox'><li class='av-share-link av-social-link-facebook' ><a target=\"_blank\" aria-label=\"Compartir en Facebook\" href='https:\/\/www.facebook.com\/sharer.php?u=https:\/\/radiorevelacionfm.cl\/?p=54773&#038;t=Destacando%20el%20sabor%2C%20la%20identidad%20y%20el%20comercio%20justo%3A%20%20%09Se%20inaugur%C3%B3%20el%20nuevo%20punto%20de%20venta%20Yo%20Compro%20Local%20en%20Tienda%20El%20Gran%20Calafate' aria-hidden='false' data-av_icon='\ue8f3' data-av_iconfont='entypo-fontello' title='' data-avia-related-tooltip='Compartir en Facebook' rel=\"noopener\"><span class='avia_hidden_link_text'>Compartir en Facebook<\/span><\/a><\/li><li class='av-share-link av-social-link-twitter' ><a target=\"_blank\" aria-label=\"Compartir en Twitter\" href='https:\/\/twitter.com\/share?text=Destacando%20el%20sabor%2C%20la%20identidad%20y%20el%20comercio%20justo%3A%20%20%09Se%20inaugur%C3%B3%20el%20nuevo%20punto%20de%20venta%20Yo%20Compro%20Local%20en%20Tienda%20El%20Gran%20Calafate&#038;url=https:\/\/radiorevelacionfm.cl\/?p=54773' aria-hidden='false' data-av_icon='\ue8f1' data-av_iconfont='entypo-fontello' title='' data-avia-related-tooltip='Compartir en Twitter' rel=\"noopener\"><span class='avia_hidden_link_text'>Compartir en Twitter<\/span><\/a><\/li><li class='av-share-link av-social-link-whatsapp' ><a target=\"_blank\" aria-label=\"Compartir en Whatsapp\" href='https:\/\/api.whatsapp.com\/send?text=https:\/\/radiorevelacionfm.cl\/?p=54773' aria-hidden='false' data-av_icon='\uf232' data-av_iconfont='entypo-fontello' title='' data-avia-related-tooltip='Compartir en Whatsapp' rel=\"noopener\"><span class='avia_hidden_link_text'>Compartir en Whatsapp<\/span><\/a><\/li><li class='av-share-link av-social-link-linkedin' ><a target=\"_blank\" aria-label=\"Compartir en LinkedIn\" href='https:\/\/linkedin.com\/shareArticle?mini=true&#038;title=Destacando%20el%20sabor%2C%20la%20identidad%20y%20el%20comercio%20justo%3A%20%20%09Se%20inaugur%C3%B3%20el%20nuevo%20punto%20de%20venta%20Yo%20Compro%20Local%20en%20Tienda%20El%20Gran%20Calafate&#038;url=https:\/\/radiorevelacionfm.cl\/?p=54773' aria-hidden='false' data-av_icon='\ue8fc' data-av_iconfont='entypo-fontello' title='' data-avia-related-tooltip='Compartir en LinkedIn' rel=\"noopener\"><span class='avia_hidden_link_text'>Compartir en LinkedIn<\/span><\/a><\/li><li class='av-share-link av-social-link-mail' ><a  aria-label=\"Compartir por correo\" href='mailto:?subject=Destacando%20el%20sabor%2C%20la%20identidad%20y%20el%20comercio%20justo%3A%20%20%09Se%20inaugur%C3%B3%20el%20nuevo%20punto%20de%20venta%20Yo%20Compro%20Local%20en%20Tienda%20El%20Gran%20Calafate&#038;body=https:\/\/radiorevelacionfm.cl\/?p=54773' aria-hidden='false' data-av_icon='\ue805' data-av_iconfont='entypo-fontello' title='' data-avia-related-tooltip='Compartir por correo'><span class='avia_hidden_link_text'>Compartir por correo<\/span><\/a><\/li><\/ul><\/div><\/div>\n<div  style='height:50px' class='hr hr-invisible   avia-builder-el-8  el_after_av_social_share  el_before_av_comments_list '><span class='hr-inner ' ><span class='hr-inner-style'><\/span><\/span><\/div>\n<div  class='av-buildercomment  av-blog-meta-html-info-disabled av-blog-meta-tag-disabled  '><\/div>\n","protected":false},"excerpt":{"rendered":"","protected":false},"author":1,"featured_media":54774,"comment_status":"closed","ping_status":"closed","sticky":false,"template":"","format":"standard","meta":{"footnotes":""},"categories":[37],"tags":[],"class_list":["post-54773","post","type-post","status-publish","format-standard","has-post-thumbnail","hentry","category-economia"],"jetpack_featured_media_url":"https:\/\/radiorevelacionfm.cl\/wp-content\/uploads\/2025\/06\/Foto-3-66-1-1.jpg","_links":{"self":[{"href":"https:\/\/radiorevelacionfm.cl\/index.php?rest_route=\/wp\/v2\/posts\/54773","targetHints":{"allow":["GET"]}}],"collection":[{"href":"https:\/\/radiorevelacionfm.cl\/index.php?rest_route=\/wp\/v2\/posts"}],"about":[{"href":"https:\/\/radiorevelacionfm.cl\/index.php?rest_route=\/wp\/v2\/types\/post"}],"author":[{"embeddable":true,"href":"https:\/\/radiorevelacionfm.cl\/index.php?rest_route=\/wp\/v2\/users\/1"}],"replies":[{"embeddable":true,"href":"https:\/\/radiorevelacionfm.cl\/index.php?rest_route=%2Fwp%2Fv2%2Fcomments&post=54773"}],"version-history":[{"count":2,"href":"https:\/\/radiorevelacionfm.cl\/index.php?rest_route=\/wp\/v2\/posts\/54773\/revisions"}],"predecessor-version":[{"id":54797,"href":"https:\/\/radiorevelacionfm.cl\/index.php?rest_route=\/wp\/v2\/posts\/54773\/revisions\/54797"}],"wp:featuredmedia":[{"embeddable":true,"href":"https:\/\/radiorevelacionfm.cl\/index.php?rest_route=\/wp\/v2\/media\/54774"}],"wp:attachment":[{"href":"https:\/\/radiorevelacionfm.cl\/index.php?rest_route=%2Fwp%2Fv2%2Fmedia&parent=54773"}],"wp:term":[{"taxonomy":"category","embeddable":true,"href":"https:\/\/radiorevelacionfm.cl\/index.php?rest_route=%2Fwp%2Fv2%2Fcategories&post=54773"},{"taxonomy":"post_tag","embeddable":true,"href":"https:\/\/radiorevelacionfm.cl\/index.php?rest_route=%2Fwp%2Fv2%2Ftags&post=54773"}],"curies":[{"name":"wp","href":"https:\/\/api.w.org\/{rel}","templated":true}]}}