{"id":54769,"date":"2025-06-03T15:23:53","date_gmt":"2025-06-03T18:23:53","guid":{"rendered":"https:\/\/radiorevelacionfm.cl\/?p=54769"},"modified":"2025-06-03T15:23:53","modified_gmt":"2025-06-03T18:23:53","slug":"comunidad-de-tortel-participa-en-taller-que-pone-en-valor-a-las-riquezas-del-area-de-conservacion","status":"publish","type":"post","link":"https:\/\/radiorevelacionfm.cl\/?p=54769","title":{"rendered":"Comunidad de Tortel participa en taller que pone en valor a las riquezas del \u00c1rea de Conservaci\u00f3n."},"content":{"rendered":"<div class=\"flex_column av_one_full  flex_column_div av-zero-column-padding first  avia-builder-el-0  el_before_av_one_full  avia-builder-el-first  \" style='border-radius:0px; '><div  class='avia-image-container  av-styling-    avia-builder-el-1  avia-builder-el-no-sibling  avia-align-center '  itemprop=\"image\" itemscope=\"itemscope\" itemtype=\"https:\/\/schema.org\/ImageObject\"  ><div class='avia-image-container-inner'><div class='avia-image-overlay-wrap'><img decoding=\"async\" class='wp-image-54770 avia-img-lazy-loading-not-54770 avia_image' src=\"https:\/\/radiorevelacionfm.cl\/wp-content\/uploads\/2025\/06\/1-2025-06-03t151309_optimized.481-1.jpg\" alt='' title='1---2025-06-03t151309_optimized.481-(1)' height=\"600\" width=\"1065\"  itemprop=\"thumbnailUrl\" srcset=\"https:\/\/radiorevelacionfm.cl\/wp-content\/uploads\/2025\/06\/1-2025-06-03t151309_optimized.481-1.jpg 1065w, https:\/\/radiorevelacionfm.cl\/wp-content\/uploads\/2025\/06\/1-2025-06-03t151309_optimized.481-1-300x169.jpg 300w, https:\/\/radiorevelacionfm.cl\/wp-content\/uploads\/2025\/06\/1-2025-06-03t151309_optimized.481-1-1030x580.jpg 1030w, https:\/\/radiorevelacionfm.cl\/wp-content\/uploads\/2025\/06\/1-2025-06-03t151309_optimized.481-1-768x433.jpg 768w, https:\/\/radiorevelacionfm.cl\/wp-content\/uploads\/2025\/06\/1-2025-06-03t151309_optimized.481-1-705x397.jpg 705w, https:\/\/radiorevelacionfm.cl\/wp-content\/uploads\/2025\/06\/1-2025-06-03t151309_optimized.481-1-450x254.jpg 450w, https:\/\/radiorevelacionfm.cl\/wp-content\/uploads\/2025\/06\/1-2025-06-03t151309_optimized.481-1-600x338.jpg 600w\" sizes=\"(max-width: 1065px) 100vw, 1065px\" \/><\/div><\/div><\/div><\/div><div class=\"flex_column av_one_full  flex_column_div av-zero-column-padding first  avia-builder-el-2  el_after_av_one_full  el_before_av_one_full  column-top-margin\" style='border-radius:0px; '><section class=\"av_textblock_section \"  itemscope=\"itemscope\" itemtype=\"https:\/\/schema.org\/BlogPosting\" itemprop=\"blogPost\" ><div class='avia_textblock  '   itemprop=\"text\" ><p style=\"text-align: center;\"><span style=\"font-size: 18pt;\"><strong>Comunidad de Tortel participa en taller que pone en valor a las riquezas del \u00c1rea de Conservaci\u00f3n.<\/strong><\/span><\/p>\n<div id=\"gtx-trans\" style=\"position: absolute; left: -50px; top: 4.31534px;\">\n<div class=\"gtx-trans-icon\"><\/div>\n<\/div>\n<\/div><\/section><\/div><div class=\"flex_column av_one_full  flex_column_div av-zero-column-padding first  avia-builder-el-4  el_after_av_one_full  el_before_av_hr  column-top-margin\" style='border-radius:0px; '><section class=\"av_textblock_section \"  itemscope=\"itemscope\" itemtype=\"https:\/\/schema.org\/BlogPosting\" itemprop=\"blogPost\" ><div class='avia_textblock  '   itemprop=\"text\" ><p style=\"text-align: justify;\">La comunidad de Caleta Tortel avanza con paso firme hacia la concreci\u00f3n del plan de manejo de su \u00c1rea de Conservaci\u00f3n de M\u00faltiples Usos, ACMU- Tortel. Recientemente, a trav\u00e9s de un taller pr\u00e1ctico organizado por la Seremi del Medio Ambiente y la Municipalidad de Tortel, se presentaron los antecedentes del ACMU y el modelo de gobernanza que se pretende implementar.<\/p>\n<p style=\"text-align: justify;\"><em>\u201cEsta actividad responde a una solicitud especifica de los representantes de las organizaciones comunitarias locales para profundizar en este trabajo,\u00a0 y dimos respuesta r\u00e1pidamente porque para nosotros esto es clave, ya tenemos la experiencia con el ACMU de Pitipalena A\u00f1ihue y sabemos que es la comunidad quien tiene la primera voz y vigilancia en los territorios, as\u00ed que aqu\u00ed estamos, poniendo todos los elementos a disposici\u00f3n para concretar el plan de manejo\u201d,<\/em> declar\u00f3 el Seremi del medio Ambiente, Yoal D\u00edaz.<\/p>\n<p style=\"text-align: justify;\">Durante la jornada se dio a conocer la situaci\u00f3n actual del Estado de aprobaci\u00f3n del Plan Manejo ACMU Tortel; las acciones preparadas para el a\u00f1o 2025, como el Monitoreo de variables ambientales; y un taller de mano de la Municipalidad de Tortel y Oceana para avanzar en una de las acciones consideradas en el futuro plan de manejo, que es la Estrategia de Buenas Pr\u00e1cticas del Turismo.<\/p>\n<p style=\"text-align: justify;\">Respecto a la jornada el operador tur\u00edstico de Tortel, Diego Burgos, valor\u00f3 la instancia de intercambio<em> \u201cnos lleva a seguir aprendiendo acerca del maritorio que nos rodea, en cuanto a su l\u00edmite y las especies que lo habitan. Y as\u00ed mismo nos sirvi\u00f3 para plantearnos algunas interrogantes respecto a los que trabajamos en turismo. \u00bfC\u00f3mo poder abrir una ventana? Quiz\u00e1 un producto tur\u00edstico que abarque el \u00e1rea marina costera protegida como destino, navegar por el \u00e1rea marina y dentro de eso contar con material de apoyo, ya sea visual, de un relato, como se plante\u00f3, en donde todos podamos abordar la informaci\u00f3n de forma uniforme en el pueblo\u201d.<\/em><\/p>\n<p style=\"text-align: justify;\">Por su parte, el participante Eduardo Velasquez, comparti\u00f3 <em>\u201cesta idea me import\u00f3 mucho, me interes\u00f3 porque es una forma de aprender y tambi\u00e9n hay una llamada de conciencia de que proteger el \u00e1rea marina de nuestra comuna y tambi\u00e9n reflejar la riqueza o la diferencia que abarca a otros sectores del pa\u00eds o del mundo en cuanto a la vegetaci\u00f3n, la parte mar\u00edtima tambi\u00e9n por la traves\u00eda de agua dulce hacia el mar, a los canales, a los fiordos, con la mezcla de agua salada, que es una caracter\u00edstica muy especial en nuestra comuna Caleta Tortel.\u201d<\/em><\/p>\n<p style=\"text-align: justify;\">Respecto del proceso, la autoridad ambiental relat\u00f3 que durante el recorrido hacia la concreci\u00f3n del plan de manejo del ACMU Tortel se han implementado una serie de acciones como: el \u00abTaller a Mar Abierto\u00bb, junto la c\u00e1mara de comercio y turismo donde se naveg\u00f3 con operadores de comercio dentro del ACMU y se dictaron charlas sobre buenas pr\u00e1cticas para el avistamiento de fauna; as\u00ed tambi\u00e9n se ha realizado un \u00a0trabajo continuo con la Universidad de Ays\u00e9n , donde destaca la charla sobre ADN Ambiental; \u00a0y con el centro COPAS donde se detall\u00f3 el proceso para realizar el monitoreo oceanogr\u00e1fico y de plancton. Adicionalmente se realiz\u00f3 tambi\u00e9n una navegaci\u00f3n con ni\u00f1os y ni\u00f1as de la localidad que son parte del Consejo Consultivo de estudiantes de la localidad para que conocieran los detalles del ACMU en una jornada de Educaci\u00f3n Ambiental<\/p>\n<p style=\"text-align: justify;\">As\u00ed tambi\u00e9n coment\u00f3 que para el a\u00f1o 2025, adem\u00e1s del taller recientemente realizado, se est\u00e1 organizando una nueva jornada de navegaci\u00f3n dentro del ACMU con talleres interactivos para comunidad y ni\u00f1os, y se est\u00e1 trabajando la construcci\u00f3n de un relato para que los operadores tur\u00edsticos puedan abordar las caracter\u00edsticas del ACMU con sus visitantes y as\u00ed tambi\u00e9n posibles nuevas rutas de navegaci\u00f3n y buenas pr\u00e1cticas para el avistamiento de fauna.<\/p>\n<\/div><\/section><\/div><div  style='height:50px' class='hr hr-invisible   avia-builder-el-6  el_after_av_one_full  el_before_av_social_share '><span class='hr-inner ' ><span class='hr-inner-style'><\/span><\/span><\/div><\/p>\n<div  class='av-social-sharing-box  avia-builder-el-7  el_after_av_hr  el_before_av_hr  '><div class='av-share-box'><h5 class='av-share-link-description av-no-toc '>Compartir esta noticia<\/h5><ul class='av-share-box-list noLightbox'><li class='av-share-link av-social-link-facebook' ><a target=\"_blank\" aria-label=\"Compartir en Facebook\" href='https:\/\/www.facebook.com\/sharer.php?u=https:\/\/radiorevelacionfm.cl\/?p=54769&#038;t=Comunidad%20de%20Tortel%20participa%20en%20taller%20que%20pone%20en%20valor%20a%20las%20riquezas%20del%20%C3%81rea%20de%20Conservaci%C3%B3n.' aria-hidden='false' data-av_icon='\ue8f3' data-av_iconfont='entypo-fontello' title='' data-avia-related-tooltip='Compartir en Facebook' rel=\"noopener\"><span class='avia_hidden_link_text'>Compartir en Facebook<\/span><\/a><\/li><li class='av-share-link av-social-link-twitter' ><a target=\"_blank\" aria-label=\"Compartir en Twitter\" href='https:\/\/twitter.com\/share?text=Comunidad%20de%20Tortel%20participa%20en%20taller%20que%20pone%20en%20valor%20a%20las%20riquezas%20del%20%C3%81rea%20de%20Conservaci%C3%B3n.&#038;url=https:\/\/radiorevelacionfm.cl\/?p=54769' aria-hidden='false' data-av_icon='\ue8f1' data-av_iconfont='entypo-fontello' title='' data-avia-related-tooltip='Compartir en Twitter' rel=\"noopener\"><span class='avia_hidden_link_text'>Compartir en Twitter<\/span><\/a><\/li><li class='av-share-link av-social-link-whatsapp' ><a target=\"_blank\" aria-label=\"Compartir en Whatsapp\" href='https:\/\/api.whatsapp.com\/send?text=https:\/\/radiorevelacionfm.cl\/?p=54769' aria-hidden='false' data-av_icon='\uf232' data-av_iconfont='entypo-fontello' title='' data-avia-related-tooltip='Compartir en Whatsapp' rel=\"noopener\"><span class='avia_hidden_link_text'>Compartir en Whatsapp<\/span><\/a><\/li><li class='av-share-link av-social-link-linkedin' ><a target=\"_blank\" aria-label=\"Compartir en LinkedIn\" href='https:\/\/linkedin.com\/shareArticle?mini=true&#038;title=Comunidad%20de%20Tortel%20participa%20en%20taller%20que%20pone%20en%20valor%20a%20las%20riquezas%20del%20%C3%81rea%20de%20Conservaci%C3%B3n.&#038;url=https:\/\/radiorevelacionfm.cl\/?p=54769' aria-hidden='false' data-av_icon='\ue8fc' data-av_iconfont='entypo-fontello' title='' data-avia-related-tooltip='Compartir en LinkedIn' rel=\"noopener\"><span class='avia_hidden_link_text'>Compartir en LinkedIn<\/span><\/a><\/li><li class='av-share-link av-social-link-mail' ><a  aria-label=\"Compartir por correo\" href='mailto:?subject=Comunidad%20de%20Tortel%20participa%20en%20taller%20que%20pone%20en%20valor%20a%20las%20riquezas%20del%20%C3%81rea%20de%20Conservaci%C3%B3n.&#038;body=https:\/\/radiorevelacionfm.cl\/?p=54769' aria-hidden='false' data-av_icon='\ue805' data-av_iconfont='entypo-fontello' title='' data-avia-related-tooltip='Compartir por correo'><span class='avia_hidden_link_text'>Compartir por correo<\/span><\/a><\/li><\/ul><\/div><\/div>\n<div  style='height:50px' class='hr hr-invisible   avia-builder-el-8  el_after_av_social_share  el_before_av_comments_list '><span class='hr-inner ' ><span class='hr-inner-style'><\/span><\/span><\/div>\n<div  class='av-buildercomment  av-blog-meta-html-info-disabled av-blog-meta-tag-disabled  '><\/div>\n","protected":false},"excerpt":{"rendered":"","protected":false},"author":1,"featured_media":54770,"comment_status":"closed","ping_status":"closed","sticky":false,"template":"","format":"standard","meta":{"footnotes":""},"categories":[39],"tags":[],"class_list":["post-54769","post","type-post","status-publish","format-standard","has-post-thumbnail","hentry","category-medio-ambiente"],"jetpack_featured_media_url":"https:\/\/radiorevelacionfm.cl\/wp-content\/uploads\/2025\/06\/1-2025-06-03t151309_optimized.481-1.jpg","_links":{"self":[{"href":"https:\/\/radiorevelacionfm.cl\/index.php?rest_route=\/wp\/v2\/posts\/54769","targetHints":{"allow":["GET"]}}],"collection":[{"href":"https:\/\/radiorevelacionfm.cl\/index.php?rest_route=\/wp\/v2\/posts"}],"about":[{"href":"https:\/\/radiorevelacionfm.cl\/index.php?rest_route=\/wp\/v2\/types\/post"}],"author":[{"embeddable":true,"href":"https:\/\/radiorevelacionfm.cl\/index.php?rest_route=\/wp\/v2\/users\/1"}],"replies":[{"embeddable":true,"href":"https:\/\/radiorevelacionfm.cl\/index.php?rest_route=%2Fwp%2Fv2%2Fcomments&post=54769"}],"version-history":[{"count":2,"href":"https:\/\/radiorevelacionfm.cl\/index.php?rest_route=\/wp\/v2\/posts\/54769\/revisions"}],"predecessor-version":[{"id":54772,"href":"https:\/\/radiorevelacionfm.cl\/index.php?rest_route=\/wp\/v2\/posts\/54769\/revisions\/54772"}],"wp:featuredmedia":[{"embeddable":true,"href":"https:\/\/radiorevelacionfm.cl\/index.php?rest_route=\/wp\/v2\/media\/54770"}],"wp:attachment":[{"href":"https:\/\/radiorevelacionfm.cl\/index.php?rest_route=%2Fwp%2Fv2%2Fmedia&parent=54769"}],"wp:term":[{"taxonomy":"category","embeddable":true,"href":"https:\/\/radiorevelacionfm.cl\/index.php?rest_route=%2Fwp%2Fv2%2Fcategories&post=54769"},{"taxonomy":"post_tag","embeddable":true,"href":"https:\/\/radiorevelacionfm.cl\/index.php?rest_route=%2Fwp%2Fv2%2Ftags&post=54769"}],"curies":[{"name":"wp","href":"https:\/\/api.w.org\/{rel}","templated":true}]}}