{"id":54766,"date":"2025-06-03T17:42:34","date_gmt":"2025-06-03T20:42:34","guid":{"rendered":"https:\/\/radiorevelacionfm.cl\/?p=54766"},"modified":"2025-08-26T15:33:12","modified_gmt":"2025-08-26T18:33:12","slug":"consejo-superior-uaysen-aprueba-nueva-carrera-de-ingenieria-civil-en-energias-renovables-y-magister-en-gestion-del-cambio-climatico","status":"publish","type":"post","link":"https:\/\/radiorevelacionfm.cl\/?p=54766","title":{"rendered":"Consejo Superior UAys\u00e9n aprueba nueva carrera de Ingenier\u00eda Civil en Energ\u00edas Renovables y Mag\u00edster en Gesti\u00f3n del Cambio Clim\u00e1tico"},"content":{"rendered":"<div class=\"flex_column av_one_full  flex_column_div av-zero-column-padding first  avia-builder-el-0  el_before_av_one_full  avia-builder-el-first  \" style='border-radius:0px; '><div  class='avia-image-container  av-styling-    avia-builder-el-1  avia-builder-el-no-sibling  avia-align-center '  itemprop=\"image\" itemscope=\"itemscope\" itemtype=\"https:\/\/schema.org\/ImageObject\"  ><div class='avia-image-container-inner'><div class='avia-image-overlay-wrap'><img decoding=\"async\" class='wp-image-58291 avia-img-lazy-loading-not-58291 avia_image' src=\"https:\/\/radiorevelacionfm.cl\/wp-content\/uploads\/2025\/08\/estudiantes-3-1_optimized-2-1.jpeg\" alt='' title='estudiantes-(3)-(1)_optimized (2) (1)' height=\"600\" width=\"860\"  itemprop=\"thumbnailUrl\" srcset=\"https:\/\/radiorevelacionfm.cl\/wp-content\/uploads\/2025\/08\/estudiantes-3-1_optimized-2-1.jpeg 860w, https:\/\/radiorevelacionfm.cl\/wp-content\/uploads\/2025\/08\/estudiantes-3-1_optimized-2-1-300x209.jpeg 300w, https:\/\/radiorevelacionfm.cl\/wp-content\/uploads\/2025\/08\/estudiantes-3-1_optimized-2-1-768x536.jpeg 768w, https:\/\/radiorevelacionfm.cl\/wp-content\/uploads\/2025\/08\/estudiantes-3-1_optimized-2-1-705x492.jpeg 705w, https:\/\/radiorevelacionfm.cl\/wp-content\/uploads\/2025\/08\/estudiantes-3-1_optimized-2-1-450x314.jpeg 450w, https:\/\/radiorevelacionfm.cl\/wp-content\/uploads\/2025\/08\/estudiantes-3-1_optimized-2-1-600x419.jpeg 600w\" sizes=\"(max-width: 860px) 100vw, 860px\" \/><\/div><\/div><\/div><\/div><div class=\"flex_column av_one_full  flex_column_div av-zero-column-padding first  avia-builder-el-2  el_after_av_one_full  el_before_av_one_full  column-top-margin\" style='border-radius:0px; '><section class=\"av_textblock_section \"  itemscope=\"itemscope\" itemtype=\"https:\/\/schema.org\/BlogPosting\" itemprop=\"blogPost\" ><div class='avia_textblock  '   itemprop=\"text\" ><p style=\"text-align: center;\"><strong><span style=\"font-size: 18pt;\">Consejo Superior UAys\u00e9n aprueba nueva carrera de Ingenier\u00eda Civil en Energ\u00edas Renovables y Mag\u00edster en Gesti\u00f3n del Cambio Clim\u00e1tico<\/span><\/strong><\/p>\n<div id=\"gtx-trans\" style=\"position: absolute; left: -50px; top: 4.31534px;\">\n<div class=\"gtx-trans-icon\"><\/div>\n<\/div>\n<\/div><\/section><\/div><\/p>\n<div class=\"flex_column av_one_full  flex_column_div av-zero-column-padding first  avia-builder-el-4  el_after_av_one_full  el_before_av_hr  column-top-margin\" style='border-radius:0px; '><section class=\"av_textblock_section \"  itemscope=\"itemscope\" itemtype=\"https:\/\/schema.org\/BlogPosting\" itemprop=\"blogPost\" ><div class='avia_textblock  '   itemprop=\"text\" ><p dir=\"ltr\" style=\"text-align: justify;\"><em>La apertura de estos nuevos programas acad\u00e9micos, se suman a las carreras de Derecho y Administraci\u00f3n P\u00fablica para el 2026,\u00a0 reafirman el compromiso de la UAys\u00e9n con la formaci\u00f3n de profesionales que respondan a los desaf\u00edos del desarrollo sostenible y el cambio clim\u00e1tico desde una perspectiva regional, p\u00fablica e interdisciplinaria.\u00a0<\/em><\/p>\n<p dir=\"ltr\" style=\"text-align: justify;\">En la sesi\u00f3n del pasado jueves 22 de mayo, el Consejo Superior de la Universidad de Ays\u00e9n aprob\u00f3 dos nuevos innovadores e in\u00e9ditos programas acad\u00e9micos que impartir\u00e1 la casa de estudios regional y estatal: la carrera de\u00a0Ingenier\u00eda Civil en Energ\u00edas Renovables\u00a0y el\u00a0Mag\u00edster en Gesti\u00f3n del Cambio Clim\u00e1tico, programas que antes de su implementaci\u00f3n en 2026 deber\u00e1n ser aprobados por la\u00a0Comisi\u00f3n Nacional de Acreditaci\u00f3n (CNA).<\/p>\n<p dir=\"ltr\" style=\"text-align: justify;\">Seg\u00fan inform\u00f3 el la m\u00e1xima autoridad de la UAys\u00e9n, Juan Pablo Prieto, esta es una gran noticia para la casa de estudios, la regi\u00f3n y el pa\u00eds ya que ambos programas son altamente relevantes y pertinentes frente a los desaf\u00edos globales, nacionales y, especialmente, a las oportunidades y necesidades espec\u00edficas de la Regi\u00f3n de Ays\u00e9n. \u00abRespecto a la carrera de Ingenier\u00eda Civil en Energ\u00edas Renovables, por supuesto, va a abordar todo el desarrollo de las energ\u00edas renovables en el pa\u00eds, especialmente enfocado en este territorio. Y sabemos que ese es un tema muy importante, que tambi\u00e9n tiene que ver con el cambio clim\u00e1tico, pero tambi\u00e9n con la debilidad, la fragilidad de nuestro sistema energ\u00e9tico regional. De manera que esperamos que estos profesionales, cuando egresen, aporten a ese desarrollo de la regi\u00f3n y tambi\u00e9n en el dise\u00f1o, las pol\u00edticas y los programas que se deben realizar para asegurar la soberan\u00eda energ\u00e9tica de esta regi\u00f3n, basada en energ\u00edas renovables no convencionales\u00bb, explic\u00f3.<\/p>\n<p dir=\"ltr\" style=\"text-align: justify;\">En la misma l\u00ednea, la jefa del Departamento de Ciencias Naturales y Tecnolog\u00eda, Dra. Paulina Flores, valor\u00f3 la apertura y el sello diferenciador de la carrera, destac\u00e1ndola como una propuesta innovadora que busca preparar profesionales capaces de enfrentar los desaf\u00edos del desarrollo sostenible desde una mirada cr\u00edtica, interdisciplinaria y con profundo compromiso social y ambiental. \u00abEsta nueva carrera tiene como objetivo formar ingenieras e ingenieros con s\u00f3lidos conocimientos en ciencias b\u00e1sicas, ingenier\u00eda aplicada, dise\u00f1o, implementaci\u00f3n y evaluaci\u00f3n de proyectos energ\u00e9ticos basados en fuentes renovables. A su vez, promueve habilidades de liderazgo orientadas al desarrollo y bienestar de las comunidades\u00bb, puntualiz\u00f3.<\/p>\n<p dir=\"ltr\" style=\"text-align: justify;\">La acad\u00e9mica tambi\u00e9n se\u00f1al\u00f3 que esta propuesta acad\u00e9mica \u00abpone especial \u00e9nfasis en la equidad territorial, la descentralizaci\u00f3n y la democratizaci\u00f3n del acceso a la energ\u00eda, formando profesionales que puedan aportar soluciones concretas desde una perspectiva regional y con vocaci\u00f3n p\u00fablica. Con esta nueva oferta, la Universidad de Ays\u00e9n reafirma su compromiso con la innovaci\u00f3n, el fortalecimiento del capital humano especializado y la transformaci\u00f3n energ\u00e9tica, contribuyendo desde el sur austral a un pa\u00eds m\u00e1s justo, sustentable y resiliente\u00bb, expres\u00f3.<\/p>\n<p dir=\"ltr\" style=\"text-align: justify;\">Respecto al\u00a0Mag\u00edster en Gesti\u00f3n del Cambio Clim\u00e1tico, el administrador provisional enfatiz\u00f3 que su apertura representa un hito hist\u00f3rico para la Universidad de Ays\u00e9n, la regi\u00f3n y el pa\u00eds, ya que se trata del primer programa de posgrado que la instituci\u00f3n ofrecer\u00e1 a la comunidad. \u00abSe trata de un programa tambi\u00e9n muy central, muy identitario respecto a la Universidad de Ays\u00e9n, ya que es interdisciplinar y aborda la gesti\u00f3n y la mitigaci\u00f3n del cambio clim\u00e1tico desde diversas disciplinas: desde la salud, los temas comunitarios y sociales, y, por supuesto, el medio ambiente. Esperamos que este mag\u00edster tambi\u00e9n sea una luz para la regi\u00f3n. Y a su vez, es muy importante que va a ser el primero en su categor\u00eda en el pa\u00eds. De manera que tambi\u00e9n ah\u00ed estamos innovando y aportando una nueva mirada a grandes problem\u00e1ticas que tiene el mundo y esta regi\u00f3n en particular, como laboratorio natural\u00bb, explic\u00f3.<\/p>\n<p dir=\"ltr\" style=\"text-align: justify;\">Por su parte, el acad\u00e9mico del Departamento de Ciencias Naturales y Tecnolog\u00eda y director del Mag\u00edster en Gesti\u00f3n del Cambio Clim\u00e1tico, Dr. Carlos Zamorano, explic\u00f3 los principales alcances del posgrado que comenzar\u00e1 a impartirse el pr\u00f3ximo a\u00f1o. \u00abEste programa est\u00e1 dedicado a profesionales y tendr\u00e1 un r\u00e9gimen vespertino y formato online, lo que permite compatibilizar las labores profesionales de potenciales interesados e interesadas con la formaci\u00f3n y con la profundizaci\u00f3n de estos procesos formativos que son tan importantes, no solamente para quienes viven en la regi\u00f3n, sino que tambi\u00e9n para quienes est\u00e9n interesados en estos temas en distintos lugares del pa\u00eds e incluso fuera del pa\u00eds. Tendr\u00e1 actividades sincr\u00f3nicas y asincr\u00f3nicas, y tambi\u00e9n se considera una actividad presencial intensiva de dos semanas, en las cuales vamos a recorrer fiordos, glaciares y bosques. Ser\u00e1n recorridos que se basan tambi\u00e9n en problem\u00e1ticas reales y que pueden representar potenciales trabajos de fin de mag\u00edster\u00bb, se\u00f1al\u00f3.<\/p>\n<p dir=\"ltr\" style=\"text-align: justify;\">Finalmente, Juan Pablo Prieto recalc\u00f3 que ambos programas deber\u00e1n ser aprobados por la Comisi\u00f3n Nacional de Acreditaci\u00f3n (CNA) antes de su implementaci\u00f3n, proyectada para el a\u00f1o 2026.<\/p>\n<\/div><\/section><\/div>\n<div  style='height:50px' class='hr hr-invisible   avia-builder-el-6  el_after_av_one_full  el_before_av_social_share '><span class='hr-inner ' ><span class='hr-inner-style'><\/span><\/span><\/div>\n<div  class='av-social-sharing-box  avia-builder-el-7  el_after_av_hr  el_before_av_hr  '><div class='av-share-box'><h5 class='av-share-link-description av-no-toc '>Compartir esta noticia<\/h5><ul class='av-share-box-list noLightbox'><li class='av-share-link av-social-link-facebook' ><a target=\"_blank\" aria-label=\"Compartir en Facebook\" href='https:\/\/www.facebook.com\/sharer.php?u=https:\/\/radiorevelacionfm.cl\/?p=54766&#038;t=Consejo%20Superior%20UAys%C3%A9n%20aprueba%20nueva%20carrera%20de%20Ingenier%C3%ADa%20Civil%20en%20Energ%C3%ADas%20Renovables%20y%20Mag%C3%ADster%20en%20Gesti%C3%B3n%20del%20Cambio%20Clim%C3%A1tico' aria-hidden='false' data-av_icon='\ue8f3' data-av_iconfont='entypo-fontello' title='' data-avia-related-tooltip='Compartir en Facebook' rel=\"noopener\"><span class='avia_hidden_link_text'>Compartir en Facebook<\/span><\/a><\/li><li class='av-share-link av-social-link-twitter' ><a target=\"_blank\" aria-label=\"Compartir en Twitter\" href='https:\/\/twitter.com\/share?text=Consejo%20Superior%20UAys%C3%A9n%20aprueba%20nueva%20carrera%20de%20Ingenier%C3%ADa%20Civil%20en%20Energ%C3%ADas%20Renovables%20y%20Mag%C3%ADster%20en%20Gesti%C3%B3n%20del%20Cambio%20Clim%C3%A1tico&#038;url=https:\/\/radiorevelacionfm.cl\/?p=54766' aria-hidden='false' data-av_icon='\ue8f1' data-av_iconfont='entypo-fontello' title='' data-avia-related-tooltip='Compartir en Twitter' rel=\"noopener\"><span class='avia_hidden_link_text'>Compartir en Twitter<\/span><\/a><\/li><li class='av-share-link av-social-link-whatsapp' ><a target=\"_blank\" aria-label=\"Compartir en Whatsapp\" href='https:\/\/api.whatsapp.com\/send?text=https:\/\/radiorevelacionfm.cl\/?p=54766' aria-hidden='false' data-av_icon='\uf232' data-av_iconfont='entypo-fontello' title='' data-avia-related-tooltip='Compartir en Whatsapp' rel=\"noopener\"><span class='avia_hidden_link_text'>Compartir en Whatsapp<\/span><\/a><\/li><li class='av-share-link av-social-link-linkedin' ><a target=\"_blank\" aria-label=\"Compartir en LinkedIn\" href='https:\/\/linkedin.com\/shareArticle?mini=true&#038;title=Consejo%20Superior%20UAys%C3%A9n%20aprueba%20nueva%20carrera%20de%20Ingenier%C3%ADa%20Civil%20en%20Energ%C3%ADas%20Renovables%20y%20Mag%C3%ADster%20en%20Gesti%C3%B3n%20del%20Cambio%20Clim%C3%A1tico&#038;url=https:\/\/radiorevelacionfm.cl\/?p=54766' aria-hidden='false' data-av_icon='\ue8fc' data-av_iconfont='entypo-fontello' title='' data-avia-related-tooltip='Compartir en LinkedIn' rel=\"noopener\"><span class='avia_hidden_link_text'>Compartir en LinkedIn<\/span><\/a><\/li><li class='av-share-link av-social-link-mail' ><a  aria-label=\"Compartir por correo\" href='mailto:?subject=Consejo%20Superior%20UAys%C3%A9n%20aprueba%20nueva%20carrera%20de%20Ingenier%C3%ADa%20Civil%20en%20Energ%C3%ADas%20Renovables%20y%20Mag%C3%ADster%20en%20Gesti%C3%B3n%20del%20Cambio%20Clim%C3%A1tico&#038;body=https:\/\/radiorevelacionfm.cl\/?p=54766' aria-hidden='false' data-av_icon='\ue805' data-av_iconfont='entypo-fontello' title='' data-avia-related-tooltip='Compartir por correo'><span class='avia_hidden_link_text'>Compartir por correo<\/span><\/a><\/li><\/ul><\/div><\/div>\n<div  style='height:50px' class='hr hr-invisible   avia-builder-el-8  el_after_av_social_share  el_before_av_comments_list '><span class='hr-inner ' ><span class='hr-inner-style'><\/span><\/span><\/div>\n<div  class='av-buildercomment  av-blog-meta-html-info-disabled av-blog-meta-tag-disabled  '><\/div>\n","protected":false},"excerpt":{"rendered":"","protected":false},"author":1,"featured_media":58291,"comment_status":"closed","ping_status":"closed","sticky":false,"template":"","format":"standard","meta":{"footnotes":""},"categories":[49],"tags":[],"class_list":["post-54766","post","type-post","status-publish","format-standard","has-post-thumbnail","hentry","category-educacion"],"jetpack_featured_media_url":"https:\/\/radiorevelacionfm.cl\/wp-content\/uploads\/2025\/08\/estudiantes-3-1_optimized-2-1.jpeg","_links":{"self":[{"href":"https:\/\/radiorevelacionfm.cl\/index.php?rest_route=\/wp\/v2\/posts\/54766","targetHints":{"allow":["GET"]}}],"collection":[{"href":"https:\/\/radiorevelacionfm.cl\/index.php?rest_route=\/wp\/v2\/posts"}],"about":[{"href":"https:\/\/radiorevelacionfm.cl\/index.php?rest_route=\/wp\/v2\/types\/post"}],"author":[{"embeddable":true,"href":"https:\/\/radiorevelacionfm.cl\/index.php?rest_route=\/wp\/v2\/users\/1"}],"replies":[{"embeddable":true,"href":"https:\/\/radiorevelacionfm.cl\/index.php?rest_route=%2Fwp%2Fv2%2Fcomments&post=54766"}],"version-history":[{"count":3,"href":"https:\/\/radiorevelacionfm.cl\/index.php?rest_route=\/wp\/v2\/posts\/54766\/revisions"}],"predecessor-version":[{"id":58303,"href":"https:\/\/radiorevelacionfm.cl\/index.php?rest_route=\/wp\/v2\/posts\/54766\/revisions\/58303"}],"wp:featuredmedia":[{"embeddable":true,"href":"https:\/\/radiorevelacionfm.cl\/index.php?rest_route=\/wp\/v2\/media\/58291"}],"wp:attachment":[{"href":"https:\/\/radiorevelacionfm.cl\/index.php?rest_route=%2Fwp%2Fv2%2Fmedia&parent=54766"}],"wp:term":[{"taxonomy":"category","embeddable":true,"href":"https:\/\/radiorevelacionfm.cl\/index.php?rest_route=%2Fwp%2Fv2%2Fcategories&post=54766"},{"taxonomy":"post_tag","embeddable":true,"href":"https:\/\/radiorevelacionfm.cl\/index.php?rest_route=%2Fwp%2Fv2%2Ftags&post=54766"}],"curies":[{"name":"wp","href":"https:\/\/api.w.org\/{rel}","templated":true}]}}