{"id":54759,"date":"2025-06-03T14:40:11","date_gmt":"2025-06-03T17:40:11","guid":{"rendered":"https:\/\/radiorevelacionfm.cl\/?p=54759"},"modified":"2025-06-03T14:40:11","modified_gmt":"2025-06-03T17:40:11","slug":"mas-oportunidades-para-la-pequena-mineria-se-abre-convocatoria-pamma-asociativo-2025-con-subsidios-de-hasta-10-millones","status":"publish","type":"post","link":"https:\/\/radiorevelacionfm.cl\/?p=54759","title":{"rendered":"M\u00e1s oportunidades para la peque\u00f1a miner\u00eda: Se abre convocatoria PAMMA Asociativo 2025 con subsidios de hasta $10 millones"},"content":{"rendered":"<div class=\"flex_column av_one_full  flex_column_div av-zero-column-padding first  avia-builder-el-0  el_before_av_one_full  avia-builder-el-first  \" style='border-radius:0px; '><div  class='avia-image-container  av-styling-    avia-builder-el-1  avia-builder-el-no-sibling  avia-align-center '  itemprop=\"image\" itemscope=\"itemscope\" itemtype=\"https:\/\/schema.org\/ImageObject\"  ><div class='avia-image-container-inner'><div class='avia-image-overlay-wrap'><img decoding=\"async\" class='wp-image-54761 avia-img-lazy-loading-not-54761 avia_image' src=\"https:\/\/radiorevelacionfm.cl\/wp-content\/uploads\/2025\/06\/pamma1_optimized.jpg\" alt='' title='pamma1_optimized' height=\"600\" width=\"802\"  itemprop=\"thumbnailUrl\" srcset=\"https:\/\/radiorevelacionfm.cl\/wp-content\/uploads\/2025\/06\/pamma1_optimized.jpg 802w, https:\/\/radiorevelacionfm.cl\/wp-content\/uploads\/2025\/06\/pamma1_optimized-300x224.jpg 300w, https:\/\/radiorevelacionfm.cl\/wp-content\/uploads\/2025\/06\/pamma1_optimized-768x575.jpg 768w, https:\/\/radiorevelacionfm.cl\/wp-content\/uploads\/2025\/06\/pamma1_optimized-705x527.jpg 705w, https:\/\/radiorevelacionfm.cl\/wp-content\/uploads\/2025\/06\/pamma1_optimized-450x337.jpg 450w, https:\/\/radiorevelacionfm.cl\/wp-content\/uploads\/2025\/06\/pamma1_optimized-600x449.jpg 600w\" sizes=\"(max-width: 802px) 100vw, 802px\" \/><\/div><\/div><\/div><\/div><div class=\"flex_column av_one_full  flex_column_div av-zero-column-padding first  avia-builder-el-2  el_after_av_one_full  el_before_av_one_full  column-top-margin\" style='border-radius:0px; '><section class=\"av_textblock_section \"  itemscope=\"itemscope\" itemtype=\"https:\/\/schema.org\/BlogPosting\" itemprop=\"blogPost\" ><div class='avia_textblock  '   itemprop=\"text\" ><p style=\"text-align: center;\"><span style=\"font-size: 18pt;\"><strong>M\u00e1s oportunidades para la peque\u00f1a miner\u00eda: Se abre convocatoria PAMMA Asociativo 2025 con subsidios de hasta $10 millones<\/strong><\/span><\/p>\n<div id=\"gtx-trans\" style=\"position: absolute; left: -50px; top: 4.31534px;\">\n<div class=\"gtx-trans-icon\"><\/div>\n<\/div>\n<\/div><\/section><\/div><div class=\"flex_column av_one_full  flex_column_div av-zero-column-padding first  avia-builder-el-4  el_after_av_one_full  el_before_av_hr  column-top-margin\" style='border-radius:0px; '><section class=\"av_textblock_section \"  itemscope=\"itemscope\" itemtype=\"https:\/\/schema.org\/BlogPosting\" itemprop=\"blogPost\" ><div class='avia_textblock  '   itemprop=\"text\" ><p style=\"text-align: justify;\"><em>El Ministerio de Miner\u00eda y Sercotec impulsan nuevo fondo para cooperativas y gremios de la miner\u00eda met\u00e1lica y no met\u00e1lica con apoyo t\u00e9cnico y financiero a nivel nacional.<\/em><\/p>\n<p style=\"text-align: justify;\">Con el objetivo de fortalecer la asociatividad y el desarrollo de la peque\u00f1a miner\u00eda met\u00e1lica y no met\u00e1lica, el Ministerio de Miner\u00eda y Sercotec anuncian la apertura del programa especial \u00abPAMMA Asociativo 2025\u00bb. Esta convocatoria entrega subsidios no reembolsables de hasta $10 millones para financiar inversiones en activos, infraestructura, capital de trabajo y acciones de gesti\u00f3n empresarial como capacitaciones, ferias, eventos, marketing y asesor\u00edas. <em>\u00abEsta convocatoria es una gran oportunidad para que nuestras cooperativas y organizaciones gremiales de peque\u00f1a miner\u00eda accedan a recursos que les permitan mejorar su gesti\u00f3n, profesionalizar su labor y generar mayores beneficios para sus socios. Desde el Ministerio de Miner\u00eda y Sercotec seguimos comprometidos con fortalecer la miner\u00eda artesanal\u00bb,<\/em> destac\u00f3 el seremi de Miner\u00eda de Ays\u00e9n, Juan V\u00e1squez Alarc\u00f3n.<\/p>\n<p style=\"text-align: justify;\">Las organizaciones beneficiadas contar\u00e1n con un acompa\u00f1amiento t\u00e9cnico en terreno por hasta cuatro meses para apoyar la elaboraci\u00f3n e implementaci\u00f3n de su plan de inversiones.<\/p>\n<p style=\"text-align: justify;\">La Directora Regional de Sercotec Nelly Vargas realiz\u00f3 un amplio llamado a informarse y formar parte de esta convocatoria: <em>\u201cInvitamos a postular a estos fondos que est\u00e1n disponibles en www.Sercotec.cl donde encontrar\u00e1n las bases del concurso para que puedan orientarse antes de postular. Este Fondo est\u00e1 abierto hasta el 10 de junio, as\u00ed que invitamos a todos y todos informarse y tambi\u00e9n mencionar que contamos con un punto Mipe informativo en la Direcci\u00f3n Regional, para que puedan acercarse y hacer cualquier consulta\u201d.<\/em><\/p>\n<p style=\"text-align: justify;\">La convocatoria est\u00e1 abierta hasta el martes 10 de junio a las 15:00 horas y tiene alcance nacional. Se espera que este programa contribuya a la formalizaci\u00f3n y fortalecimiento de organizaciones que fortalezcan \u00a0las econom\u00edas locales desde los territorios \u00a0y los encadenamientos productivos del pa\u00eds.<\/p>\n<p style=\"text-align: justify;\">El Seremi de Econom\u00eda; Felipe Rojas puso sobre relieve la importancia y alcance del PAMMA Asociativo y como impulsa la econom\u00eda territorial; <em>\u201cEstos fondos consideran la entrega hasta 10 millones de pesos y esto les permite a las asociaciones gremiales poder mejorar sus canales de comercializaci\u00f3n, tener maquinaria, capacitaci\u00f3n y otros. Por ejemplo, gracias a este fondo la AG Lago P\u00f3llux, pudo venderle al municipio de Coyhaique, piedra laja que est\u00e1 en nuestra ciudad\u201d.<\/em><\/p>\n<p style=\"text-align: justify;\">Desde las asociaciones gremiales, la respuesta ha sido positiva, valorando el impacto que estos recursos tendr\u00e1n en el fortalecimiento de las bases productivas y organizativas. Como fue el caso de la AG Mineros Artesanales Lago P\u00f3llux, beneficiarios 2024. Carlos Aguilera, parte de esta AG invit\u00f3 a otras asociaciones a informarse y postular a este llamado; <em>\u201cInvitamos a toda la gente que postule en este a\u00f1o porque son muy buenos los fondos y ayudan harto a potenciar a las peque\u00f1as empresas\u201d.<\/em><\/p>\n<p style=\"text-align: justify;\">Para m\u00e1s informaci\u00f3n y detalles de postulaci\u00f3n, las organizaciones interesadas pueden revisar las bases en los canales oficiales de Sercotec y el Ministerio de Miner\u00eda.<\/p>\n<\/div><\/section><\/div><div  style='height:50px' class='hr hr-invisible   avia-builder-el-6  el_after_av_one_full  el_before_av_social_share '><span class='hr-inner ' ><span class='hr-inner-style'><\/span><\/span><\/div><\/p>\n<div  class='av-social-sharing-box  avia-builder-el-7  el_after_av_hr  el_before_av_hr  '><div class='av-share-box'><h5 class='av-share-link-description av-no-toc '>Compartir esta noticia<\/h5><ul class='av-share-box-list noLightbox'><li class='av-share-link av-social-link-facebook' ><a target=\"_blank\" aria-label=\"Compartir en Facebook\" href='https:\/\/www.facebook.com\/sharer.php?u=https:\/\/radiorevelacionfm.cl\/?p=54759&#038;t=M%C3%A1s%20oportunidades%20para%20la%20peque%C3%B1a%20miner%C3%ADa%3A%20Se%20abre%20convocatoria%20PAMMA%20Asociativo%202025%20con%20subsidios%20de%20hasta%20%2410%20millones' aria-hidden='false' data-av_icon='\ue8f3' data-av_iconfont='entypo-fontello' title='' data-avia-related-tooltip='Compartir en Facebook' rel=\"noopener\"><span class='avia_hidden_link_text'>Compartir en Facebook<\/span><\/a><\/li><li class='av-share-link av-social-link-twitter' ><a target=\"_blank\" aria-label=\"Compartir en Twitter\" href='https:\/\/twitter.com\/share?text=M%C3%A1s%20oportunidades%20para%20la%20peque%C3%B1a%20miner%C3%ADa%3A%20Se%20abre%20convocatoria%20PAMMA%20Asociativo%202025%20con%20subsidios%20de%20hasta%20%2410%20millones&#038;url=https:\/\/radiorevelacionfm.cl\/?p=54759' aria-hidden='false' data-av_icon='\ue8f1' data-av_iconfont='entypo-fontello' title='' data-avia-related-tooltip='Compartir en Twitter' rel=\"noopener\"><span class='avia_hidden_link_text'>Compartir en Twitter<\/span><\/a><\/li><li class='av-share-link av-social-link-whatsapp' ><a target=\"_blank\" aria-label=\"Compartir en Whatsapp\" href='https:\/\/api.whatsapp.com\/send?text=https:\/\/radiorevelacionfm.cl\/?p=54759' aria-hidden='false' data-av_icon='\uf232' data-av_iconfont='entypo-fontello' title='' data-avia-related-tooltip='Compartir en Whatsapp' rel=\"noopener\"><span class='avia_hidden_link_text'>Compartir en Whatsapp<\/span><\/a><\/li><li class='av-share-link av-social-link-linkedin' ><a target=\"_blank\" aria-label=\"Compartir en LinkedIn\" href='https:\/\/linkedin.com\/shareArticle?mini=true&#038;title=M%C3%A1s%20oportunidades%20para%20la%20peque%C3%B1a%20miner%C3%ADa%3A%20Se%20abre%20convocatoria%20PAMMA%20Asociativo%202025%20con%20subsidios%20de%20hasta%20%2410%20millones&#038;url=https:\/\/radiorevelacionfm.cl\/?p=54759' aria-hidden='false' data-av_icon='\ue8fc' data-av_iconfont='entypo-fontello' title='' data-avia-related-tooltip='Compartir en LinkedIn' rel=\"noopener\"><span class='avia_hidden_link_text'>Compartir en LinkedIn<\/span><\/a><\/li><li class='av-share-link av-social-link-mail' ><a  aria-label=\"Compartir por correo\" href='mailto:?subject=M%C3%A1s%20oportunidades%20para%20la%20peque%C3%B1a%20miner%C3%ADa%3A%20Se%20abre%20convocatoria%20PAMMA%20Asociativo%202025%20con%20subsidios%20de%20hasta%20%2410%20millones&#038;body=https:\/\/radiorevelacionfm.cl\/?p=54759' aria-hidden='false' data-av_icon='\ue805' data-av_iconfont='entypo-fontello' title='' data-avia-related-tooltip='Compartir por correo'><span class='avia_hidden_link_text'>Compartir por correo<\/span><\/a><\/li><\/ul><\/div><\/div>\n<div  style='height:50px' class='hr hr-invisible   avia-builder-el-8  el_after_av_social_share  el_before_av_comments_list '><span class='hr-inner ' ><span class='hr-inner-style'><\/span><\/span><\/div>\n<div  class='av-buildercomment  av-blog-meta-html-info-disabled av-blog-meta-tag-disabled  '><\/div>\n","protected":false},"excerpt":{"rendered":"","protected":false},"author":1,"featured_media":54761,"comment_status":"closed","ping_status":"closed","sticky":false,"template":"","format":"standard","meta":{"footnotes":""},"categories":[37],"tags":[],"class_list":["post-54759","post","type-post","status-publish","format-standard","has-post-thumbnail","hentry","category-economia"],"jetpack_featured_media_url":"https:\/\/radiorevelacionfm.cl\/wp-content\/uploads\/2025\/06\/pamma1_optimized.jpg","_links":{"self":[{"href":"https:\/\/radiorevelacionfm.cl\/index.php?rest_route=\/wp\/v2\/posts\/54759","targetHints":{"allow":["GET"]}}],"collection":[{"href":"https:\/\/radiorevelacionfm.cl\/index.php?rest_route=\/wp\/v2\/posts"}],"about":[{"href":"https:\/\/radiorevelacionfm.cl\/index.php?rest_route=\/wp\/v2\/types\/post"}],"author":[{"embeddable":true,"href":"https:\/\/radiorevelacionfm.cl\/index.php?rest_route=\/wp\/v2\/users\/1"}],"replies":[{"embeddable":true,"href":"https:\/\/radiorevelacionfm.cl\/index.php?rest_route=%2Fwp%2Fv2%2Fcomments&post=54759"}],"version-history":[{"count":2,"href":"https:\/\/radiorevelacionfm.cl\/index.php?rest_route=\/wp\/v2\/posts\/54759\/revisions"}],"predecessor-version":[{"id":54765,"href":"https:\/\/radiorevelacionfm.cl\/index.php?rest_route=\/wp\/v2\/posts\/54759\/revisions\/54765"}],"wp:featuredmedia":[{"embeddable":true,"href":"https:\/\/radiorevelacionfm.cl\/index.php?rest_route=\/wp\/v2\/media\/54761"}],"wp:attachment":[{"href":"https:\/\/radiorevelacionfm.cl\/index.php?rest_route=%2Fwp%2Fv2%2Fmedia&parent=54759"}],"wp:term":[{"taxonomy":"category","embeddable":true,"href":"https:\/\/radiorevelacionfm.cl\/index.php?rest_route=%2Fwp%2Fv2%2Fcategories&post=54759"},{"taxonomy":"post_tag","embeddable":true,"href":"https:\/\/radiorevelacionfm.cl\/index.php?rest_route=%2Fwp%2Fv2%2Ftags&post=54759"}],"curies":[{"name":"wp","href":"https:\/\/api.w.org\/{rel}","templated":true}]}}