{"id":54756,"date":"2025-06-03T13:56:28","date_gmt":"2025-06-03T16:56:28","guid":{"rendered":"https:\/\/radiorevelacionfm.cl\/?p=54756"},"modified":"2025-06-03T13:56:28","modified_gmt":"2025-06-03T16:56:28","slug":"jardin-infantil-y-sala-cuna-nueva-esperanza-aun-cuenta-con-cupos-disponibles","status":"publish","type":"post","link":"https:\/\/radiorevelacionfm.cl\/?p=54756","title":{"rendered":"Jard\u00edn Infantil y Sala Cuna \u201cNueva Esperanza\u201d a\u00fan cuenta con cupos disponibles"},"content":{"rendered":"<div class=\"flex_column av_one_full  flex_column_div av-zero-column-padding first  avia-builder-el-0  el_before_av_one_full  avia-builder-el-first  \" style='border-radius:0px; '><div  class='avia-image-container  av-styling-    avia-builder-el-1  avia-builder-el-no-sibling  avia-align-center '  itemprop=\"image\" itemscope=\"itemscope\" itemtype=\"https:\/\/schema.org\/ImageObject\"  ><div class='avia-image-container-inner'><div class='avia-image-overlay-wrap'><img decoding=\"async\" class='wp-image-54757 avia-img-lazy-loading-not-54757 avia_image' src=\"https:\/\/radiorevelacionfm.cl\/wp-content\/uploads\/2025\/06\/IMG_6201-1-1.jpg\" alt='' title='IMG_6201 (1) (1)' height=\"600\" width=\"902\"  itemprop=\"thumbnailUrl\" srcset=\"https:\/\/radiorevelacionfm.cl\/wp-content\/uploads\/2025\/06\/IMG_6201-1-1.jpg 902w, https:\/\/radiorevelacionfm.cl\/wp-content\/uploads\/2025\/06\/IMG_6201-1-1-300x200.jpg 300w, https:\/\/radiorevelacionfm.cl\/wp-content\/uploads\/2025\/06\/IMG_6201-1-1-768x511.jpg 768w, https:\/\/radiorevelacionfm.cl\/wp-content\/uploads\/2025\/06\/IMG_6201-1-1-705x469.jpg 705w, https:\/\/radiorevelacionfm.cl\/wp-content\/uploads\/2025\/06\/IMG_6201-1-1-450x299.jpg 450w, https:\/\/radiorevelacionfm.cl\/wp-content\/uploads\/2025\/06\/IMG_6201-1-1-600x399.jpg 600w\" sizes=\"(max-width: 902px) 100vw, 902px\" \/><\/div><\/div><\/div><\/div><div class=\"flex_column av_one_full  flex_column_div av-zero-column-padding first  avia-builder-el-2  el_after_av_one_full  el_before_av_one_full  column-top-margin\" style='border-radius:0px; '><section class=\"av_textblock_section \"  itemscope=\"itemscope\" itemtype=\"https:\/\/schema.org\/BlogPosting\" itemprop=\"blogPost\" ><div class='avia_textblock  '   itemprop=\"text\" ><h2 class=\"title\" style=\"text-align: center;\"><strong><span style=\"font-size: 18pt;\">Jard\u00edn Infantil y Sala Cuna \u201cNueva Esperanza\u201d a\u00fan cuenta con cupos disponibles<\/span><\/strong><\/h2>\n<div id=\"gtx-trans\" style=\"position: absolute; left: -50px; top: 4.31534px;\">\n<div class=\"gtx-trans-icon\"><\/div>\n<\/div>\n<\/div><\/section><\/div><div class=\"flex_column av_one_full  flex_column_div av-zero-column-padding first  avia-builder-el-4  el_after_av_one_full  el_before_av_hr  column-top-margin\" style='border-radius:0px; '><section class=\"av_textblock_section \"  itemscope=\"itemscope\" itemtype=\"https:\/\/schema.org\/BlogPosting\" itemprop=\"blogPost\" ><div class='avia_textblock  '   itemprop=\"text\" ><p style=\"font-weight: 400; text-align: justify;\"><em>El establecimiento de educaci\u00f3n parvularia est\u00e1 ubicado en el sector alto de la capital regional y es la \u00faltima obra de infraestructura realizada por la instituci\u00f3n a nivel regional destacando por su alto est\u00e1ndar de calidad.<\/em><\/p>\n<p style=\"font-weight: 400; text-align: justify;\">Con el prop\u00f3sito de seguir promoviendo el acceso a una educaci\u00f3n parvularia p\u00fablica, gratuita, inclusiva y de calidad, el Jard\u00edn Infantil y Sala Cuna \u201cNueva Esperanza\u201d de Fundaci\u00f3n Integra, ubicado en la ciudad de Coyhaique, informa que a\u00fan cuenta con cupos disponibles en los niveles de Sala Cuna, Nivel Medio Menor y Nivel Medio Mayor para este a\u00f1o.<\/p>\n<p style=\"font-weight: 400; text-align: justify;\">El establecimiento, que forma parte de la red de jardines infantiles de Fundaci\u00f3n Integra en la regi\u00f3n de Ays\u00e9n, ofrece un espacio educativo moderno, seguro y acogedor, que busca favorecer el desarrollo integral de ni\u00f1os y ni\u00f1as desde los primeros a\u00f1os de vida, mediante experiencias de aprendizaje significativas, centradas en el juego, el afecto y la participaci\u00f3n activa.<\/p>\n<p style=\"font-weight: 400; text-align: justify;\">Con una infraestructura que cumple con altos est\u00e1ndares de calidad y uno de los dise\u00f1os m\u00e1s modernos del pa\u00eds, el jard\u00edn infantil \u00abNueva Esperanza\u00bb est\u00e1 orientado a garantizar entornos educativos inclusivos y bientratantes, en donde el protagonismo de ni\u00f1as y ni\u00f1os es el centro de la gesti\u00f3n educativa.<\/p>\n<p style=\"font-weight: 400; text-align: justify;\">Leticia Araya Norambuena, directora regional de Fundaci\u00f3n Integra, refuerza que \u201clos primeros a\u00f1os de vida son fundamentales para el desarrollo cognitivo, emocional y social. Por eso invitamos a todas las familias de Coyhaique a acercarse a nuestro jard\u00edn y conocer la propuesta educativa que ofrecemos, pensada para acompa\u00f1ar con respeto y amor la trayectoria educativa de cada ni\u00f1o y ni\u00f1a\u201d.<\/p>\n<p style=\"font-weight: 400; text-align: justify;\">La educaci\u00f3n inicial no solo entrega herramientas para el aprendizaje futuro, sino que tambi\u00e9n fortalece los v\u00ednculos afectivos, la autoestima y las habilidades sociales, sentando las bases para una vida plena y feliz.<\/p>\n<p style=\"font-weight: 400; text-align: justify;\">Las inscripciones y consultas las pueden realizar directamente en el jard\u00edn infantil, ubicado en Campo de Hielo #521, o al tel\u00e9fono 672 528345. De igual modo, tambi\u00e9n pueden acudir a la oficina regional de Fundaci\u00f3n Integra en Coyhaique ubicada en Avenida General Baquedano #021.<\/p>\n<p style=\"font-weight: 400; text-align: justify;\">Fundaci\u00f3n Integra, con m\u00e1s de 34 a\u00f1os de trayectoria y m\u00e1s de 1.200 jardines infantiles gratuitos a lo largo del pa\u00eds, contin\u00faa trabajando para brindar espacios educativos inclusivos, diversos y de calidad que promuevan el desarrollo integral y bienestar de la primera infancia.<\/p>\n<\/div><\/section><\/div><div  style='height:50px' class='hr hr-invisible   avia-builder-el-6  el_after_av_one_full  el_before_av_social_share '><span class='hr-inner ' ><span class='hr-inner-style'><\/span><\/span><\/div><\/p>\n<div  class='av-social-sharing-box  avia-builder-el-7  el_after_av_hr  el_before_av_hr  '><div class='av-share-box'><h5 class='av-share-link-description av-no-toc '>Compartir esta noticia<\/h5><ul class='av-share-box-list noLightbox'><li class='av-share-link av-social-link-facebook' ><a target=\"_blank\" aria-label=\"Compartir en Facebook\" href='https:\/\/www.facebook.com\/sharer.php?u=https:\/\/radiorevelacionfm.cl\/?p=54756&#038;t=Jard%C3%ADn%20Infantil%20y%20Sala%20Cuna%20%E2%80%9CNueva%20Esperanza%E2%80%9D%20a%C3%BAn%20cuenta%20con%20cupos%20disponibles' aria-hidden='false' data-av_icon='\ue8f3' data-av_iconfont='entypo-fontello' title='' data-avia-related-tooltip='Compartir en Facebook' rel=\"noopener\"><span class='avia_hidden_link_text'>Compartir en Facebook<\/span><\/a><\/li><li class='av-share-link av-social-link-twitter' ><a target=\"_blank\" aria-label=\"Compartir en Twitter\" href='https:\/\/twitter.com\/share?text=Jard%C3%ADn%20Infantil%20y%20Sala%20Cuna%20%E2%80%9CNueva%20Esperanza%E2%80%9D%20a%C3%BAn%20cuenta%20con%20cupos%20disponibles&#038;url=https:\/\/radiorevelacionfm.cl\/?p=54756' aria-hidden='false' data-av_icon='\ue8f1' data-av_iconfont='entypo-fontello' title='' data-avia-related-tooltip='Compartir en Twitter' rel=\"noopener\"><span class='avia_hidden_link_text'>Compartir en Twitter<\/span><\/a><\/li><li class='av-share-link av-social-link-whatsapp' ><a target=\"_blank\" aria-label=\"Compartir en Whatsapp\" href='https:\/\/api.whatsapp.com\/send?text=https:\/\/radiorevelacionfm.cl\/?p=54756' aria-hidden='false' data-av_icon='\uf232' data-av_iconfont='entypo-fontello' title='' data-avia-related-tooltip='Compartir en Whatsapp' rel=\"noopener\"><span class='avia_hidden_link_text'>Compartir en Whatsapp<\/span><\/a><\/li><li class='av-share-link av-social-link-linkedin' ><a target=\"_blank\" aria-label=\"Compartir en LinkedIn\" href='https:\/\/linkedin.com\/shareArticle?mini=true&#038;title=Jard%C3%ADn%20Infantil%20y%20Sala%20Cuna%20%E2%80%9CNueva%20Esperanza%E2%80%9D%20a%C3%BAn%20cuenta%20con%20cupos%20disponibles&#038;url=https:\/\/radiorevelacionfm.cl\/?p=54756' aria-hidden='false' data-av_icon='\ue8fc' data-av_iconfont='entypo-fontello' title='' data-avia-related-tooltip='Compartir en LinkedIn' rel=\"noopener\"><span class='avia_hidden_link_text'>Compartir en LinkedIn<\/span><\/a><\/li><li class='av-share-link av-social-link-mail' ><a  aria-label=\"Compartir por correo\" href='mailto:?subject=Jard%C3%ADn%20Infantil%20y%20Sala%20Cuna%20%E2%80%9CNueva%20Esperanza%E2%80%9D%20a%C3%BAn%20cuenta%20con%20cupos%20disponibles&#038;body=https:\/\/radiorevelacionfm.cl\/?p=54756' aria-hidden='false' data-av_icon='\ue805' data-av_iconfont='entypo-fontello' title='' data-avia-related-tooltip='Compartir por correo'><span class='avia_hidden_link_text'>Compartir por correo<\/span><\/a><\/li><\/ul><\/div><\/div>\n<div  style='height:50px' class='hr hr-invisible   avia-builder-el-8  el_after_av_social_share  el_before_av_comments_list '><span class='hr-inner ' ><span class='hr-inner-style'><\/span><\/span><\/div>\n<div  class='av-buildercomment  av-blog-meta-html-info-disabled av-blog-meta-tag-disabled  '><\/div>\n","protected":false},"excerpt":{"rendered":"","protected":false},"author":1,"featured_media":54757,"comment_status":"closed","ping_status":"closed","sticky":false,"template":"","format":"standard","meta":{"footnotes":""},"categories":[49],"tags":[],"class_list":["post-54756","post","type-post","status-publish","format-standard","has-post-thumbnail","hentry","category-educacion"],"jetpack_featured_media_url":"https:\/\/radiorevelacionfm.cl\/wp-content\/uploads\/2025\/06\/IMG_6201-1-1.jpg","_links":{"self":[{"href":"https:\/\/radiorevelacionfm.cl\/index.php?rest_route=\/wp\/v2\/posts\/54756","targetHints":{"allow":["GET"]}}],"collection":[{"href":"https:\/\/radiorevelacionfm.cl\/index.php?rest_route=\/wp\/v2\/posts"}],"about":[{"href":"https:\/\/radiorevelacionfm.cl\/index.php?rest_route=\/wp\/v2\/types\/post"}],"author":[{"embeddable":true,"href":"https:\/\/radiorevelacionfm.cl\/index.php?rest_route=\/wp\/v2\/users\/1"}],"replies":[{"embeddable":true,"href":"https:\/\/radiorevelacionfm.cl\/index.php?rest_route=%2Fwp%2Fv2%2Fcomments&post=54756"}],"version-history":[{"count":2,"href":"https:\/\/radiorevelacionfm.cl\/index.php?rest_route=\/wp\/v2\/posts\/54756\/revisions"}],"predecessor-version":[{"id":54763,"href":"https:\/\/radiorevelacionfm.cl\/index.php?rest_route=\/wp\/v2\/posts\/54756\/revisions\/54763"}],"wp:featuredmedia":[{"embeddable":true,"href":"https:\/\/radiorevelacionfm.cl\/index.php?rest_route=\/wp\/v2\/media\/54757"}],"wp:attachment":[{"href":"https:\/\/radiorevelacionfm.cl\/index.php?rest_route=%2Fwp%2Fv2%2Fmedia&parent=54756"}],"wp:term":[{"taxonomy":"category","embeddable":true,"href":"https:\/\/radiorevelacionfm.cl\/index.php?rest_route=%2Fwp%2Fv2%2Fcategories&post=54756"},{"taxonomy":"post_tag","embeddable":true,"href":"https:\/\/radiorevelacionfm.cl\/index.php?rest_route=%2Fwp%2Fv2%2Ftags&post=54756"}],"curies":[{"name":"wp","href":"https:\/\/api.w.org\/{rel}","templated":true}]}}