{"id":54752,"date":"2025-06-03T13:21:03","date_gmt":"2025-06-03T16:21:03","guid":{"rendered":"https:\/\/radiorevelacionfm.cl\/?p=54752"},"modified":"2025-06-03T13:21:03","modified_gmt":"2025-06-03T16:21:03","slug":"deficiente-ejecucion-presupuestaria-de-servicios-publicos-resiente-la-reactivacion-economica-de-aysen","status":"publish","type":"post","link":"https:\/\/radiorevelacionfm.cl\/?p=54752","title":{"rendered":"Deficiente Ejecuci\u00f3n Presupuestaria de Servicios P\u00fablicos  resiente la Reactivaci\u00f3n Econ\u00f3mica de Ays\u00e9n"},"content":{"rendered":"<div class=\"flex_column av_one_full  flex_column_div av-zero-column-padding first  avia-builder-el-0  el_before_av_one_full  avia-builder-el-first  \" style='border-radius:0px; '><div  class='avia-image-container  av-styling-    avia-builder-el-1  avia-builder-el-no-sibling  avia-align-center '  itemprop=\"image\" itemscope=\"itemscope\" itemtype=\"https:\/\/schema.org\/ImageObject\"  ><div class='avia-image-container-inner'><div class='avia-image-overlay-wrap'><img decoding=\"async\" class='wp-image-54753 avia-img-lazy-loading-not-54753 avia_image' src=\"https:\/\/radiorevelacionfm.cl\/wp-content\/uploads\/2025\/06\/COM_RE-2-1-1.jpg\" alt='' title='COM_RE (2) (1) (1)' height=\"600\" width=\"800\"  itemprop=\"thumbnailUrl\" srcset=\"https:\/\/radiorevelacionfm.cl\/wp-content\/uploads\/2025\/06\/COM_RE-2-1-1.jpg 800w, https:\/\/radiorevelacionfm.cl\/wp-content\/uploads\/2025\/06\/COM_RE-2-1-1-300x225.jpg 300w, https:\/\/radiorevelacionfm.cl\/wp-content\/uploads\/2025\/06\/COM_RE-2-1-1-768x576.jpg 768w, https:\/\/radiorevelacionfm.cl\/wp-content\/uploads\/2025\/06\/COM_RE-2-1-1-705x529.jpg 705w, https:\/\/radiorevelacionfm.cl\/wp-content\/uploads\/2025\/06\/COM_RE-2-1-1-450x338.jpg 450w, https:\/\/radiorevelacionfm.cl\/wp-content\/uploads\/2025\/06\/COM_RE-2-1-1-600x450.jpg 600w\" sizes=\"(max-width: 800px) 100vw, 800px\" \/><\/div><\/div><\/div><\/div><div class=\"flex_column av_one_full  flex_column_div av-zero-column-padding first  avia-builder-el-2  el_after_av_one_full  el_before_av_one_full  column-top-margin\" style='border-radius:0px; '><section class=\"av_textblock_section \"  itemscope=\"itemscope\" itemtype=\"https:\/\/schema.org\/BlogPosting\" itemprop=\"blogPost\" ><div class='avia_textblock  '   itemprop=\"text\" ><p style=\"text-align: center;\"><span style=\"font-size: 18pt;\"><strong>Deficiente Ejecuci\u00f3n Presupuestaria de Servicios P\u00fablicos<br \/>\nresiente la Reactivaci\u00f3n Econ\u00f3mica de Ays\u00e9n<\/strong><\/span><\/p>\n<div id=\"gtx-trans\" style=\"position: absolute; left: -50px; top: 4.31534px;\">\n<div class=\"gtx-trans-icon\"><\/div>\n<\/div>\n<\/div><\/section><\/div><div class=\"flex_column av_one_full  flex_column_div av-zero-column-padding first  avia-builder-el-4  el_after_av_one_full  el_before_av_hr  column-top-margin\" style='border-radius:0px; '><section class=\"av_textblock_section \"  itemscope=\"itemscope\" itemtype=\"https:\/\/schema.org\/BlogPosting\" itemprop=\"blogPost\" ><div class='avia_textblock  '   itemprop=\"text\" ><p style=\"text-align: justify;\"><em>A mayo de este a\u00f1o, varias reparticiones presentan un bajo avance en la inversi\u00f3n de recursos asignados, situaci\u00f3n que se arrastra de a\u00f1os anteriores. Esta situaci\u00f3n pone en evidencia no solo deficiencias administrativas, sino tambi\u00e9n las consecuencias del excesivo centralismo en la gesti\u00f3n del gasto.<\/em><\/p>\n<p style=\"text-align: justify;\">La Comisi\u00f3n de Reactivaci\u00f3n Econ\u00f3mica del Consejo Regional de Ays\u00e9n, conformada por los Cores Eligio Montecinos, Arcadio Soto y Pablo Guglielmi, abord\u00f3 con preocupaci\u00f3n los alarmantes niveles de ejecuci\u00f3n presupuestaria revelados en el an\u00e1lisis del Programa P\u00fablico de Inversiones Regionales (PROPIR).<\/p>\n<p style=\"text-align: justify;\">Uno de los casos m\u00e1s cr\u00edticos es el del Servicio Nacional de Capacitaci\u00f3n y Empleo (SENCE), que para los a\u00f1os 2023 y 2024, present\u00f3 avances en su ejecuci\u00f3n financiera de 51% y 37% respectivamente. Al 2025, presenta apenas un 18,68% de ejecuci\u00f3n presupuestaria, equivalente a solo 68 millones de pesos de un total asignado de 353 millones.<\/p>\n<p style=\"text-align: justify;\">El consejero regional Arcadio Soto Ser\u00f3n, representante de la Provincia General Carrera y vicepresidente de la comisi\u00f3n, fue enf\u00e1tico al se\u00f1alar que \u201cdebemos tener plena conciencia del rol estrat\u00e9gico que cumple la inversi\u00f3n p\u00fablica en el desarrollo econ\u00f3mico de nuestra regi\u00f3n. Por eso preocupa que los titulares de servicios p\u00fablicos justifiquen la baja ejecuci\u00f3n acusando un excesivo centralismo, sin asumir su responsabilidad frente a la demora de programas que son fundamentales para nuestras comunidades. Es leg\u00edtimo cuestionarse si esta baja ejecuci\u00f3n obedece a debilidades en la conducci\u00f3n institucional o a una p\u00e9rdida de foco en una administraci\u00f3n que est\u00e1 en su etapa final\u201d.<\/p>\n<p style=\"text-align: justify;\">A esta realidad se suman otras reparticiones con desempe\u00f1o similar. El Instituto de Seguridad Laboral (ISL), por ejemplo, mostr\u00f3 un avance del 42% en la ejecuci\u00f3n de fondos correspondientes al 2022 y de un 70% para los del 2023. En tanto, La Junta Nacional de Jardines Infantiles (JUNJI) y el Servicio Local de Educaci\u00f3n P\u00fablica (SLEP) Ays\u00e9n, son otros casos que no logran mejorar en la coordinaci\u00f3n sectorial y la ejecuci\u00f3n de sus presupuestos.<\/p>\n<p style=\"text-align: justify;\">Para Eligio Montecinos, presidente de la Comisi\u00f3n de Reactivaci\u00f3n Econ\u00f3mica del Consejo Regional de Ays\u00e9n, el panorama es claro. \u201cNo hay excusa que justifique que la totalidad de los fondos asignados, incluso desde el a\u00f1o 2022, a\u00fan no se ejecuten. Muchas de las iniciativas a financiar son claves para que la econom\u00eda de las localidades mejore, que ese dinero llegue a cubrir las necesidades de los ayseninos\u201d, sentenci\u00f3. Adem\u00e1s, Montecinos comparti\u00f3 su preocupaci\u00f3n respecto de la ejecuci\u00f3n de los fondos a casi nueve meses del cambio de Gobierno.<\/p>\n<p style=\"text-align: justify;\"><strong>La inversi\u00f3n p\u00fablica como motor clave de desarrollo<\/strong><\/p>\n<p style=\"text-align: justify;\">Desde el Consejo Regional recalcan que la inversi\u00f3n p\u00fablica es una herramienta fundamental para el desarrollo econ\u00f3mico y social de Ays\u00e9n. En un territorio marcado por desaf\u00edos geogr\u00e1ficos y baja densidad poblacional, cada peso que deja de ejecutarse implica no solo la p\u00e9rdida de oportunidades laborales, sino tambi\u00e9n el retraso de obras y servicios b\u00e1sicos para comunidades que dependen cr\u00edticamente de la acci\u00f3n del Estado.<\/p>\n<p style=\"text-align: justify;\">\u00abEs triste evidenciar que los recursos sectoriales no se est\u00e1n distribuyendo de manera responsable en la Regi\u00f3n de Ays\u00e9n, y eso obedece a una desconexi\u00f3n total del gobierno central con nuestra regi\u00f3n. M\u00e1s a\u00fan, considerando que estos impactan directamente en la econom\u00eda local, ya que los temas de infraestructura generan mucho empleo y las capacitaciones y apoyos SENCE fortalecen el comercio, herramientas para el empleo y la PYME local. Como integrantes de la comisi\u00f3n de reactivaci\u00f3n econ\u00f3mica, estaremos muy pendientes en colaborar e incentivar a que las entidades de gobierno pongan acelerador a los recursos regionales. El trabajo es mancomunado, ya que as\u00ed volvemos a crecer.\u00bb enfatiz\u00f3 el Core de la Provincia de Coyhaique, Pablo Guglielmi.<\/p>\n<p style=\"text-align: justify;\">La Comisi\u00f3n de Reactivaci\u00f3n Econ\u00f3mica continuar\u00e1 convocando a distintos servicios p\u00fablicos regionales para conocer los avances en ejecuci\u00f3n de sus presupuestos, pero tambi\u00e9n para apoyar en gestiones necesarias para mejorar aspectos administrativos y de gesti\u00f3n interna. &#8216;Se deben agotar los esfuerzos para avanzar en una reactivaci\u00f3n econ\u00f3mica regional, porque la comunidad no puede seguir esperando&#8217;, acotaron desde la comisi\u00f3n.<\/p>\n<\/div><\/section><\/div><div  style='height:50px' class='hr hr-invisible   avia-builder-el-6  el_after_av_one_full  el_before_av_social_share '><span class='hr-inner ' ><span class='hr-inner-style'><\/span><\/span><\/div><\/p>\n<div  class='av-social-sharing-box  avia-builder-el-7  el_after_av_hr  el_before_av_hr  '><div class='av-share-box'><h5 class='av-share-link-description av-no-toc '>Compartir esta noticia<\/h5><ul class='av-share-box-list noLightbox'><li class='av-share-link av-social-link-facebook' ><a target=\"_blank\" aria-label=\"Compartir en Facebook\" href='https:\/\/www.facebook.com\/sharer.php?u=https:\/\/radiorevelacionfm.cl\/?p=54752&#038;t=Deficiente%20Ejecuci%C3%B3n%20Presupuestaria%20de%20Servicios%20P%C3%BAblicos%20%20resiente%20la%20Reactivaci%C3%B3n%20Econ%C3%B3mica%20de%20Ays%C3%A9n' aria-hidden='false' data-av_icon='\ue8f3' data-av_iconfont='entypo-fontello' title='' data-avia-related-tooltip='Compartir en Facebook' rel=\"noopener\"><span class='avia_hidden_link_text'>Compartir en Facebook<\/span><\/a><\/li><li class='av-share-link av-social-link-twitter' ><a target=\"_blank\" aria-label=\"Compartir en Twitter\" href='https:\/\/twitter.com\/share?text=Deficiente%20Ejecuci%C3%B3n%20Presupuestaria%20de%20Servicios%20P%C3%BAblicos%20%20resiente%20la%20Reactivaci%C3%B3n%20Econ%C3%B3mica%20de%20Ays%C3%A9n&#038;url=https:\/\/radiorevelacionfm.cl\/?p=54752' aria-hidden='false' data-av_icon='\ue8f1' data-av_iconfont='entypo-fontello' title='' data-avia-related-tooltip='Compartir en Twitter' rel=\"noopener\"><span class='avia_hidden_link_text'>Compartir en Twitter<\/span><\/a><\/li><li class='av-share-link av-social-link-whatsapp' ><a target=\"_blank\" aria-label=\"Compartir en Whatsapp\" href='https:\/\/api.whatsapp.com\/send?text=https:\/\/radiorevelacionfm.cl\/?p=54752' aria-hidden='false' data-av_icon='\uf232' data-av_iconfont='entypo-fontello' title='' data-avia-related-tooltip='Compartir en Whatsapp' rel=\"noopener\"><span class='avia_hidden_link_text'>Compartir en Whatsapp<\/span><\/a><\/li><li class='av-share-link av-social-link-linkedin' ><a target=\"_blank\" aria-label=\"Compartir en LinkedIn\" href='https:\/\/linkedin.com\/shareArticle?mini=true&#038;title=Deficiente%20Ejecuci%C3%B3n%20Presupuestaria%20de%20Servicios%20P%C3%BAblicos%20%20resiente%20la%20Reactivaci%C3%B3n%20Econ%C3%B3mica%20de%20Ays%C3%A9n&#038;url=https:\/\/radiorevelacionfm.cl\/?p=54752' aria-hidden='false' data-av_icon='\ue8fc' data-av_iconfont='entypo-fontello' title='' data-avia-related-tooltip='Compartir en LinkedIn' rel=\"noopener\"><span class='avia_hidden_link_text'>Compartir en LinkedIn<\/span><\/a><\/li><li class='av-share-link av-social-link-mail' ><a  aria-label=\"Compartir por correo\" href='mailto:?subject=Deficiente%20Ejecuci%C3%B3n%20Presupuestaria%20de%20Servicios%20P%C3%BAblicos%20%20resiente%20la%20Reactivaci%C3%B3n%20Econ%C3%B3mica%20de%20Ays%C3%A9n&#038;body=https:\/\/radiorevelacionfm.cl\/?p=54752' aria-hidden='false' data-av_icon='\ue805' data-av_iconfont='entypo-fontello' title='' data-avia-related-tooltip='Compartir por correo'><span class='avia_hidden_link_text'>Compartir por correo<\/span><\/a><\/li><\/ul><\/div><\/div>\n<div  style='height:50px' class='hr hr-invisible   avia-builder-el-8  el_after_av_social_share  el_before_av_comments_list '><span class='hr-inner ' ><span class='hr-inner-style'><\/span><\/span><\/div>\n<div  class='av-buildercomment  av-blog-meta-html-info-disabled av-blog-meta-tag-disabled  '><\/div>\n","protected":false},"excerpt":{"rendered":"","protected":false},"author":1,"featured_media":54753,"comment_status":"closed","ping_status":"closed","sticky":false,"template":"","format":"standard","meta":{"footnotes":""},"categories":[38],"tags":[],"class_list":["post-54752","post","type-post","status-publish","format-standard","has-post-thumbnail","hentry","category-regional"],"jetpack_featured_media_url":"https:\/\/radiorevelacionfm.cl\/wp-content\/uploads\/2025\/06\/COM_RE-2-1-1.jpg","_links":{"self":[{"href":"https:\/\/radiorevelacionfm.cl\/index.php?rest_route=\/wp\/v2\/posts\/54752","targetHints":{"allow":["GET"]}}],"collection":[{"href":"https:\/\/radiorevelacionfm.cl\/index.php?rest_route=\/wp\/v2\/posts"}],"about":[{"href":"https:\/\/radiorevelacionfm.cl\/index.php?rest_route=\/wp\/v2\/types\/post"}],"author":[{"embeddable":true,"href":"https:\/\/radiorevelacionfm.cl\/index.php?rest_route=\/wp\/v2\/users\/1"}],"replies":[{"embeddable":true,"href":"https:\/\/radiorevelacionfm.cl\/index.php?rest_route=%2Fwp%2Fv2%2Fcomments&post=54752"}],"version-history":[{"count":2,"href":"https:\/\/radiorevelacionfm.cl\/index.php?rest_route=\/wp\/v2\/posts\/54752\/revisions"}],"predecessor-version":[{"id":54755,"href":"https:\/\/radiorevelacionfm.cl\/index.php?rest_route=\/wp\/v2\/posts\/54752\/revisions\/54755"}],"wp:featuredmedia":[{"embeddable":true,"href":"https:\/\/radiorevelacionfm.cl\/index.php?rest_route=\/wp\/v2\/media\/54753"}],"wp:attachment":[{"href":"https:\/\/radiorevelacionfm.cl\/index.php?rest_route=%2Fwp%2Fv2%2Fmedia&parent=54752"}],"wp:term":[{"taxonomy":"category","embeddable":true,"href":"https:\/\/radiorevelacionfm.cl\/index.php?rest_route=%2Fwp%2Fv2%2Fcategories&post=54752"},{"taxonomy":"post_tag","embeddable":true,"href":"https:\/\/radiorevelacionfm.cl\/index.php?rest_route=%2Fwp%2Fv2%2Ftags&post=54752"}],"curies":[{"name":"wp","href":"https:\/\/api.w.org\/{rel}","templated":true}]}}