{"id":5475,"date":"2021-06-20T14:26:11","date_gmt":"2021-06-20T17:26:11","guid":{"rendered":"https:\/\/radiorevelacionfm.cl\/?p=5475"},"modified":"2021-06-20T14:40:18","modified_gmt":"2021-06-20T17:40:18","slug":"pdi-y-fiscalia-desbaratan-cultivo-indoor-de-marihuana-en-puerto-aysen","status":"publish","type":"post","link":"https:\/\/radiorevelacionfm.cl\/?p=5475","title":{"rendered":"PDI y Fiscal\u00eda desbaratan cultivo indoor de marihuana en Puerto Ays\u00e9n"},"content":{"rendered":"<div class=\"flex_column av_one_full  flex_column_div av-zero-column-padding first  avia-builder-el-0  el_before_av_one_full  avia-builder-el-first  \" style='border-radius:0px; '><div  class='avia-image-container  av-styling-    avia-builder-el-1  avia-builder-el-no-sibling  avia-align-center '  itemprop=\"image\" itemscope=\"itemscope\" itemtype=\"https:\/\/schema.org\/ImageObject\"  ><div class='avia-image-container-inner'><div class='avia-image-overlay-wrap'><img decoding=\"async\" class='wp-image-5476 avia-img-lazy-loading-not-5476 avia_image' src=\"https:\/\/radiorevelacionfm.cl\/wp-content\/uploads\/2021\/06\/Evidencia-18.06-1-1.jpg\" alt='' title='Evidencia 18.06 (1) (1)' height=\"600\" width=\"600\"  itemprop=\"thumbnailUrl\" srcset=\"https:\/\/radiorevelacionfm.cl\/wp-content\/uploads\/2021\/06\/Evidencia-18.06-1-1.jpg 600w, https:\/\/radiorevelacionfm.cl\/wp-content\/uploads\/2021\/06\/Evidencia-18.06-1-1-300x300.jpg 300w, https:\/\/radiorevelacionfm.cl\/wp-content\/uploads\/2021\/06\/Evidencia-18.06-1-1-80x80.jpg 80w, https:\/\/radiorevelacionfm.cl\/wp-content\/uploads\/2021\/06\/Evidencia-18.06-1-1-36x36.jpg 36w, https:\/\/radiorevelacionfm.cl\/wp-content\/uploads\/2021\/06\/Evidencia-18.06-1-1-180x180.jpg 180w, https:\/\/radiorevelacionfm.cl\/wp-content\/uploads\/2021\/06\/Evidencia-18.06-1-1-100x100.jpg 100w\" sizes=\"(max-width: 600px) 100vw, 600px\" \/><\/div><\/div><\/div><\/div><div class=\"flex_column av_one_full  flex_column_div av-zero-column-padding first  avia-builder-el-2  el_after_av_one_full  el_before_av_one_full  column-top-margin\" style='border-radius:0px; '><section class=\"av_textblock_section \"  itemscope=\"itemscope\" itemtype=\"https:\/\/schema.org\/BlogPosting\" itemprop=\"blogPost\" ><div class='avia_textblock  '   itemprop=\"text\" ><p style=\"text-align: center;\"><span style=\"font-size: 18pt;\"><strong>PDI y Fiscal\u00eda desbaratan cultivo indoor de marihuana en Puerto Ays\u00e9n<\/strong><\/span><\/p>\n<div id=\"gtx-trans\" style=\"position: absolute; left: -50px; top: 4.31534px;\">\n<div class=\"gtx-trans-icon\"><\/div>\n<\/div>\n<\/div><\/section><\/div><div class=\"flex_column av_one_full  flex_column_div av-zero-column-padding first  avia-builder-el-4  el_after_av_one_full  el_before_av_hr  column-top-margin\" style='border-radius:0px; '><section class=\"av_textblock_section \"  itemscope=\"itemscope\" itemtype=\"https:\/\/schema.org\/BlogPosting\" itemprop=\"blogPost\" ><div class='avia_textblock  '   itemprop=\"text\" ><p style=\"text-align: justify;\">Un nuevo procedimiento antinarc\u00f3ticos llev\u00f3 a cabo la Polic\u00eda de Investigaciones de Chile en la comuna de Puerto Ays\u00e9n, en coordinaci\u00f3n con la Fiscal\u00eda Local de dicha comuna. Durante la jornada del viernes 18 de junio, detectives de la agrupaci\u00f3n Microtr\u00e1fico Cero de la Brigada de Investigaci\u00f3n Criminal Ays\u00e9n, en un trabajo coordinado con el fiscal jefe, Aquiles Cubillos, detuvieron a dos personas -un hombre y una mujer, oriundos de la comuna y sin antecedentes policiales- por el delito de cultivo de cannabis sativa contemplados en el art\u00edculo N\u00ba8 de la Ley 20.000, que sanciona el tr\u00e1fico il\u00edcito de drogas.<\/p>\n<p style=\"text-align: justify;\">Sobre el procedimiento policial, el jefe de la Brigada de Investigaci\u00f3n Criminal Ays\u00e9n, subprefecto Eduardo Charpentier, manifest\u00f3 que \u201clos detectives, en virtud a una orden de investigar por infracci\u00f3n a la Ley 20.000, procedieron a la detenci\u00f3n de dos personas\u201d, quienes \u201cen su domicilio manten\u00edan la cantidad de 380.65 gramos de cannabis sativa, siete plantas de marihuana, 0.51 gramos de clorhidrato de coca\u00edna, hongos alucin\u00f3genos, dinero en efectivo y elementos de pesaje, dosificaci\u00f3n y comercializaci\u00f3n\u201d.<\/p>\n<p style=\"text-align: justify;\">Sobre este caso, el fiscal jefe de Puerto Ays\u00e9n, Aquiles Cubillos, explic\u00f3 que \u201cnosotros hab\u00edamos recibido la denuncia hace algunos d\u00edas y despachamos una orden de investigar a la Unidad MT0 de la Bicrim de Puerto Ays\u00e9n, los cuales en el d\u00eda de ayer, en horas de la ma\u00f1ana, realizaron una entrada y registro a este domicilio encontrando dicho sistema indoor, justo en el momento en que los due\u00f1os de casa estaban tratando de deshacerse de una de estas plantas a trav\u00e9s de su quema en una estufa a le\u00f1a\u201d.<\/p>\n<p style=\"text-align: justify;\">AVAL\u00daO<\/p>\n<p style=\"text-align: justify;\">Gracias a un proceso de an\u00e1lisis criminal, inteligencia policial y operativa, la diligencia antinarc\u00f3ticos permiti\u00f3 incautar las sustancias il\u00edcitas avaluadas en m\u00e1s de nueve millones de pesos y correspondiente a m\u00e1s de mil dosis, \u201cdroga que manten\u00edan en la modalidad de cultivo indoor\u201d, puntualiz\u00f3 el subprefecto Eduardo Charpentier, para su posterior comercializaci\u00f3n a trav\u00e9s de distintos medios entre consumidores de la comuna de Puerto Ays\u00e9n.<\/p>\n<p style=\"text-align: justify;\">Desde la BICRIM Ays\u00e9n especificaron que el procedimiento se origin\u00f3 en un sector cercano a un establecimiento educacional y que corresponde a un punto de l\u00ednea base 2021, diagnosticado para su intervenci\u00f3n.<\/p>\n<p style=\"text-align: justify;\">Por su parte el fiscal Aquiles Cubillos detall\u00f3 que ambas personas, una de ellas funcionaria p\u00fablica, fueron puestas a disposici\u00f3n del Juzgado de Garant\u00eda de Puerto Ays\u00e9n para su control de detenci\u00f3n y posterior formalizaci\u00f3n, durante la ma\u00f1ana del s\u00e1bado 19 de junio. El Tribunal decret\u00f3 legal la detenci\u00f3n y la medida cautelar de firma mensual de los imputados ante Carabineros de la Segunda Comisar\u00eda, fij\u00e1ndose 90 d\u00edas de plazo de investigaci\u00f3n.<\/p>\n<p style=\"text-align: justify;\">\u201cPor el n\u00famero de plantas, no permiten presumir que est\u00e9n destinadas a un consumo personal pr\u00f3ximo y exclusivo en el tiempo. Existen otros antecedentes de que habr\u00eda comercializaci\u00f3n de marihuana producto de estas plantas\u201d, detall\u00f3 el fiscal del Ministerio P\u00fablico, quien alent\u00f3 a la comunidad a seguir colaborando con la Fiscal\u00eda y las polic\u00edas para determinar, de forma an\u00f3nima, punto de tr\u00e1fico o microtr\u00e1fico de drogas.<\/p>\n<p style=\"text-align: justify;\">Finalmente, de igual forma desde la Polic\u00eda de Investigaciones, realizaron un llamado a denunciar aquellas situaciones que generen inseguridad en los barrios, ya sea a trav\u00e9s del Plan Denuncia Seguro, 600 400 0101, al nivel de emergencias de la PDI, 134, o en cualquier cuartel policial de la regi\u00f3n.<\/p>\n<\/div><\/section><\/div><div  style='height:50px' class='hr hr-invisible   avia-builder-el-6  el_after_av_one_full  el_before_av_social_share '><span class='hr-inner ' ><span class='hr-inner-style'><\/span><\/span><\/div><\/p>\n<div  class='av-social-sharing-box  avia-builder-el-7  el_after_av_hr  el_before_av_hr  '><div class='av-share-box'><h5 class='av-share-link-description av-no-toc '>Compartir esta noticia<\/h5><ul class='av-share-box-list noLightbox'><li class='av-share-link av-social-link-facebook' ><a target=\"_blank\" aria-label=\"Compartir en Facebook\" href='https:\/\/www.facebook.com\/sharer.php?u=https:\/\/radiorevelacionfm.cl\/?p=5475&#038;t=PDI%20y%20Fiscal%C3%ADa%20desbaratan%20cultivo%20indoor%20de%20marihuana%20en%20Puerto%20Ays%C3%A9n' aria-hidden='false' data-av_icon='\ue8f3' data-av_iconfont='entypo-fontello' title='' data-avia-related-tooltip='Compartir en Facebook' rel=\"noopener\"><span class='avia_hidden_link_text'>Compartir en Facebook<\/span><\/a><\/li><li class='av-share-link av-social-link-twitter' ><a target=\"_blank\" aria-label=\"Compartir en Twitter\" href='https:\/\/twitter.com\/share?text=PDI%20y%20Fiscal%C3%ADa%20desbaratan%20cultivo%20indoor%20de%20marihuana%20en%20Puerto%20Ays%C3%A9n&#038;url=https:\/\/radiorevelacionfm.cl\/?p=5475' aria-hidden='false' data-av_icon='\ue8f1' data-av_iconfont='entypo-fontello' title='' data-avia-related-tooltip='Compartir en Twitter' rel=\"noopener\"><span class='avia_hidden_link_text'>Compartir en Twitter<\/span><\/a><\/li><li class='av-share-link av-social-link-whatsapp' ><a target=\"_blank\" aria-label=\"Compartir en Whatsapp\" href='https:\/\/api.whatsapp.com\/send?text=https:\/\/radiorevelacionfm.cl\/?p=5475' aria-hidden='false' data-av_icon='\uf232' data-av_iconfont='entypo-fontello' title='' data-avia-related-tooltip='Compartir en Whatsapp' rel=\"noopener\"><span class='avia_hidden_link_text'>Compartir en Whatsapp<\/span><\/a><\/li><li class='av-share-link av-social-link-linkedin' ><a target=\"_blank\" aria-label=\"Compartir en LinkedIn\" href='https:\/\/linkedin.com\/shareArticle?mini=true&#038;title=PDI%20y%20Fiscal%C3%ADa%20desbaratan%20cultivo%20indoor%20de%20marihuana%20en%20Puerto%20Ays%C3%A9n&#038;url=https:\/\/radiorevelacionfm.cl\/?p=5475' aria-hidden='false' data-av_icon='\ue8fc' data-av_iconfont='entypo-fontello' title='' data-avia-related-tooltip='Compartir en LinkedIn' rel=\"noopener\"><span class='avia_hidden_link_text'>Compartir en LinkedIn<\/span><\/a><\/li><li class='av-share-link av-social-link-mail' ><a  aria-label=\"Compartir por correo\" href='mailto:?subject=PDI%20y%20Fiscal%C3%ADa%20desbaratan%20cultivo%20indoor%20de%20marihuana%20en%20Puerto%20Ays%C3%A9n&#038;body=https:\/\/radiorevelacionfm.cl\/?p=5475' aria-hidden='false' data-av_icon='\ue805' data-av_iconfont='entypo-fontello' title='' data-avia-related-tooltip='Compartir por correo'><span class='avia_hidden_link_text'>Compartir por correo<\/span><\/a><\/li><\/ul><\/div><\/div>\n<div  style='height:50px' class='hr hr-invisible   avia-builder-el-8  el_after_av_social_share  el_before_av_comments_list '><span class='hr-inner ' ><span class='hr-inner-style'><\/span><\/span><\/div>\n<div  class='av-buildercomment  av-blog-meta-html-info-disabled av-blog-meta-tag-disabled  '><\/div>\n","protected":false},"excerpt":{"rendered":"","protected":false},"author":1,"featured_media":5478,"comment_status":"open","ping_status":"open","sticky":false,"template":"","format":"standard","meta":{"footnotes":""},"categories":[36],"tags":[],"class_list":["post-5475","post","type-post","status-publish","format-standard","has-post-thumbnail","hentry","category-policial"],"jetpack_featured_media_url":"https:\/\/radiorevelacionfm.cl\/wp-content\/uploads\/2021\/06\/evidenciav1-18_optimized.06-1-1.jpg","_links":{"self":[{"href":"https:\/\/radiorevelacionfm.cl\/index.php?rest_route=\/wp\/v2\/posts\/5475","targetHints":{"allow":["GET"]}}],"collection":[{"href":"https:\/\/radiorevelacionfm.cl\/index.php?rest_route=\/wp\/v2\/posts"}],"about":[{"href":"https:\/\/radiorevelacionfm.cl\/index.php?rest_route=\/wp\/v2\/types\/post"}],"author":[{"embeddable":true,"href":"https:\/\/radiorevelacionfm.cl\/index.php?rest_route=\/wp\/v2\/users\/1"}],"replies":[{"embeddable":true,"href":"https:\/\/radiorevelacionfm.cl\/index.php?rest_route=%2Fwp%2Fv2%2Fcomments&post=5475"}],"version-history":[{"count":1,"href":"https:\/\/radiorevelacionfm.cl\/index.php?rest_route=\/wp\/v2\/posts\/5475\/revisions"}],"predecessor-version":[{"id":5477,"href":"https:\/\/radiorevelacionfm.cl\/index.php?rest_route=\/wp\/v2\/posts\/5475\/revisions\/5477"}],"wp:featuredmedia":[{"embeddable":true,"href":"https:\/\/radiorevelacionfm.cl\/index.php?rest_route=\/wp\/v2\/media\/5478"}],"wp:attachment":[{"href":"https:\/\/radiorevelacionfm.cl\/index.php?rest_route=%2Fwp%2Fv2%2Fmedia&parent=5475"}],"wp:term":[{"taxonomy":"category","embeddable":true,"href":"https:\/\/radiorevelacionfm.cl\/index.php?rest_route=%2Fwp%2Fv2%2Fcategories&post=5475"},{"taxonomy":"post_tag","embeddable":true,"href":"https:\/\/radiorevelacionfm.cl\/index.php?rest_route=%2Fwp%2Fv2%2Ftags&post=5475"}],"curies":[{"name":"wp","href":"https:\/\/api.w.org\/{rel}","templated":true}]}}