{"id":54744,"date":"2025-06-03T11:14:08","date_gmt":"2025-06-03T14:14:08","guid":{"rendered":"https:\/\/radiorevelacionfm.cl\/?p=54744"},"modified":"2025-06-03T11:14:08","modified_gmt":"2025-06-03T14:14:08","slug":"avanza-proyecto-habitacional-en-la-junta-con-visita-a-casa-piloto-de-familias-del-comite-el-encuentro","status":"publish","type":"post","link":"https:\/\/radiorevelacionfm.cl\/?p=54744","title":{"rendered":"Avanza proyecto habitacional en La Junta con visita a casa piloto de familias del Comit\u00e9 \u201cEl Encuentro\u201d"},"content":{"rendered":"<div class=\"flex_column av_one_full  flex_column_div av-zero-column-padding first  avia-builder-el-0  el_before_av_one_full  avia-builder-el-first  \" style='border-radius:0px; '><div  class='avia-image-container  av-styling-    avia-builder-el-1  avia-builder-el-no-sibling  avia-align-center '  itemprop=\"image\" itemscope=\"itemscope\" itemtype=\"https:\/\/schema.org\/ImageObject\"  ><div class='avia-image-container-inner'><div class='avia-image-overlay-wrap'><img decoding=\"async\" class='wp-image-54745 avia-img-lazy-loading-not-54745 avia_image' src=\"https:\/\/radiorevelacionfm.cl\/wp-content\/uploads\/2025\/06\/casasubsidio-1.jpg\" alt='' title='casasubsidio (1)' height=\"600\" width=\"1092\"  itemprop=\"thumbnailUrl\" srcset=\"https:\/\/radiorevelacionfm.cl\/wp-content\/uploads\/2025\/06\/casasubsidio-1.jpg 1092w, https:\/\/radiorevelacionfm.cl\/wp-content\/uploads\/2025\/06\/casasubsidio-1-300x165.jpg 300w, https:\/\/radiorevelacionfm.cl\/wp-content\/uploads\/2025\/06\/casasubsidio-1-1030x566.jpg 1030w, https:\/\/radiorevelacionfm.cl\/wp-content\/uploads\/2025\/06\/casasubsidio-1-768x422.jpg 768w, https:\/\/radiorevelacionfm.cl\/wp-content\/uploads\/2025\/06\/casasubsidio-1-705x387.jpg 705w, https:\/\/radiorevelacionfm.cl\/wp-content\/uploads\/2025\/06\/casasubsidio-1-450x247.jpg 450w, https:\/\/radiorevelacionfm.cl\/wp-content\/uploads\/2025\/06\/casasubsidio-1-600x330.jpg 600w\" sizes=\"(max-width: 1092px) 100vw, 1092px\" \/><\/div><\/div><\/div><\/div><div class=\"flex_column av_one_full  flex_column_div av-zero-column-padding first  avia-builder-el-2  el_after_av_one_full  el_before_av_one_full  column-top-margin\" style='border-radius:0px; '><section class=\"av_textblock_section \"  itemscope=\"itemscope\" itemtype=\"https:\/\/schema.org\/BlogPosting\" itemprop=\"blogPost\" ><div class='avia_textblock  '   itemprop=\"text\" ><h2 class=\"title\" style=\"text-align: center;\"><strong><span style=\"font-size: 18pt;\">Avanza proyecto habitacional en La Junta con visita a casa piloto de familias del Comit\u00e9 \u201cEl Encuentro\u201d <\/span><\/strong><\/h2>\n<div id=\"gtx-trans\" style=\"position: absolute; left: -50px; top: 4.31534px;\">\n<div class=\"gtx-trans-icon\"><\/div>\n<\/div>\n<\/div><\/section><\/div><div class=\"flex_column av_one_full  flex_column_div av-zero-column-padding first  avia-builder-el-4  el_after_av_one_full  el_before_av_hr  column-top-margin\" style='border-radius:0px; '><section class=\"av_textblock_section \"  itemscope=\"itemscope\" itemtype=\"https:\/\/schema.org\/BlogPosting\" itemprop=\"blogPost\" ><div class='avia_textblock  '   itemprop=\"text\" ><p style=\"text-align: justify;\"><em>Acompa\u00f1adas por el alcalde de Cisnes, Francisco Roncagliolo, las familias del comit\u00e9 visitaron la casa piloto en una jornada que marca un hito clave en el desarrollo del proyecto.<\/em><br \/>\nUna jornada llena de emoci\u00f3n y esperanza se vivi\u00f3 el lunes 2 de junio, cuando las familias del Comit\u00e9 de Vivienda \u201cEl Encuentro\u201d realizaron una visita oficial a la casa piloto del proyecto habitacional que se est\u00e1 desarrollando en la localidad de La Junta, comuna de Cisnes.<br \/>\nLa actividad cont\u00f3 con la presencia del alcalde de la comuna, Francisco Roncagliolo Lepio, la presidenta del comit\u00e9, Cristina Mu\u00f1oz, equipos t\u00e9cnicos del SERVIU, de la Ilustre Municipalidad de Cisnes, representantes de la empresa ejecutora Marianela Lav\u00edn Acu\u00f1a y las familias beneficiarias del proyecto.<br \/>\nLa visita representa un paso concreto en el anhelado camino hacia la vivienda propia para decenas de familias de La Junta. Durante la jornada, los asistentes recorrieron la vivienda piloto y conocieron en detalle su dise\u00f1o, distribuci\u00f3n de espacios, materiales de construcci\u00f3n y est\u00e1ndares t\u00e9cnicos que se aplicar\u00e1n en el conjunto habitacional definitivo.<br \/>\nEl alcalde Roncagliolo valor\u00f3 el progreso del proceso y afirm\u00f3: \u201cEstamos muy contentos por esta visita porque muestra un tremendo avance en lo que hoy d\u00eda es la construcci\u00f3n de estas m\u00e1s de 30 casas. Adem\u00e1s, quiero resaltar algo sumamente importante para nuestra comunidad, el hecho de la cantidad de mano de obra local que se ha contratado para que se vaya cumpliendo este hermoso sue\u00f1o.\u201d<br \/>\nPor su parte, la presidenta del Comit\u00e9, Cristina Mu\u00f1oz, expres\u00f3: \u201cEs una casa muy bella, con espacios amplios y un dise\u00f1o muy bien pensado. La verdad, no parece una casa de subsidio, lo que dignifica mucho a las personas que vamos a vivir aqu\u00ed. Agradecemos profundamente el trabajo conjunto entre el SERVIU y la Municipalidad de<br \/>\nCisnes, como entidad patrocinante, que ha hecho posible que estemos hoy aqu\u00ed.\u201d<br \/>\nEl proyecto contempla la construcci\u00f3n de 32 viviendas, que beneficiar\u00e1n a familias de La Junta que, por a\u00f1os, han esperado una soluci\u00f3n habitacional definitiva. Esta etapa permite a los futuros propietarios visualizar concretamente c\u00f3mo ser\u00e1n sus hogares, fortaleciendo la confianza en el proceso y proyectando un futuro con mayor seguridad habitacional.<\/p>\n<\/div><\/section><\/div><div  style='height:50px' class='hr hr-invisible   avia-builder-el-6  el_after_av_one_full  el_before_av_social_share '><span class='hr-inner ' ><span class='hr-inner-style'><\/span><\/span><\/div><\/p>\n<div  class='av-social-sharing-box  avia-builder-el-7  el_after_av_hr  el_before_av_hr  '><div class='av-share-box'><h5 class='av-share-link-description av-no-toc '>Compartir esta noticia<\/h5><ul class='av-share-box-list noLightbox'><li class='av-share-link av-social-link-facebook' ><a target=\"_blank\" aria-label=\"Compartir en Facebook\" href='https:\/\/www.facebook.com\/sharer.php?u=https:\/\/radiorevelacionfm.cl\/?p=54744&#038;t=Avanza%20proyecto%20habitacional%20en%20La%20Junta%20con%20visita%20a%20casa%20piloto%20de%20familias%20del%20Comit%C3%A9%20%E2%80%9CEl%20Encuentro%E2%80%9D' aria-hidden='false' data-av_icon='\ue8f3' data-av_iconfont='entypo-fontello' title='' data-avia-related-tooltip='Compartir en Facebook' rel=\"noopener\"><span class='avia_hidden_link_text'>Compartir en Facebook<\/span><\/a><\/li><li class='av-share-link av-social-link-twitter' ><a target=\"_blank\" aria-label=\"Compartir en Twitter\" href='https:\/\/twitter.com\/share?text=Avanza%20proyecto%20habitacional%20en%20La%20Junta%20con%20visita%20a%20casa%20piloto%20de%20familias%20del%20Comit%C3%A9%20%E2%80%9CEl%20Encuentro%E2%80%9D&#038;url=https:\/\/radiorevelacionfm.cl\/?p=54744' aria-hidden='false' data-av_icon='\ue8f1' data-av_iconfont='entypo-fontello' title='' data-avia-related-tooltip='Compartir en Twitter' rel=\"noopener\"><span class='avia_hidden_link_text'>Compartir en Twitter<\/span><\/a><\/li><li class='av-share-link av-social-link-whatsapp' ><a target=\"_blank\" aria-label=\"Compartir en Whatsapp\" href='https:\/\/api.whatsapp.com\/send?text=https:\/\/radiorevelacionfm.cl\/?p=54744' aria-hidden='false' data-av_icon='\uf232' data-av_iconfont='entypo-fontello' title='' data-avia-related-tooltip='Compartir en Whatsapp' rel=\"noopener\"><span class='avia_hidden_link_text'>Compartir en Whatsapp<\/span><\/a><\/li><li class='av-share-link av-social-link-linkedin' ><a target=\"_blank\" aria-label=\"Compartir en LinkedIn\" href='https:\/\/linkedin.com\/shareArticle?mini=true&#038;title=Avanza%20proyecto%20habitacional%20en%20La%20Junta%20con%20visita%20a%20casa%20piloto%20de%20familias%20del%20Comit%C3%A9%20%E2%80%9CEl%20Encuentro%E2%80%9D&#038;url=https:\/\/radiorevelacionfm.cl\/?p=54744' aria-hidden='false' data-av_icon='\ue8fc' data-av_iconfont='entypo-fontello' title='' data-avia-related-tooltip='Compartir en LinkedIn' rel=\"noopener\"><span class='avia_hidden_link_text'>Compartir en LinkedIn<\/span><\/a><\/li><li class='av-share-link av-social-link-mail' ><a  aria-label=\"Compartir por correo\" href='mailto:?subject=Avanza%20proyecto%20habitacional%20en%20La%20Junta%20con%20visita%20a%20casa%20piloto%20de%20familias%20del%20Comit%C3%A9%20%E2%80%9CEl%20Encuentro%E2%80%9D&#038;body=https:\/\/radiorevelacionfm.cl\/?p=54744' aria-hidden='false' data-av_icon='\ue805' data-av_iconfont='entypo-fontello' title='' data-avia-related-tooltip='Compartir por correo'><span class='avia_hidden_link_text'>Compartir por correo<\/span><\/a><\/li><\/ul><\/div><\/div>\n<div  style='height:50px' class='hr hr-invisible   avia-builder-el-8  el_after_av_social_share  el_before_av_comments_list '><span class='hr-inner ' ><span class='hr-inner-style'><\/span><\/span><\/div>\n<div  class='av-buildercomment  av-blog-meta-html-info-disabled av-blog-meta-tag-disabled  '><\/div>\n","protected":false},"excerpt":{"rendered":"","protected":false},"author":1,"featured_media":54745,"comment_status":"closed","ping_status":"closed","sticky":false,"template":"","format":"standard","meta":{"footnotes":""},"categories":[57],"tags":[],"class_list":["post-54744","post","type-post","status-publish","format-standard","has-post-thumbnail","hentry","category-vivienda"],"jetpack_featured_media_url":"https:\/\/radiorevelacionfm.cl\/wp-content\/uploads\/2025\/06\/casasubsidio-1.jpg","_links":{"self":[{"href":"https:\/\/radiorevelacionfm.cl\/index.php?rest_route=\/wp\/v2\/posts\/54744","targetHints":{"allow":["GET"]}}],"collection":[{"href":"https:\/\/radiorevelacionfm.cl\/index.php?rest_route=\/wp\/v2\/posts"}],"about":[{"href":"https:\/\/radiorevelacionfm.cl\/index.php?rest_route=\/wp\/v2\/types\/post"}],"author":[{"embeddable":true,"href":"https:\/\/radiorevelacionfm.cl\/index.php?rest_route=\/wp\/v2\/users\/1"}],"replies":[{"embeddable":true,"href":"https:\/\/radiorevelacionfm.cl\/index.php?rest_route=%2Fwp%2Fv2%2Fcomments&post=54744"}],"version-history":[{"count":2,"href":"https:\/\/radiorevelacionfm.cl\/index.php?rest_route=\/wp\/v2\/posts\/54744\/revisions"}],"predecessor-version":[{"id":54747,"href":"https:\/\/radiorevelacionfm.cl\/index.php?rest_route=\/wp\/v2\/posts\/54744\/revisions\/54747"}],"wp:featuredmedia":[{"embeddable":true,"href":"https:\/\/radiorevelacionfm.cl\/index.php?rest_route=\/wp\/v2\/media\/54745"}],"wp:attachment":[{"href":"https:\/\/radiorevelacionfm.cl\/index.php?rest_route=%2Fwp%2Fv2%2Fmedia&parent=54744"}],"wp:term":[{"taxonomy":"category","embeddable":true,"href":"https:\/\/radiorevelacionfm.cl\/index.php?rest_route=%2Fwp%2Fv2%2Fcategories&post=54744"},{"taxonomy":"post_tag","embeddable":true,"href":"https:\/\/radiorevelacionfm.cl\/index.php?rest_route=%2Fwp%2Fv2%2Ftags&post=54744"}],"curies":[{"name":"wp","href":"https:\/\/api.w.org\/{rel}","templated":true}]}}