{"id":54739,"date":"2025-06-02T20:29:29","date_gmt":"2025-06-02T23:29:29","guid":{"rendered":"https:\/\/radiorevelacionfm.cl\/?p=54739"},"modified":"2025-06-02T20:29:29","modified_gmt":"2025-06-02T23:29:29","slug":"inician-obras-para-entregar-agua-potable-a-135-familias-en-el-sector-rio-los-palos-de-puerto-aysen","status":"publish","type":"post","link":"https:\/\/radiorevelacionfm.cl\/?p=54739","title":{"rendered":"Inician obras para entregar agua potable a 135 familias en el sector r\u00edo los palos de Puerto Ays\u00e9n"},"content":{"rendered":"<div class=\"flex_column av_one_full  flex_column_div av-zero-column-padding first  avia-builder-el-0  el_before_av_one_full  avia-builder-el-first  \" style='border-radius:0px; '><div  class='avia-image-container  av-styling-    avia-builder-el-1  avia-builder-el-no-sibling  avia-align-center '  itemprop=\"image\" itemscope=\"itemscope\" itemtype=\"https:\/\/schema.org\/ImageObject\"  ><div class='avia-image-container-inner'><div class='avia-image-overlay-wrap'><img decoding=\"async\" class='wp-image-54740 avia-img-lazy-loading-not-54740 avia_image' src=\"https:\/\/radiorevelacionfm.cl\/wp-content\/uploads\/2025\/06\/dji_0021-1_optimized.jpg\" alt='' title='dji_0021-(1)_optimized' height=\"600\" width=\"1067\"  itemprop=\"thumbnailUrl\" srcset=\"https:\/\/radiorevelacionfm.cl\/wp-content\/uploads\/2025\/06\/dji_0021-1_optimized.jpg 1067w, https:\/\/radiorevelacionfm.cl\/wp-content\/uploads\/2025\/06\/dji_0021-1_optimized-300x169.jpg 300w, https:\/\/radiorevelacionfm.cl\/wp-content\/uploads\/2025\/06\/dji_0021-1_optimized-1030x579.jpg 1030w, https:\/\/radiorevelacionfm.cl\/wp-content\/uploads\/2025\/06\/dji_0021-1_optimized-768x432.jpg 768w, https:\/\/radiorevelacionfm.cl\/wp-content\/uploads\/2025\/06\/dji_0021-1_optimized-705x396.jpg 705w, https:\/\/radiorevelacionfm.cl\/wp-content\/uploads\/2025\/06\/dji_0021-1_optimized-450x253.jpg 450w, https:\/\/radiorevelacionfm.cl\/wp-content\/uploads\/2025\/06\/dji_0021-1_optimized-600x337.jpg 600w\" sizes=\"(max-width: 1067px) 100vw, 1067px\" \/><\/div><\/div><\/div><\/div><div class=\"flex_column av_one_full  flex_column_div av-zero-column-padding first  avia-builder-el-2  el_after_av_one_full  el_before_av_one_full  column-top-margin\" style='border-radius:0px; '><section class=\"av_textblock_section \"  itemscope=\"itemscope\" itemtype=\"https:\/\/schema.org\/BlogPosting\" itemprop=\"blogPost\" ><div class='avia_textblock  '   itemprop=\"text\" ><p style=\"text-align: center;\"><span style=\"font-size: 18pt;\"><strong>Inician obras para entregar agua potable a 135 familias en el Sector R\u00edo Los Palos de Puerto Ays\u00e9n<\/strong><\/span><\/p>\n<div id=\"gtx-trans\" style=\"position: absolute; left: -50px; top: 4.31534px;\">\n<div class=\"gtx-trans-icon\"><\/div>\n<\/div>\n<\/div><\/section><\/div><div class=\"flex_column av_one_full  flex_column_div av-zero-column-padding first  avia-builder-el-4  el_after_av_one_full  el_before_av_hr  column-top-margin\" style='border-radius:0px; '><section class=\"av_textblock_section \"  itemscope=\"itemscope\" itemtype=\"https:\/\/schema.org\/BlogPosting\" itemprop=\"blogPost\" ><div class='avia_textblock  '   itemprop=\"text\" ><p style=\"text-align: justify;\">Con la instalaci\u00f3n de la primera tuber\u00eda y una emotiva ceremonia en el sector de R\u00edo Los Palos, se dio inicio oficial a las obras del Sistema Sanitario Rural (SSR) que beneficiar\u00e1 a 135 familias de la zona, agrupadas en un comit\u00e9 que ha sido protagonista del largo proceso para este proyecto.<\/p>\n<p style=\"text-align: justify;\">Financiado con recursos sectoriales del Ministerio de Obras P\u00fablicas a trav\u00e9s de su Direcci\u00f3n de Obras Hidr\u00e1ulicas, este Servicio Sanitario Rural contempla una inversi\u00f3n de $2.153 millones y un plazo de ejecuci\u00f3n de 510 d\u00edas corridos, trabajos que estar\u00e1n a cargo de la empresa E.C. VZS SPA, y que a la fecha presenta un avance f\u00edsico del 16,5%.<\/p>\n<p style=\"text-align: justify;\">La infraestructura considera la captaci\u00f3n gravitacional en el estero La Pancha, una red de 11.896 metros de tuber\u00edas HDPE, 135 arranques domiciliarios con medidor, un estanque de regulaci\u00f3n de 75 m\u00b3, casetas de tratamiento con filtro de turbiedad y cloraci\u00f3n, adem\u00e1s de la electrificaci\u00f3n mediante paneles solares y cierre perimetral con cerco tipo malla Acmafor.<\/p>\n<p style=\"text-align: justify;\">Durante la ceremonia, el Presidente del Comit\u00e9 SSR R\u00edo Los Palos, Ra\u00fal Arce Salinas, expres\u00f3 la alegr\u00eda de la comunidad: \u201cMuy agradecidos del compromiso que han tenido con esta comunidad las autoridades regionales. Hoy esta ceremonia da inicio oficial a los trabajos, que se van a desarrollar por 18 meses y que concretar\u00e1n el anhelo de todas las familias del sector: contar con agua potable en cada una de nuestras viviendas\u201d.<\/p>\n<p style=\"text-align: justify;\">Por su parte, la Seremi del MOP Ays\u00e9n, Paloma Jara, destac\u00f3 la importancia de este tipo de obras: \u201cEs un momento de gran felicidad para la Direcci\u00f3n de Obras Hidr\u00e1ulicas y para el Ministerio. Este proyecto permitir\u00e1 traer agua potable a una comunidad que ha esperado mucho. Ya lleva un 13% de avance y seguir\u00e1 avanzando a paso firme, porque nuestro compromiso como gobierno es que haya agua potable en cada rinc\u00f3n de este pa\u00eds\u201d.<\/p>\n<p style=\"text-align: justify;\">El Delegado Presidencial Provincial de Ays\u00e9n, Rodrigo Moreno Rivera, recalc\u00f3 el valor del acceso al agua como derecho fundamental: \u201cEstamos muy contentos como gobierno de iniciar este proceso. Esperamos pronto poder tener a estas 135 familias con algo tan vital como es que el agua potable llegue a cada una de sus casas\u201d.<\/p>\n<p style=\"text-align: justify;\">Finalmente, el Director Regional de Obras Hidr\u00e1ulicas, Francisco Real, valor\u00f3 el trabajo t\u00e9cnico detr\u00e1s del proyecto: \u201cFue un largo camino y hoy ya lo estamos materializando. Esta obra contempla m\u00e1s de 11 kil\u00f3metros de red y un estanque de 75 m\u00b3, permitiendo abastecer a las familias actuales y a las que se sumen en el futuro a este sector\u201d.<\/p>\n<p style=\"text-align: justify;\">La ceremonia simboliza el compromiso del Estado con el desarrollo equitativo y con garantizar el acceso al agua potable como un derecho esencial para la vida.<\/p>\n<\/div><\/section><\/div><div  style='height:50px' class='hr hr-invisible   avia-builder-el-6  el_after_av_one_full  el_before_av_social_share '><span class='hr-inner ' ><span class='hr-inner-style'><\/span><\/span><\/div><\/p>\n<div  class='av-social-sharing-box  avia-builder-el-7  el_after_av_hr  el_before_av_hr  '><div class='av-share-box'><h5 class='av-share-link-description av-no-toc '>Compartir esta noticia<\/h5><ul class='av-share-box-list noLightbox'><li class='av-share-link av-social-link-facebook' ><a target=\"_blank\" aria-label=\"Compartir en Facebook\" href='https:\/\/www.facebook.com\/sharer.php?u=https:\/\/radiorevelacionfm.cl\/?p=54739&#038;t=Inician%20obras%20para%20entregar%20agua%20potable%20a%20135%20familias%20en%20el%20sector%20r%C3%ADo%20los%20palos%20de%20Puerto%20Ays%C3%A9n' aria-hidden='false' data-av_icon='\ue8f3' data-av_iconfont='entypo-fontello' title='' data-avia-related-tooltip='Compartir en Facebook' rel=\"noopener\"><span class='avia_hidden_link_text'>Compartir en Facebook<\/span><\/a><\/li><li class='av-share-link av-social-link-twitter' ><a target=\"_blank\" aria-label=\"Compartir en Twitter\" href='https:\/\/twitter.com\/share?text=Inician%20obras%20para%20entregar%20agua%20potable%20a%20135%20familias%20en%20el%20sector%20r%C3%ADo%20los%20palos%20de%20Puerto%20Ays%C3%A9n&#038;url=https:\/\/radiorevelacionfm.cl\/?p=54739' aria-hidden='false' data-av_icon='\ue8f1' data-av_iconfont='entypo-fontello' title='' data-avia-related-tooltip='Compartir en Twitter' rel=\"noopener\"><span class='avia_hidden_link_text'>Compartir en Twitter<\/span><\/a><\/li><li class='av-share-link av-social-link-whatsapp' ><a target=\"_blank\" aria-label=\"Compartir en Whatsapp\" href='https:\/\/api.whatsapp.com\/send?text=https:\/\/radiorevelacionfm.cl\/?p=54739' aria-hidden='false' data-av_icon='\uf232' data-av_iconfont='entypo-fontello' title='' data-avia-related-tooltip='Compartir en Whatsapp' rel=\"noopener\"><span class='avia_hidden_link_text'>Compartir en Whatsapp<\/span><\/a><\/li><li class='av-share-link av-social-link-linkedin' ><a target=\"_blank\" aria-label=\"Compartir en LinkedIn\" href='https:\/\/linkedin.com\/shareArticle?mini=true&#038;title=Inician%20obras%20para%20entregar%20agua%20potable%20a%20135%20familias%20en%20el%20sector%20r%C3%ADo%20los%20palos%20de%20Puerto%20Ays%C3%A9n&#038;url=https:\/\/radiorevelacionfm.cl\/?p=54739' aria-hidden='false' data-av_icon='\ue8fc' data-av_iconfont='entypo-fontello' title='' data-avia-related-tooltip='Compartir en LinkedIn' rel=\"noopener\"><span class='avia_hidden_link_text'>Compartir en LinkedIn<\/span><\/a><\/li><li class='av-share-link av-social-link-mail' ><a  aria-label=\"Compartir por correo\" href='mailto:?subject=Inician%20obras%20para%20entregar%20agua%20potable%20a%20135%20familias%20en%20el%20sector%20r%C3%ADo%20los%20palos%20de%20Puerto%20Ays%C3%A9n&#038;body=https:\/\/radiorevelacionfm.cl\/?p=54739' aria-hidden='false' data-av_icon='\ue805' data-av_iconfont='entypo-fontello' title='' data-avia-related-tooltip='Compartir por correo'><span class='avia_hidden_link_text'>Compartir por correo<\/span><\/a><\/li><\/ul><\/div><\/div>\n<div  style='height:50px' class='hr hr-invisible   avia-builder-el-8  el_after_av_social_share  el_before_av_comments_list '><span class='hr-inner ' ><span class='hr-inner-style'><\/span><\/span><\/div>\n<div  class='av-buildercomment  av-blog-meta-html-info-disabled av-blog-meta-tag-disabled  '><\/div>\n","protected":false},"excerpt":{"rendered":"","protected":false},"author":1,"featured_media":54740,"comment_status":"closed","ping_status":"closed","sticky":false,"template":"","format":"standard","meta":{"footnotes":""},"categories":[66],"tags":[],"class_list":["post-54739","post","type-post","status-publish","format-standard","has-post-thumbnail","hentry","category-obras-publicas"],"jetpack_featured_media_url":"https:\/\/radiorevelacionfm.cl\/wp-content\/uploads\/2025\/06\/dji_0021-1_optimized.jpg","_links":{"self":[{"href":"https:\/\/radiorevelacionfm.cl\/index.php?rest_route=\/wp\/v2\/posts\/54739","targetHints":{"allow":["GET"]}}],"collection":[{"href":"https:\/\/radiorevelacionfm.cl\/index.php?rest_route=\/wp\/v2\/posts"}],"about":[{"href":"https:\/\/radiorevelacionfm.cl\/index.php?rest_route=\/wp\/v2\/types\/post"}],"author":[{"embeddable":true,"href":"https:\/\/radiorevelacionfm.cl\/index.php?rest_route=\/wp\/v2\/users\/1"}],"replies":[{"embeddable":true,"href":"https:\/\/radiorevelacionfm.cl\/index.php?rest_route=%2Fwp%2Fv2%2Fcomments&post=54739"}],"version-history":[{"count":2,"href":"https:\/\/radiorevelacionfm.cl\/index.php?rest_route=\/wp\/v2\/posts\/54739\/revisions"}],"predecessor-version":[{"id":54743,"href":"https:\/\/radiorevelacionfm.cl\/index.php?rest_route=\/wp\/v2\/posts\/54739\/revisions\/54743"}],"wp:featuredmedia":[{"embeddable":true,"href":"https:\/\/radiorevelacionfm.cl\/index.php?rest_route=\/wp\/v2\/media\/54740"}],"wp:attachment":[{"href":"https:\/\/radiorevelacionfm.cl\/index.php?rest_route=%2Fwp%2Fv2%2Fmedia&parent=54739"}],"wp:term":[{"taxonomy":"category","embeddable":true,"href":"https:\/\/radiorevelacionfm.cl\/index.php?rest_route=%2Fwp%2Fv2%2Fcategories&post=54739"},{"taxonomy":"post_tag","embeddable":true,"href":"https:\/\/radiorevelacionfm.cl\/index.php?rest_route=%2Fwp%2Fv2%2Ftags&post=54739"}],"curies":[{"name":"wp","href":"https:\/\/api.w.org\/{rel}","templated":true}]}}