{"id":54730,"date":"2025-06-02T19:46:29","date_gmt":"2025-06-02T22:46:29","guid":{"rendered":"https:\/\/radiorevelacionfm.cl\/?p=54730"},"modified":"2025-06-02T19:46:29","modified_gmt":"2025-06-02T22:46:29","slug":"cochrane-vibro-con-el-xi-encuentro-nacional-de-acordeonistas","status":"publish","type":"post","link":"https:\/\/radiorevelacionfm.cl\/?p=54730","title":{"rendered":"Cochrane vibr\u00f3 con el XI Encuentro Nacional de Acordeonistas"},"content":{"rendered":"<div class=\"flex_column av_one_full  flex_column_div av-zero-column-padding first  avia-builder-el-0  el_before_av_one_full  avia-builder-el-first  \" style='border-radius:0px; '><div  class='avia-image-container  av-styling-    avia-builder-el-1  avia-builder-el-no-sibling  avia-align-center '  itemprop=\"image\" itemscope=\"itemscope\" itemtype=\"https:\/\/schema.org\/ImageObject\"  ><div class='avia-image-container-inner'><div class='avia-image-overlay-wrap'><img decoding=\"async\" class='wp-image-54731 avia-img-lazy-loading-not-54731 avia_image' src=\"https:\/\/radiorevelacionfm.cl\/wp-content\/uploads\/2025\/06\/xi-encuentro-de-acordeonistas-cochrane-1-1_optimized.jpg\" alt='' title='xi-encuentro-de-acordeonistas-cochrane-(1)-(1)_optimized' height=\"600\" width=\"900\"  itemprop=\"thumbnailUrl\" srcset=\"https:\/\/radiorevelacionfm.cl\/wp-content\/uploads\/2025\/06\/xi-encuentro-de-acordeonistas-cochrane-1-1_optimized.jpg 900w, https:\/\/radiorevelacionfm.cl\/wp-content\/uploads\/2025\/06\/xi-encuentro-de-acordeonistas-cochrane-1-1_optimized-300x200.jpg 300w, https:\/\/radiorevelacionfm.cl\/wp-content\/uploads\/2025\/06\/xi-encuentro-de-acordeonistas-cochrane-1-1_optimized-768x512.jpg 768w, https:\/\/radiorevelacionfm.cl\/wp-content\/uploads\/2025\/06\/xi-encuentro-de-acordeonistas-cochrane-1-1_optimized-705x470.jpg 705w, https:\/\/radiorevelacionfm.cl\/wp-content\/uploads\/2025\/06\/xi-encuentro-de-acordeonistas-cochrane-1-1_optimized-450x300.jpg 450w, https:\/\/radiorevelacionfm.cl\/wp-content\/uploads\/2025\/06\/xi-encuentro-de-acordeonistas-cochrane-1-1_optimized-600x400.jpg 600w\" sizes=\"(max-width: 900px) 100vw, 900px\" \/><\/div><\/div><\/div><\/div><div class=\"flex_column av_one_full  flex_column_div av-zero-column-padding first  avia-builder-el-2  el_after_av_one_full  el_before_av_one_full  column-top-margin\" style='border-radius:0px; '><section class=\"av_textblock_section \"  itemscope=\"itemscope\" itemtype=\"https:\/\/schema.org\/BlogPosting\" itemprop=\"blogPost\" ><div class='avia_textblock  '   itemprop=\"text\" ><p style=\"text-align: center;\"><span style=\"font-size: 18pt;\"><strong>Cochrane vibr\u00f3 con el XI Encuentro Nacional de Acordeonistas<\/strong><\/span><\/p>\n<div id=\"gtx-trans\" style=\"position: absolute; left: -50px; top: 4.31534px;\">\n<div class=\"gtx-trans-icon\"><\/div>\n<\/div>\n<\/div><\/section><\/div><div class=\"flex_column av_one_full  flex_column_div av-zero-column-padding first  avia-builder-el-4  el_after_av_one_full  el_before_av_hr  column-top-margin\" style='border-radius:0px; '><section class=\"av_textblock_section \"  itemscope=\"itemscope\" itemtype=\"https:\/\/schema.org\/BlogPosting\" itemprop=\"blogPost\" ><div class='avia_textblock  '   itemprop=\"text\" ><div class=\"v1elementToProof\" style=\"text-align: justify;\">Una emotiva y memorable jornada musical se vivi\u00f3 este s\u00e1bado 31 de mayo en el Gimnasio Municipal de Cochrane, donde se desarroll\u00f3 el XI Encuentro Nacional de Acordeonistas, \u00abEl Baker se une en acorde\u00f3n\u00bb. La cita reuni\u00f3 a exponentes locales y nacionales del acorde\u00f3n, quienes deleitaron al p\u00fablico con su talento y compromiso por mantener viva la tradici\u00f3n musical de la comuna de Cochrane y la Patagonia Aysenina.<\/div>\n<div class=\"v1elementToProof\" style=\"text-align: justify;\">La obertura del evento a cargo de Las Aut\u00e9nticas del Baker, Las Dos Hileras y Grupo Folcl\u00f3rico Alma y Sue\u00f1o dio paso a una nutrida programaci\u00f3n que incluy\u00f3 presentaciones de reconocidos cultores como \u00cdtalo Vidal, Enzo Inostroza, Secundino Oliveros, Freddy P\u00e9rez, el conjunto Sones del Baker, Abraham Figueroa, Atilio Cruces, Joaqu\u00edn Mu\u00f1oz Donoso, Danae Far\u00edas Cuarteto, Luciano Auad Banda y Los Chamanes de la Patagonia, quienes cerraron la noche con una presentaci\u00f3n vibrante.<\/div>\n<div class=\"v1elementToProof\" style=\"text-align: justify;\">Durante la jornada, varios m\u00fasicos compartieron emocionantes testimonios de su trayectoria.\u00a0<b>Abraham Figueroa<\/b>\u00a0relat\u00f3 c\u00f3mo de ni\u00f1o aprendi\u00f3 con uno de los primeros acordeones que llegaron al \u00abBaker\u00bb, iniciando su camino musical con una verdulera que originalmente era para su hermano. Por su parte,\u00a0<b>Regino M\u00e1rquez y Regner Oyarzo<\/b>, del conjunto Sones del Baker, recordaron c\u00f3mo aprendieron observando a sus padres y vecinos, dando origen m\u00e1s tarde a este d\u00fao que hoy representa a la tradici\u00f3n musical patagona.<\/div>\n<div class=\"v1elementToProof\" style=\"text-align: justify;\">El joven local\u00a0<b>Enzo Inostroza<\/b>\u00a0valor\u00f3 la oportunidad de tocar ante su comunidad: \u00abEs emocionante tocar en mi pueblo, con mi gente. Trato de ser variado, ranchera, chamam\u00e9. Aprend\u00ed porque me llam\u00f3 la atenci\u00f3n, comenc\u00e9 con una flauta mel\u00f3dica, me colocaba aud\u00edfonos y sacaba la melod\u00eda. El 2017 pude adquirir mi primer acorde\u00f3n y ah\u00ed comenc\u00e9\u00bb.<\/div>\n<div class=\"v1elementToProof\" style=\"text-align: justify;\"><b>Secundino Oliveros<\/b>\u00a0tambi\u00e9n comparti\u00f3 su historia: \u00abNadie me ense\u00f1\u00f3, yo aprend\u00ed solo. Mi pap\u00e1 tocaba un poquito la verdulera, incluso \u00e9l compr\u00f3 el acorde\u00f3n. Como era muy chico no me dejaban tocarla mucho. Antes no hab\u00eda nada, nadie me ense\u00f1\u00f3 una nota. Mi mensaje es que nunca pierdan el estilo patag\u00f3n: a la ranchera no se le agrega nada. Que sigan los nuevos m\u00fasicos y que surjan\u00bb.<\/div>\n<div class=\"v1elementToProof\" style=\"text-align: justify;\"><b>Freddy P\u00e9rez<\/b>, en tanto, agradeci\u00f3 al p\u00fablico presente y motiv\u00f3 a las nuevas generaciones a seguir ensayando y rescatando la m\u00fasica campera.<\/div>\n<div class=\"v1elementToProof\" style=\"text-align: justify;\">El encuentro no solo fue una instancia art\u00edstica, sino tambi\u00e9n un homenaje a los pioneros del territorio, quienes con esfuerzo y pasi\u00f3n construyeron el legado cultural que hoy se sigue transmitiendo a trav\u00e9s de la m\u00fasica de acorde\u00f3n.<\/div>\n<div class=\"v1elementToProof\" style=\"text-align: justify;\">La actividad fue organizada por la Ilustre Municipalidad de Cochrane a trav\u00e9s de su oficina de Cultura y financiada a trav\u00e9s del Fondo para el Fomento de la M\u00fasica Nacional del Ministerio de las Culturas, las Artes y el Patrimonio, permitiendo con ello visibilizar y valorar el trabajo de los cultores de Cochrane y pa\u00eds.<\/div>\n<\/div><\/section><\/div><div  style='height:50px' class='hr hr-invisible   avia-builder-el-6  el_after_av_one_full  el_before_av_social_share '><span class='hr-inner ' ><span class='hr-inner-style'><\/span><\/span><\/div><\/p>\n<div  class='av-social-sharing-box  avia-builder-el-7  el_after_av_hr  el_before_av_hr  '><div class='av-share-box'><h5 class='av-share-link-description av-no-toc '>Compartir esta noticia<\/h5><ul class='av-share-box-list noLightbox'><li class='av-share-link av-social-link-facebook' ><a target=\"_blank\" aria-label=\"Compartir en Facebook\" href='https:\/\/www.facebook.com\/sharer.php?u=https:\/\/radiorevelacionfm.cl\/?p=54730&#038;t=Cochrane%20vibr%C3%B3%20con%20el%20XI%20Encuentro%20Nacional%20de%20Acordeonistas' aria-hidden='false' data-av_icon='\ue8f3' data-av_iconfont='entypo-fontello' title='' data-avia-related-tooltip='Compartir en Facebook' rel=\"noopener\"><span class='avia_hidden_link_text'>Compartir en Facebook<\/span><\/a><\/li><li class='av-share-link av-social-link-twitter' ><a target=\"_blank\" aria-label=\"Compartir en Twitter\" href='https:\/\/twitter.com\/share?text=Cochrane%20vibr%C3%B3%20con%20el%20XI%20Encuentro%20Nacional%20de%20Acordeonistas&#038;url=https:\/\/radiorevelacionfm.cl\/?p=54730' aria-hidden='false' data-av_icon='\ue8f1' data-av_iconfont='entypo-fontello' title='' data-avia-related-tooltip='Compartir en Twitter' rel=\"noopener\"><span class='avia_hidden_link_text'>Compartir en Twitter<\/span><\/a><\/li><li class='av-share-link av-social-link-whatsapp' ><a target=\"_blank\" aria-label=\"Compartir en Whatsapp\" href='https:\/\/api.whatsapp.com\/send?text=https:\/\/radiorevelacionfm.cl\/?p=54730' aria-hidden='false' data-av_icon='\uf232' data-av_iconfont='entypo-fontello' title='' data-avia-related-tooltip='Compartir en Whatsapp' rel=\"noopener\"><span class='avia_hidden_link_text'>Compartir en Whatsapp<\/span><\/a><\/li><li class='av-share-link av-social-link-linkedin' ><a target=\"_blank\" aria-label=\"Compartir en LinkedIn\" href='https:\/\/linkedin.com\/shareArticle?mini=true&#038;title=Cochrane%20vibr%C3%B3%20con%20el%20XI%20Encuentro%20Nacional%20de%20Acordeonistas&#038;url=https:\/\/radiorevelacionfm.cl\/?p=54730' aria-hidden='false' data-av_icon='\ue8fc' data-av_iconfont='entypo-fontello' title='' data-avia-related-tooltip='Compartir en LinkedIn' rel=\"noopener\"><span class='avia_hidden_link_text'>Compartir en LinkedIn<\/span><\/a><\/li><li class='av-share-link av-social-link-mail' ><a  aria-label=\"Compartir por correo\" href='mailto:?subject=Cochrane%20vibr%C3%B3%20con%20el%20XI%20Encuentro%20Nacional%20de%20Acordeonistas&#038;body=https:\/\/radiorevelacionfm.cl\/?p=54730' aria-hidden='false' data-av_icon='\ue805' data-av_iconfont='entypo-fontello' title='' data-avia-related-tooltip='Compartir por correo'><span class='avia_hidden_link_text'>Compartir por correo<\/span><\/a><\/li><\/ul><\/div><\/div>\n<div  style='height:50px' class='hr hr-invisible   avia-builder-el-8  el_after_av_social_share  el_before_av_comments_list '><span class='hr-inner ' ><span class='hr-inner-style'><\/span><\/span><\/div>\n<div  class='av-buildercomment  av-blog-meta-html-info-disabled av-blog-meta-tag-disabled  '><\/div>\n","protected":false},"excerpt":{"rendered":"","protected":false},"author":1,"featured_media":54731,"comment_status":"closed","ping_status":"closed","sticky":false,"template":"","format":"standard","meta":{"footnotes":""},"categories":[52],"tags":[],"class_list":["post-54730","post","type-post","status-publish","format-standard","has-post-thumbnail","hentry","category-cultura"],"jetpack_featured_media_url":"https:\/\/radiorevelacionfm.cl\/wp-content\/uploads\/2025\/06\/xi-encuentro-de-acordeonistas-cochrane-1-1_optimized.jpg","_links":{"self":[{"href":"https:\/\/radiorevelacionfm.cl\/index.php?rest_route=\/wp\/v2\/posts\/54730","targetHints":{"allow":["GET"]}}],"collection":[{"href":"https:\/\/radiorevelacionfm.cl\/index.php?rest_route=\/wp\/v2\/posts"}],"about":[{"href":"https:\/\/radiorevelacionfm.cl\/index.php?rest_route=\/wp\/v2\/types\/post"}],"author":[{"embeddable":true,"href":"https:\/\/radiorevelacionfm.cl\/index.php?rest_route=\/wp\/v2\/users\/1"}],"replies":[{"embeddable":true,"href":"https:\/\/radiorevelacionfm.cl\/index.php?rest_route=%2Fwp%2Fv2%2Fcomments&post=54730"}],"version-history":[{"count":2,"href":"https:\/\/radiorevelacionfm.cl\/index.php?rest_route=\/wp\/v2\/posts\/54730\/revisions"}],"predecessor-version":[{"id":54738,"href":"https:\/\/radiorevelacionfm.cl\/index.php?rest_route=\/wp\/v2\/posts\/54730\/revisions\/54738"}],"wp:featuredmedia":[{"embeddable":true,"href":"https:\/\/radiorevelacionfm.cl\/index.php?rest_route=\/wp\/v2\/media\/54731"}],"wp:attachment":[{"href":"https:\/\/radiorevelacionfm.cl\/index.php?rest_route=%2Fwp%2Fv2%2Fmedia&parent=54730"}],"wp:term":[{"taxonomy":"category","embeddable":true,"href":"https:\/\/radiorevelacionfm.cl\/index.php?rest_route=%2Fwp%2Fv2%2Fcategories&post=54730"},{"taxonomy":"post_tag","embeddable":true,"href":"https:\/\/radiorevelacionfm.cl\/index.php?rest_route=%2Fwp%2Fv2%2Ftags&post=54730"}],"curies":[{"name":"wp","href":"https:\/\/api.w.org\/{rel}","templated":true}]}}