{"id":54722,"date":"2025-06-02T13:59:57","date_gmt":"2025-06-02T16:59:57","guid":{"rendered":"https:\/\/radiorevelacionfm.cl\/?p=54722"},"modified":"2025-06-02T13:59:57","modified_gmt":"2025-06-02T16:59:57","slug":"delegado-regional-rechazo-agresion-a-equipo-de-la-seremi-de-vivienda-y-serviu","status":"publish","type":"post","link":"https:\/\/radiorevelacionfm.cl\/?p=54722","title":{"rendered":"Delegado Regional rechaz\u00f3 agresi\u00f3n a equipo de la seremi de Vivienda y Serviu"},"content":{"rendered":"<div class=\"flex_column av_one_full  flex_column_div av-zero-column-padding first  avia-builder-el-0  el_before_av_one_full  avia-builder-el-first  \" style='border-radius:0px; '><div  class='avia-image-container  av-styling-    avia-builder-el-1  avia-builder-el-no-sibling  avia-align-center '  itemprop=\"image\" itemscope=\"itemscope\" itemtype=\"https:\/\/schema.org\/ImageObject\"  ><div class='avia-image-container-inner'><div class='avia-image-overlay-wrap'><img decoding=\"async\" class='wp-image-54723 avia-img-lazy-loading-not-54723 avia_image' src=\"https:\/\/radiorevelacionfm.cl\/wp-content\/uploads\/2025\/06\/IMG_2541-1-1.jpg\" alt='' title='IMG_2541 (1) (1)' height=\"600\" width=\"893\"  itemprop=\"thumbnailUrl\" srcset=\"https:\/\/radiorevelacionfm.cl\/wp-content\/uploads\/2025\/06\/IMG_2541-1-1.jpg 893w, https:\/\/radiorevelacionfm.cl\/wp-content\/uploads\/2025\/06\/IMG_2541-1-1-300x202.jpg 300w, https:\/\/radiorevelacionfm.cl\/wp-content\/uploads\/2025\/06\/IMG_2541-1-1-768x516.jpg 768w, https:\/\/radiorevelacionfm.cl\/wp-content\/uploads\/2025\/06\/IMG_2541-1-1-705x474.jpg 705w, https:\/\/radiorevelacionfm.cl\/wp-content\/uploads\/2025\/06\/IMG_2541-1-1-450x302.jpg 450w, https:\/\/radiorevelacionfm.cl\/wp-content\/uploads\/2025\/06\/IMG_2541-1-1-600x403.jpg 600w\" sizes=\"(max-width: 893px) 100vw, 893px\" \/><\/div><\/div><\/div><\/div><div class=\"flex_column av_one_full  flex_column_div av-zero-column-padding first  avia-builder-el-2  el_after_av_one_full  el_before_av_one_full  column-top-margin\" style='border-radius:0px; '><section class=\"av_textblock_section \"  itemscope=\"itemscope\" itemtype=\"https:\/\/schema.org\/BlogPosting\" itemprop=\"blogPost\" ><div class='avia_textblock  '   itemprop=\"text\" ><h2 class=\"title\" style=\"text-align: center;\"><span style=\"font-size: 18pt;\"><b>Delegado Regional rechaz\u00f3 agresi\u00f3n a equipo de la seremi de Vivienda y Serviu<\/b><\/span><\/h2>\n<div id=\"gtx-trans\" style=\"position: absolute; left: -50px; top: 4.31534px;\">\n<div class=\"gtx-trans-icon\"><\/div>\n<\/div>\n<\/div><\/section><\/div><div class=\"flex_column av_one_full  flex_column_div av-zero-column-padding first  avia-builder-el-4  el_after_av_one_full  el_before_av_hr  column-top-margin\" style='border-radius:0px; '><section class=\"av_textblock_section \"  itemscope=\"itemscope\" itemtype=\"https:\/\/schema.org\/BlogPosting\" itemprop=\"blogPost\" ><div class='avia_textblock  '   itemprop=\"text\" ><p style=\"font-weight: 400; text-align: justify;\">El Delegado Presidencial Regional de Ays\u00e9n, Jorge D\u00edaz Guzm\u00e1n, rechaz\u00f3 categ\u00f3ricamente la agresi\u00f3n que el pasado viernes 30 de mayo sufri\u00f3 un equipo de trabajo conformado por la seremi de Vivienda y Urbanismo, Paulina Ruz Delf\u00edn, directora regional (s) de Serviu, Giovanna G\u00f3mez, y abogada de la instituci\u00f3n P\u00eda Caldera, en el marco del trabajo peri\u00f3dico habitual con los comit\u00e9s habitacionales en Puerto Ays\u00e9n.<\/p>\n<p style=\"font-weight: 400; text-align: justify;\">\u201cComo delegado y como norma general, rechazo cualquier tipo de violencia y lamento los hechos que afectaron a este equipo de trabajo, en el marco de las labores propias de su servicio. Ninguna persona tiene derecho a sobrepasar los l\u00edmites del di\u00e1logo y es responsabilidad de todas y todos velar por la sana convivencia\u201d, indic\u00f3 Jorge D\u00edaz.<\/p>\n<p style=\"font-weight: 400; text-align: justify;\">En este sentido, el Delegado Presidencial Regional reafirm\u00f3 que el di\u00e1logo siempre ser\u00e1 la v\u00eda para avanzar en las diferentes materias propias de la gesti\u00f3n p\u00fablica, sobre la base del respeto mutuo, en especial, en un tema de tanta relevancia como es el habitacional.<\/p>\n<p style=\"font-weight: 400; text-align: justify;\">A\u00f1adi\u00f3 que ante lo sucedido se han tomado las medidas para resguardar el cumplimiento de la normativa vigente y, de este modo, el Ministerio P\u00fablico pueda establecer las responsabilidades que corresponda.<\/p>\n<p style=\"font-weight: 400; text-align: justify;\">El Delegado Jorge D\u00edaz concluy\u00f3 \u201creafirmando el compromiso con las justas demandas de la ciudadan\u00eda, a trav\u00e9s del di\u00e1logo y el respeto indistintamente de la materia que se trate. Por nuestra parte, mantendremos siempre nuestra vocaci\u00f3n de servicio y las puertas abiertas para la conversaci\u00f3n orientada hacia el logro de objetivos amplios en beneficio de la comunidad\u201d.<\/p>\n<\/div><\/section><\/div><div  style='height:50px' class='hr hr-invisible   avia-builder-el-6  el_after_av_one_full  el_before_av_social_share '><span class='hr-inner ' ><span class='hr-inner-style'><\/span><\/span><\/div><\/p>\n<div  class='av-social-sharing-box  avia-builder-el-7  el_after_av_hr  el_before_av_hr  '><div class='av-share-box'><h5 class='av-share-link-description av-no-toc '>Compartir esta noticia<\/h5><ul class='av-share-box-list noLightbox'><li class='av-share-link av-social-link-facebook' ><a target=\"_blank\" aria-label=\"Compartir en Facebook\" href='https:\/\/www.facebook.com\/sharer.php?u=https:\/\/radiorevelacionfm.cl\/?p=54722&#038;t=Delegado%20Regional%20rechaz%C3%B3%20agresi%C3%B3n%20a%20equipo%20de%20la%20seremi%20de%20Vivienda%20y%20Serviu' aria-hidden='false' data-av_icon='\ue8f3' data-av_iconfont='entypo-fontello' title='' data-avia-related-tooltip='Compartir en Facebook' rel=\"noopener\"><span class='avia_hidden_link_text'>Compartir en Facebook<\/span><\/a><\/li><li class='av-share-link av-social-link-twitter' ><a target=\"_blank\" aria-label=\"Compartir en Twitter\" href='https:\/\/twitter.com\/share?text=Delegado%20Regional%20rechaz%C3%B3%20agresi%C3%B3n%20a%20equipo%20de%20la%20seremi%20de%20Vivienda%20y%20Serviu&#038;url=https:\/\/radiorevelacionfm.cl\/?p=54722' aria-hidden='false' data-av_icon='\ue8f1' data-av_iconfont='entypo-fontello' title='' data-avia-related-tooltip='Compartir en Twitter' rel=\"noopener\"><span class='avia_hidden_link_text'>Compartir en Twitter<\/span><\/a><\/li><li class='av-share-link av-social-link-whatsapp' ><a target=\"_blank\" aria-label=\"Compartir en Whatsapp\" href='https:\/\/api.whatsapp.com\/send?text=https:\/\/radiorevelacionfm.cl\/?p=54722' aria-hidden='false' data-av_icon='\uf232' data-av_iconfont='entypo-fontello' title='' data-avia-related-tooltip='Compartir en Whatsapp' rel=\"noopener\"><span class='avia_hidden_link_text'>Compartir en Whatsapp<\/span><\/a><\/li><li class='av-share-link av-social-link-linkedin' ><a target=\"_blank\" aria-label=\"Compartir en LinkedIn\" href='https:\/\/linkedin.com\/shareArticle?mini=true&#038;title=Delegado%20Regional%20rechaz%C3%B3%20agresi%C3%B3n%20a%20equipo%20de%20la%20seremi%20de%20Vivienda%20y%20Serviu&#038;url=https:\/\/radiorevelacionfm.cl\/?p=54722' aria-hidden='false' data-av_icon='\ue8fc' data-av_iconfont='entypo-fontello' title='' data-avia-related-tooltip='Compartir en LinkedIn' rel=\"noopener\"><span class='avia_hidden_link_text'>Compartir en LinkedIn<\/span><\/a><\/li><li class='av-share-link av-social-link-mail' ><a  aria-label=\"Compartir por correo\" href='mailto:?subject=Delegado%20Regional%20rechaz%C3%B3%20agresi%C3%B3n%20a%20equipo%20de%20la%20seremi%20de%20Vivienda%20y%20Serviu&#038;body=https:\/\/radiorevelacionfm.cl\/?p=54722' aria-hidden='false' data-av_icon='\ue805' data-av_iconfont='entypo-fontello' title='' data-avia-related-tooltip='Compartir por correo'><span class='avia_hidden_link_text'>Compartir por correo<\/span><\/a><\/li><\/ul><\/div><\/div>\n<div  style='height:50px' class='hr hr-invisible   avia-builder-el-8  el_after_av_social_share  el_before_av_comments_list '><span class='hr-inner ' ><span class='hr-inner-style'><\/span><\/span><\/div>\n<div  class='av-buildercomment  av-blog-meta-html-info-disabled av-blog-meta-tag-disabled  '><\/div>\n","protected":false},"excerpt":{"rendered":"","protected":false},"author":1,"featured_media":54723,"comment_status":"closed","ping_status":"closed","sticky":false,"template":"","format":"standard","meta":{"footnotes":""},"categories":[35],"tags":[],"class_list":["post-54722","post","type-post","status-publish","format-standard","has-post-thumbnail","hentry","category-politica"],"jetpack_featured_media_url":"https:\/\/radiorevelacionfm.cl\/wp-content\/uploads\/2025\/06\/IMG_2541-1-1.jpg","_links":{"self":[{"href":"https:\/\/radiorevelacionfm.cl\/index.php?rest_route=\/wp\/v2\/posts\/54722","targetHints":{"allow":["GET"]}}],"collection":[{"href":"https:\/\/radiorevelacionfm.cl\/index.php?rest_route=\/wp\/v2\/posts"}],"about":[{"href":"https:\/\/radiorevelacionfm.cl\/index.php?rest_route=\/wp\/v2\/types\/post"}],"author":[{"embeddable":true,"href":"https:\/\/radiorevelacionfm.cl\/index.php?rest_route=\/wp\/v2\/users\/1"}],"replies":[{"embeddable":true,"href":"https:\/\/radiorevelacionfm.cl\/index.php?rest_route=%2Fwp%2Fv2%2Fcomments&post=54722"}],"version-history":[{"count":2,"href":"https:\/\/radiorevelacionfm.cl\/index.php?rest_route=\/wp\/v2\/posts\/54722\/revisions"}],"predecessor-version":[{"id":54725,"href":"https:\/\/radiorevelacionfm.cl\/index.php?rest_route=\/wp\/v2\/posts\/54722\/revisions\/54725"}],"wp:featuredmedia":[{"embeddable":true,"href":"https:\/\/radiorevelacionfm.cl\/index.php?rest_route=\/wp\/v2\/media\/54723"}],"wp:attachment":[{"href":"https:\/\/radiorevelacionfm.cl\/index.php?rest_route=%2Fwp%2Fv2%2Fmedia&parent=54722"}],"wp:term":[{"taxonomy":"category","embeddable":true,"href":"https:\/\/radiorevelacionfm.cl\/index.php?rest_route=%2Fwp%2Fv2%2Fcategories&post=54722"},{"taxonomy":"post_tag","embeddable":true,"href":"https:\/\/radiorevelacionfm.cl\/index.php?rest_route=%2Fwp%2Fv2%2Ftags&post=54722"}],"curies":[{"name":"wp","href":"https:\/\/api.w.org\/{rel}","templated":true}]}}