{"id":54719,"date":"2025-06-07T12:01:00","date_gmt":"2025-06-07T15:01:00","guid":{"rendered":"https:\/\/radiorevelacionfm.cl\/?p=54719"},"modified":"2025-06-07T12:01:00","modified_gmt":"2025-06-07T15:01:00","slug":"turberas-un-tesoro-escondido-en-la-patagonia","status":"publish","type":"post","link":"https:\/\/radiorevelacionfm.cl\/?p=54719","title":{"rendered":"Turberas: un tesoro escondido en la Patagonia"},"content":{"rendered":"<div class=\"flex_column av_one_full  flex_column_div av-zero-column-padding first  avia-builder-el-0  el_before_av_one_full  avia-builder-el-first  \" style='border-radius:0px; '><div  class='avia-image-container  av-styling-    avia-builder-el-1  avia-builder-el-no-sibling  avia-align-center '  itemprop=\"image\" itemscope=\"itemscope\" itemtype=\"https:\/\/schema.org\/ImageObject\"  ><div class='avia-image-container-inner'><div class='avia-image-overlay-wrap'><img decoding=\"async\" class='wp-image-54720 avia-img-lazy-loading-not-54720 avia_image' src=\"https:\/\/radiorevelacionfm.cl\/wp-content\/uploads\/2025\/06\/foto-turbera3-1_optimized.jpg\" alt='' title='foto-turbera3-(1)_optimized' height=\"600\" width=\"906\"  itemprop=\"thumbnailUrl\" srcset=\"https:\/\/radiorevelacionfm.cl\/wp-content\/uploads\/2025\/06\/foto-turbera3-1_optimized.jpg 906w, https:\/\/radiorevelacionfm.cl\/wp-content\/uploads\/2025\/06\/foto-turbera3-1_optimized-300x199.jpg 300w, https:\/\/radiorevelacionfm.cl\/wp-content\/uploads\/2025\/06\/foto-turbera3-1_optimized-768x509.jpg 768w, https:\/\/radiorevelacionfm.cl\/wp-content\/uploads\/2025\/06\/foto-turbera3-1_optimized-705x467.jpg 705w, https:\/\/radiorevelacionfm.cl\/wp-content\/uploads\/2025\/06\/foto-turbera3-1_optimized-450x298.jpg 450w, https:\/\/radiorevelacionfm.cl\/wp-content\/uploads\/2025\/06\/foto-turbera3-1_optimized-600x397.jpg 600w\" sizes=\"(max-width: 906px) 100vw, 906px\" \/><\/div><\/div><\/div><\/div><div class=\"flex_column av_one_full  flex_column_div av-zero-column-padding first  avia-builder-el-2  el_after_av_one_full  el_before_av_one_full  column-top-margin\" style='border-radius:0px; '><section class=\"av_textblock_section \"  itemscope=\"itemscope\" itemtype=\"https:\/\/schema.org\/BlogPosting\" itemprop=\"blogPost\" ><div class='avia_textblock  '   itemprop=\"text\" ><h2 class=\"title\" style=\"text-align: center;\"><span style=\"font-size: 18pt;\"><b>Turberas: un tesoro escondido en la Patagonia<\/b><\/span><\/h2>\n<div id=\"gtx-trans\" style=\"position: absolute; left: -50px; top: 4.31534px;\">\n<div class=\"gtx-trans-icon\"><\/div>\n<\/div>\n<\/div><\/section><\/div><div class=\"flex_column av_one_full  flex_column_div av-zero-column-padding first  avia-builder-el-4  el_after_av_one_full  el_before_av_hr  column-top-margin\" style='border-radius:0px; '><section class=\"av_textblock_section \"  itemscope=\"itemscope\" itemtype=\"https:\/\/schema.org\/BlogPosting\" itemprop=\"blogPost\" ><div class='avia_textblock  '   itemprop=\"text\" ><div style=\"text-align: justify;\"><i>Proyecto financiado a trav\u00e9s del programa Ciencia P\u00fablica del Ministerio de Ciencia y ejecutado por INIA Tamel Aike, pone en valor este tipo de humedales presentes en la Regi\u00f3n de Ays\u00e9n.<\/i><\/div>\n<div style=\"text-align: justify;\"><i><br \/>\n<\/i>Este lunes 2 de junio se conmemora en el mundo el D\u00eda Internacional de las Turberas, instancia creada por la International Peatland Society (IPS), que tiene como objetivo concienciar sobre la importancia de estos humedales y la necesidad de su conservaci\u00f3n.<br \/>\nEn este marco, se da a conocer la pronta ejecuci\u00f3n del proyecto \u00abTurberas: un tesoro escondido en la Patagonia\u00bb, una propuesta educativa e interactiva que se presenta como una valiosa iniciativa de divulgaci\u00f3n cient\u00edfica que conecta el conocimiento con el territorio. Impulsado por INIA Tamel Aike, con el apoyo del Centro de Investigaci\u00f3n en Ecosistemas de la Patagonia (CIEP) y el Museo Regional de Ays\u00e9n, la muestra se exhibir\u00e1 durante todo el mes de agosto en Coyhaique, gracias al financiamiento del Programa Ciencia P\u00fablica del Ministerio de Ciencia, Tecnolog\u00eda, Conocimiento e Innovaci\u00f3n.<br \/>\nEl proyecto es uno de los 13 seleccionados a nivel nacional para el desarrollo de experiencias de comunicaci\u00f3n del conocimiento en espacios regionales. La exposici\u00f3n, liderada por la investigadora Mar\u00eda Paz Mart\u00ednez, busca acercar a la comunidad al valor ambiental y clim\u00e1tico de las turberas de Sphagnum, mediante un recorrido sensorial que incluye realidad aumentada, proyecciones, recursos interactivos y sonidos naturales.<br \/>\n\u00abEste proyecto busca poner en valor las turberas, acercarlas a la comunidad y destacar el valioso aporte que representan para el territorio. Contamos con la colaboraci\u00f3n del Museo Regional de Ays\u00e9n y del CIEP\u00bb, destaca Mar\u00eda Paz Mart\u00ednez, quien destaca que INIA Tamel Aike ha estado trabajando en esta tem\u00e1tica desde el a\u00f1o 2017 aportando al conocimiento de estos valiosos ecosistemas.<br \/>\nLa seremi de Ciencia, Tecnolog\u00eda, Conocimiento e Innovaci\u00f3n de la Macrozona Austral, Ver\u00f3nica Vallejos, valor\u00f3 la iniciativa:<br \/>\n\u00abEl Programa de Ciencia P\u00fablica es una de nuestras principales herramientas para acercar el conocimiento a la comunidad. Este proyecto en particular, que trabaja con turberas e interviene un espacio p\u00fablico, es sumamente relevante porque est\u00e1 acercando los saberes de nuestros ecosistemas a la gente, en especial aqu\u00ed en Coyhaique, pero tambi\u00e9n queda disponible para toda la regi\u00f3n\u00bb.<br \/>\nPor su parte, la directora regional de INIA Tamel Aike, Camila Reyes, subray\u00f3:<br \/>\n\u00abA trav\u00e9s de Ciencia P\u00fablica promovemos una ciencia m\u00e1s abierta, participativa y<br \/>\nconectada con los desaf\u00edos locales, y desde INIA, nuestro compromiso es impulsar<br \/>\nuna agricultura sostenible, con base cient\u00edfica para la adecuada gesti\u00f3n de<br \/>\nnuestros ecosistemas\u00bb.<br \/>\nLa muestra ser\u00e1 gratuita, abierta a todo p\u00fablico, y estar\u00e1 disponible en el Museo Regional de Ays\u00e9n hasta el 31 de agosto. Desde INIA, CIEP y el Ministerio de Ciencia, se hace un llamado a familias, estudiantes y visitantes a sumarse a esta experiencia que combina conocimiento, conservaci\u00f3n y pertenencia territorial.<\/div>\n<\/div><\/section><\/div><div  style='height:50px' class='hr hr-invisible   avia-builder-el-6  el_after_av_one_full  el_before_av_social_share '><span class='hr-inner ' ><span class='hr-inner-style'><\/span><\/span><\/div><\/p>\n<div  class='av-social-sharing-box  avia-builder-el-7  el_after_av_hr  el_before_av_hr  '><div class='av-share-box'><h5 class='av-share-link-description av-no-toc '>Compartir esta noticia<\/h5><ul class='av-share-box-list noLightbox'><li class='av-share-link av-social-link-facebook' ><a target=\"_blank\" aria-label=\"Compartir en Facebook\" href='https:\/\/www.facebook.com\/sharer.php?u=https:\/\/radiorevelacionfm.cl\/?p=54719&#038;t=Turberas%3A%20un%20tesoro%20escondido%20en%20la%20Patagonia' aria-hidden='false' data-av_icon='\ue8f3' data-av_iconfont='entypo-fontello' title='' data-avia-related-tooltip='Compartir en Facebook' rel=\"noopener\"><span class='avia_hidden_link_text'>Compartir en Facebook<\/span><\/a><\/li><li class='av-share-link av-social-link-twitter' ><a target=\"_blank\" aria-label=\"Compartir en Twitter\" href='https:\/\/twitter.com\/share?text=Turberas%3A%20un%20tesoro%20escondido%20en%20la%20Patagonia&#038;url=https:\/\/radiorevelacionfm.cl\/?p=54719' aria-hidden='false' data-av_icon='\ue8f1' data-av_iconfont='entypo-fontello' title='' data-avia-related-tooltip='Compartir en Twitter' rel=\"noopener\"><span class='avia_hidden_link_text'>Compartir en Twitter<\/span><\/a><\/li><li class='av-share-link av-social-link-whatsapp' ><a target=\"_blank\" aria-label=\"Compartir en Whatsapp\" href='https:\/\/api.whatsapp.com\/send?text=https:\/\/radiorevelacionfm.cl\/?p=54719' aria-hidden='false' data-av_icon='\uf232' data-av_iconfont='entypo-fontello' title='' data-avia-related-tooltip='Compartir en Whatsapp' rel=\"noopener\"><span class='avia_hidden_link_text'>Compartir en Whatsapp<\/span><\/a><\/li><li class='av-share-link av-social-link-linkedin' ><a target=\"_blank\" aria-label=\"Compartir en LinkedIn\" href='https:\/\/linkedin.com\/shareArticle?mini=true&#038;title=Turberas%3A%20un%20tesoro%20escondido%20en%20la%20Patagonia&#038;url=https:\/\/radiorevelacionfm.cl\/?p=54719' aria-hidden='false' data-av_icon='\ue8fc' data-av_iconfont='entypo-fontello' title='' data-avia-related-tooltip='Compartir en LinkedIn' rel=\"noopener\"><span class='avia_hidden_link_text'>Compartir en LinkedIn<\/span><\/a><\/li><li class='av-share-link av-social-link-mail' ><a  aria-label=\"Compartir por correo\" href='mailto:?subject=Turberas%3A%20un%20tesoro%20escondido%20en%20la%20Patagonia&#038;body=https:\/\/radiorevelacionfm.cl\/?p=54719' aria-hidden='false' data-av_icon='\ue805' data-av_iconfont='entypo-fontello' title='' data-avia-related-tooltip='Compartir por correo'><span class='avia_hidden_link_text'>Compartir por correo<\/span><\/a><\/li><\/ul><\/div><\/div>\n<div  style='height:50px' class='hr hr-invisible   avia-builder-el-8  el_after_av_social_share  el_before_av_comments_list '><span class='hr-inner ' ><span class='hr-inner-style'><\/span><\/span><\/div>\n<div  class='av-buildercomment  av-blog-meta-html-info-disabled av-blog-meta-tag-disabled  '><\/div>\n","protected":false},"excerpt":{"rendered":"","protected":false},"author":1,"featured_media":54720,"comment_status":"closed","ping_status":"closed","sticky":false,"template":"","format":"standard","meta":{"footnotes":""},"categories":[39],"tags":[],"class_list":["post-54719","post","type-post","status-publish","format-standard","has-post-thumbnail","hentry","category-medio-ambiente"],"jetpack_featured_media_url":"https:\/\/radiorevelacionfm.cl\/wp-content\/uploads\/2025\/06\/foto-turbera3-1_optimized.jpg","_links":{"self":[{"href":"https:\/\/radiorevelacionfm.cl\/index.php?rest_route=\/wp\/v2\/posts\/54719","targetHints":{"allow":["GET"]}}],"collection":[{"href":"https:\/\/radiorevelacionfm.cl\/index.php?rest_route=\/wp\/v2\/posts"}],"about":[{"href":"https:\/\/radiorevelacionfm.cl\/index.php?rest_route=\/wp\/v2\/types\/post"}],"author":[{"embeddable":true,"href":"https:\/\/radiorevelacionfm.cl\/index.php?rest_route=\/wp\/v2\/users\/1"}],"replies":[{"embeddable":true,"href":"https:\/\/radiorevelacionfm.cl\/index.php?rest_route=%2Fwp%2Fv2%2Fcomments&post=54719"}],"version-history":[{"count":2,"href":"https:\/\/radiorevelacionfm.cl\/index.php?rest_route=\/wp\/v2\/posts\/54719\/revisions"}],"predecessor-version":[{"id":54965,"href":"https:\/\/radiorevelacionfm.cl\/index.php?rest_route=\/wp\/v2\/posts\/54719\/revisions\/54965"}],"wp:featuredmedia":[{"embeddable":true,"href":"https:\/\/radiorevelacionfm.cl\/index.php?rest_route=\/wp\/v2\/media\/54720"}],"wp:attachment":[{"href":"https:\/\/radiorevelacionfm.cl\/index.php?rest_route=%2Fwp%2Fv2%2Fmedia&parent=54719"}],"wp:term":[{"taxonomy":"category","embeddable":true,"href":"https:\/\/radiorevelacionfm.cl\/index.php?rest_route=%2Fwp%2Fv2%2Fcategories&post=54719"},{"taxonomy":"post_tag","embeddable":true,"href":"https:\/\/radiorevelacionfm.cl\/index.php?rest_route=%2Fwp%2Fv2%2Ftags&post=54719"}],"curies":[{"name":"wp","href":"https:\/\/api.w.org\/{rel}","templated":true}]}}