{"id":54715,"date":"2025-06-02T13:46:43","date_gmt":"2025-06-02T16:46:43","guid":{"rendered":"https:\/\/radiorevelacionfm.cl\/?p=54715"},"modified":"2025-06-02T13:46:43","modified_gmt":"2025-06-02T16:46:43","slug":"equipo-mt0-aysen-saco-de-circulacion-150-dosis-de-cannabis-sativa","status":"publish","type":"post","link":"https:\/\/radiorevelacionfm.cl\/?p=54715","title":{"rendered":"Equipo MT0 Ays\u00e9n sac\u00f3 de circulaci\u00f3n 150 dosis de cannabis sativa"},"content":{"rendered":"<div class=\"flex_column av_one_full  flex_column_div av-zero-column-padding first  avia-builder-el-0  el_before_av_one_full  avia-builder-el-first  \" style='border-radius:0px; '><div  class='avia-image-container  av-styling-    avia-builder-el-1  avia-builder-el-no-sibling  avia-align-center '  itemprop=\"image\" itemscope=\"itemscope\" itemtype=\"https:\/\/schema.org\/ImageObject\"  ><div class='avia-image-container-inner'><div class='avia-image-overlay-wrap'><img decoding=\"async\" class='wp-image-54716 avia-img-lazy-loading-not-54716 avia_image' src=\"https:\/\/radiorevelacionfm.cl\/wp-content\/uploads\/2025\/06\/22-2-0116-2-1.jpg\" alt='' title='22-2-0116 (2) (1)' height=\"600\" width=\"900\"  itemprop=\"thumbnailUrl\" srcset=\"https:\/\/radiorevelacionfm.cl\/wp-content\/uploads\/2025\/06\/22-2-0116-2-1.jpg 900w, https:\/\/radiorevelacionfm.cl\/wp-content\/uploads\/2025\/06\/22-2-0116-2-1-300x200.jpg 300w, https:\/\/radiorevelacionfm.cl\/wp-content\/uploads\/2025\/06\/22-2-0116-2-1-768x512.jpg 768w, https:\/\/radiorevelacionfm.cl\/wp-content\/uploads\/2025\/06\/22-2-0116-2-1-705x470.jpg 705w, https:\/\/radiorevelacionfm.cl\/wp-content\/uploads\/2025\/06\/22-2-0116-2-1-450x300.jpg 450w, https:\/\/radiorevelacionfm.cl\/wp-content\/uploads\/2025\/06\/22-2-0116-2-1-600x400.jpg 600w\" sizes=\"(max-width: 900px) 100vw, 900px\" \/><\/div><\/div><\/div><\/div><div class=\"flex_column av_one_full  flex_column_div av-zero-column-padding first  avia-builder-el-2  el_after_av_one_full  el_before_av_one_full  column-top-margin\" style='border-radius:0px; '><section class=\"av_textblock_section \"  itemscope=\"itemscope\" itemtype=\"https:\/\/schema.org\/BlogPosting\" itemprop=\"blogPost\" ><div class='avia_textblock  '   itemprop=\"text\" ><p class=\"Standard\" style=\"text-align: center;\" align=\"center\"><span style=\"font-size: 18pt;\"><b><span lang=\"ES-MX\" style=\"line-height: 107%;\">Equipo MT0 Ays\u00e9n sac\u00f3 de circulaci\u00f3n 150 dosis de cannabis sativa<\/span><\/b><\/span><\/p>\n<div id=\"gtx-trans\" style=\"position: absolute; left: -50px; top: 4.31534px;\">\n<div class=\"gtx-trans-icon\"><\/div>\n<\/div>\n<\/div><\/section><\/div><div class=\"flex_column av_one_full  flex_column_div av-zero-column-padding first  avia-builder-el-4  el_after_av_one_full  el_before_av_hr  column-top-margin\" style='border-radius:0px; '><section class=\"av_textblock_section \"  itemscope=\"itemscope\" itemtype=\"https:\/\/schema.org\/BlogPosting\" itemprop=\"blogPost\" ><div class='avia_textblock  '   itemprop=\"text\" ><p style=\"text-align: justify;\">Gracias a un trabajo coordinado entre detectives del Equipo Modelo Territorial Cero (MT0) Ays\u00e9n y la Brigada Antinarc\u00f3ticos y Contra el Crimen Organizado (BRIANCO) Coyhaique, el d\u00eda viernes pasado, se logr\u00f3 sacar de circulaci\u00f3n alrededor de 150 dosis de Cannabis Sativa, la que pretend\u00eda ser comercializada en Puerto Ays\u00e9n. Deteniendo adem\u00e1s a una persona, quien ser\u00eda due\u00f1a de la sustancia il\u00edcita.<\/p>\n<p style=\"text-align: justify;\">El subprefecto Claudio Reyes, jefe de la Brigada de Investigaci\u00f3n Criminal (BICRIM) Ays\u00e9n, coment\u00f3 que, gracias al trabajo coordinado entre las brigadas y la fiscal\u00eda, se logr\u00f3 obtener este resultado, \u201ctoda vez que se pudo advertir que a trav\u00e9s de una empresa de transporte exist\u00eda una encomienda con una sustancia de color verdoso dubitada como Cannabis Sativa, la cual fue advertida por el gu\u00eda canino y tambi\u00e9n por la ejemplar canino Hade. Con estos antecedentes, se le da cuenta el Ministerio P\u00fablico, toda vez que esta encomienda ven\u00eda a la ciudad de Puerto Ays\u00e9n y se coordina una entrega controlada, la que se materializ\u00f3 este d\u00eda viernes, tomando detenida a esta persona de 28 a\u00f1os de edad, de sexo masculino\u201d.<\/p>\n<p style=\"text-align: justify;\">La persona fue puesta a disposici\u00f3n de la justicia el d\u00eda s\u00e1bado, quedando con la medida cautelar de Arraigo Nacional y Firma Mensual.<\/p>\n<\/div><\/section><\/div><div  style='height:50px' class='hr hr-invisible   avia-builder-el-6  el_after_av_one_full  el_before_av_social_share '><span class='hr-inner ' ><span class='hr-inner-style'><\/span><\/span><\/div><\/p>\n<div  class='av-social-sharing-box  avia-builder-el-7  el_after_av_hr  el_before_av_hr  '><div class='av-share-box'><h5 class='av-share-link-description av-no-toc '>Compartir esta noticia<\/h5><ul class='av-share-box-list noLightbox'><li class='av-share-link av-social-link-facebook' ><a target=\"_blank\" aria-label=\"Compartir en Facebook\" href='https:\/\/www.facebook.com\/sharer.php?u=https:\/\/radiorevelacionfm.cl\/?p=54715&#038;t=Equipo%20MT0%20Ays%C3%A9n%20sac%C3%B3%20de%20circulaci%C3%B3n%20150%20dosis%20de%20cannabis%20sativa' aria-hidden='false' data-av_icon='\ue8f3' data-av_iconfont='entypo-fontello' title='' data-avia-related-tooltip='Compartir en Facebook' rel=\"noopener\"><span class='avia_hidden_link_text'>Compartir en Facebook<\/span><\/a><\/li><li class='av-share-link av-social-link-twitter' ><a target=\"_blank\" aria-label=\"Compartir en Twitter\" href='https:\/\/twitter.com\/share?text=Equipo%20MT0%20Ays%C3%A9n%20sac%C3%B3%20de%20circulaci%C3%B3n%20150%20dosis%20de%20cannabis%20sativa&#038;url=https:\/\/radiorevelacionfm.cl\/?p=54715' aria-hidden='false' data-av_icon='\ue8f1' data-av_iconfont='entypo-fontello' title='' data-avia-related-tooltip='Compartir en Twitter' rel=\"noopener\"><span class='avia_hidden_link_text'>Compartir en Twitter<\/span><\/a><\/li><li class='av-share-link av-social-link-whatsapp' ><a target=\"_blank\" aria-label=\"Compartir en Whatsapp\" href='https:\/\/api.whatsapp.com\/send?text=https:\/\/radiorevelacionfm.cl\/?p=54715' aria-hidden='false' data-av_icon='\uf232' data-av_iconfont='entypo-fontello' title='' data-avia-related-tooltip='Compartir en Whatsapp' rel=\"noopener\"><span class='avia_hidden_link_text'>Compartir en Whatsapp<\/span><\/a><\/li><li class='av-share-link av-social-link-linkedin' ><a target=\"_blank\" aria-label=\"Compartir en LinkedIn\" href='https:\/\/linkedin.com\/shareArticle?mini=true&#038;title=Equipo%20MT0%20Ays%C3%A9n%20sac%C3%B3%20de%20circulaci%C3%B3n%20150%20dosis%20de%20cannabis%20sativa&#038;url=https:\/\/radiorevelacionfm.cl\/?p=54715' aria-hidden='false' data-av_icon='\ue8fc' data-av_iconfont='entypo-fontello' title='' data-avia-related-tooltip='Compartir en LinkedIn' rel=\"noopener\"><span class='avia_hidden_link_text'>Compartir en LinkedIn<\/span><\/a><\/li><li class='av-share-link av-social-link-mail' ><a  aria-label=\"Compartir por correo\" href='mailto:?subject=Equipo%20MT0%20Ays%C3%A9n%20sac%C3%B3%20de%20circulaci%C3%B3n%20150%20dosis%20de%20cannabis%20sativa&#038;body=https:\/\/radiorevelacionfm.cl\/?p=54715' aria-hidden='false' data-av_icon='\ue805' data-av_iconfont='entypo-fontello' title='' data-avia-related-tooltip='Compartir por correo'><span class='avia_hidden_link_text'>Compartir por correo<\/span><\/a><\/li><\/ul><\/div><\/div>\n<div  style='height:50px' class='hr hr-invisible   avia-builder-el-8  el_after_av_social_share  el_before_av_comments_list '><span class='hr-inner ' ><span class='hr-inner-style'><\/span><\/span><\/div>\n<div  class='av-buildercomment  av-blog-meta-html-info-disabled av-blog-meta-tag-disabled  '><\/div>\n","protected":false},"excerpt":{"rendered":"","protected":false},"author":1,"featured_media":54716,"comment_status":"closed","ping_status":"closed","sticky":false,"template":"","format":"standard","meta":{"footnotes":""},"categories":[36],"tags":[],"class_list":["post-54715","post","type-post","status-publish","format-standard","has-post-thumbnail","hentry","category-policial"],"jetpack_featured_media_url":"https:\/\/radiorevelacionfm.cl\/wp-content\/uploads\/2025\/06\/22-2-0116-2-1.jpg","_links":{"self":[{"href":"https:\/\/radiorevelacionfm.cl\/index.php?rest_route=\/wp\/v2\/posts\/54715","targetHints":{"allow":["GET"]}}],"collection":[{"href":"https:\/\/radiorevelacionfm.cl\/index.php?rest_route=\/wp\/v2\/posts"}],"about":[{"href":"https:\/\/radiorevelacionfm.cl\/index.php?rest_route=\/wp\/v2\/types\/post"}],"author":[{"embeddable":true,"href":"https:\/\/radiorevelacionfm.cl\/index.php?rest_route=\/wp\/v2\/users\/1"}],"replies":[{"embeddable":true,"href":"https:\/\/radiorevelacionfm.cl\/index.php?rest_route=%2Fwp%2Fv2%2Fcomments&post=54715"}],"version-history":[{"count":2,"href":"https:\/\/radiorevelacionfm.cl\/index.php?rest_route=\/wp\/v2\/posts\/54715\/revisions"}],"predecessor-version":[{"id":54718,"href":"https:\/\/radiorevelacionfm.cl\/index.php?rest_route=\/wp\/v2\/posts\/54715\/revisions\/54718"}],"wp:featuredmedia":[{"embeddable":true,"href":"https:\/\/radiorevelacionfm.cl\/index.php?rest_route=\/wp\/v2\/media\/54716"}],"wp:attachment":[{"href":"https:\/\/radiorevelacionfm.cl\/index.php?rest_route=%2Fwp%2Fv2%2Fmedia&parent=54715"}],"wp:term":[{"taxonomy":"category","embeddable":true,"href":"https:\/\/radiorevelacionfm.cl\/index.php?rest_route=%2Fwp%2Fv2%2Fcategories&post=54715"},{"taxonomy":"post_tag","embeddable":true,"href":"https:\/\/radiorevelacionfm.cl\/index.php?rest_route=%2Fwp%2Fv2%2Ftags&post=54715"}],"curies":[{"name":"wp","href":"https:\/\/api.w.org\/{rel}","templated":true}]}}