{"id":54712,"date":"2025-06-02T20:07:50","date_gmt":"2025-06-02T23:07:50","guid":{"rendered":"https:\/\/radiorevelacionfm.cl\/?p=54712"},"modified":"2025-06-02T20:07:50","modified_gmt":"2025-06-02T23:07:50","slug":"virus-que-afectan-el-sistema-respiratorio-ya-estan-circulando-de-forma-muy-activa-en-la-region","status":"publish","type":"post","link":"https:\/\/radiorevelacionfm.cl\/?p=54712","title":{"rendered":"\u201cVirus que afectan el sistema respiratorio, ya est\u00e1n circulando de forma muy activa en la regi\u00f3n\u201d"},"content":{"rendered":"<div class=\"flex_column av_one_full  flex_column_div av-zero-column-padding first  avia-builder-el-0  el_before_av_one_full  avia-builder-el-first  \" style='border-radius:0px; '><div  class='avia-image-container  av-styling-    avia-builder-el-1  avia-builder-el-no-sibling  avia-align-center '  itemprop=\"image\" itemscope=\"itemscope\" itemtype=\"https:\/\/schema.org\/ImageObject\"  ><div class='avia-image-container-inner'><div class='avia-image-overlay-wrap'><img decoding=\"async\" class='wp-image-54713 avia-img-lazy-loading-not-54713 avia_image' src=\"https:\/\/radiorevelacionfm.cl\/wp-content\/uploads\/2025\/06\/pediatria-1-1.jpg\" alt='' title='pediatr\u00eda (1) (1)' height=\"600\" width=\"690\"  itemprop=\"thumbnailUrl\" srcset=\"https:\/\/radiorevelacionfm.cl\/wp-content\/uploads\/2025\/06\/pediatria-1-1.jpg 690w, https:\/\/radiorevelacionfm.cl\/wp-content\/uploads\/2025\/06\/pediatria-1-1-300x261.jpg 300w, https:\/\/radiorevelacionfm.cl\/wp-content\/uploads\/2025\/06\/pediatria-1-1-450x391.jpg 450w, https:\/\/radiorevelacionfm.cl\/wp-content\/uploads\/2025\/06\/pediatria-1-1-600x522.jpg 600w\" sizes=\"(max-width: 690px) 100vw, 690px\" \/><\/div><\/div><\/div><\/div><div class=\"flex_column av_one_full  flex_column_div av-zero-column-padding first  avia-builder-el-2  el_after_av_one_full  el_before_av_one_full  column-top-margin\" style='border-radius:0px; '><section class=\"av_textblock_section \"  itemscope=\"itemscope\" itemtype=\"https:\/\/schema.org\/BlogPosting\" itemprop=\"blogPost\" ><div class='avia_textblock  '   itemprop=\"text\" ><p style=\"text-align: center;\"><span style=\"font-size: 18pt;\"><strong>Epidemi\u00f3logo Seremi de Salud:\u00a0<\/strong><\/span><span style=\"font-size: 18pt;\"><strong>\u201cVirus que afectan el sistema respiratorio, ya est\u00e1n circulando de forma muy activa en la regi\u00f3n\u201d<\/strong><\/span><\/p>\n<div id=\"gtx-trans\" style=\"position: absolute; left: -50px; top: 4.31534px;\">\n<div class=\"gtx-trans-icon\"><\/div>\n<\/div>\n<\/div><\/section><\/div><div class=\"flex_column av_one_full  flex_column_div av-zero-column-padding first  avia-builder-el-4  el_after_av_one_full  el_before_av_hr  column-top-margin\" style='border-radius:0px; '><section class=\"av_textblock_section \"  itemscope=\"itemscope\" itemtype=\"https:\/\/schema.org\/BlogPosting\" itemprop=\"blogPost\" ><div class='avia_textblock  '   itemprop=\"text\" ><p><em>En el transcurso de los \u00faltimos d\u00edas, se debi\u00f3 realizar una evacuaci\u00f3n aerom\u00e9dica de un lactante mayor a Puerto Montt, para que reciba atenci\u00f3n de cuidado intensivo pedi\u00e1trico.<\/em><\/p>\n<p style=\"text-align: justify;\"><em>\u00a0<\/em><em>En este escenario, se recomienda el uso de mascarilla frente a s\u00edntomas respiratorios, y al acudir a centros de salud, adem\u00e1s de lugares de alta afluencia de p\u00fablico.<\/em><\/p>\n<p style=\"text-align: justify;\">En la medida que nos acercamos a la \u00e9poca invernal, junto a las bajas temperaturas y otros factores clim\u00e1ticos, tambi\u00e9n se ha registrado una mayor circulaci\u00f3n de virus respiratorios entre la poblaci\u00f3n, lo que ha provocado un aumento en las consultas de pacientes a lo largo de la red asistencial e incluso la activaci\u00f3n de traslados m\u00e9dicos para cuidados intensivos en el caso de los menores de edad.<\/p>\n<p style=\"text-align: justify;\">La informaci\u00f3n la dio a conocer el epidemi\u00f3logo de la Seremi de Salud Ays\u00e9n, Marco Acu\u00f1a Briones, quien entreg\u00f3 m\u00e1s antecedentes al respecto. \u201cCon la informaci\u00f3n de vigilancia epidemiol\u00f3gica que tenemos semanalmente, ya sabemos que est\u00e1 circulando en nuestra comunidad varios virus respiratorios, entre ellos Rinovirus e Influenza A, y hace dos semanas ya apareci\u00f3 en forma muy activa, el Virus Sincicial Respiratorio.\u00a0 De hecho, esta semana hemos tenido que trasladar a un lactante con una neumon\u00eda grave al hospital de Puerto Montt, infectado por este virus que sabemos que causa enfermedad respiratoria grave y que, por su edad de casi dos a\u00f1os, este ni\u00f1o no estaba inmunizado con el anticuerpo monoclonal.\u201d puntualiz\u00f3.<\/p>\n<p style=\"text-align: justify;\">En este contexto, el Epidemi\u00f3logo de la Seremi de Salud, reforz\u00f3 la importancia en el uso de la mascarilla por parte de la comunidad.\u00a0 \u201cQuiero hacer un llamado a la ciudadan\u00eda, para que empecemos a utilizar la mascarilla, especialmente en los centros de salud. Si bien es cierto, la norma establece que su uso es en los servicios de urgencia, con el aumento de la circulaci\u00f3n viral y las bajas temperaturas, queremos pedirles que en los hospitales, los CESFAM, en las postas de salud, sobre todo donde hay personas que est\u00e1n con s\u00edntomas respiratorios, las personas utilicen la mascarilla durante todo el tiempo que\u00a0 permanezcan en el centro de salud. Tambi\u00e9n es recomendable que la mascarilla la usemos en lugares donde hay afluencia de p\u00fablico, como en los supermercados, en los bancos, en el colectivo, tal como aprendimos en pandemia, porque es una barrera efectiva de protecci\u00f3n para enfermedades respiratorias\u201d.<\/p>\n<p style=\"text-align: justify;\">El uso de la mascarilla, que se suma a otras medidas preventivas como la vacunaci\u00f3n contra la Influenza, el Covid 19, y tambi\u00e9n con la administraci\u00f3n del anticuerpo monoclonal NIRSEVIMAB en los ni\u00f1os m\u00e1s peque\u00f1os son muy importantes, para lo cual, existen diversos puntos de vacunaci\u00f3n que se han implementado en toda la red asistencial de la regi\u00f3n.<\/p>\n<\/div><\/section><\/div><div  style='height:50px' class='hr hr-invisible   avia-builder-el-6  el_after_av_one_full  el_before_av_social_share '><span class='hr-inner ' ><span class='hr-inner-style'><\/span><\/span><\/div><\/p>\n<div  class='av-social-sharing-box  avia-builder-el-7  el_after_av_hr  el_before_av_hr  '><div class='av-share-box'><h5 class='av-share-link-description av-no-toc '>Compartir esta noticia<\/h5><ul class='av-share-box-list noLightbox'><li class='av-share-link av-social-link-facebook' ><a target=\"_blank\" aria-label=\"Compartir en Facebook\" href='https:\/\/www.facebook.com\/sharer.php?u=https:\/\/radiorevelacionfm.cl\/?p=54712&#038;t=%E2%80%9CVirus%20que%20afectan%20el%20sistema%20respiratorio%2C%20ya%20est%C3%A1n%20circulando%20de%20forma%20muy%20activa%20en%20la%20regi%C3%B3n%E2%80%9D' aria-hidden='false' data-av_icon='\ue8f3' data-av_iconfont='entypo-fontello' title='' data-avia-related-tooltip='Compartir en Facebook' rel=\"noopener\"><span class='avia_hidden_link_text'>Compartir en Facebook<\/span><\/a><\/li><li class='av-share-link av-social-link-twitter' ><a target=\"_blank\" aria-label=\"Compartir en Twitter\" href='https:\/\/twitter.com\/share?text=%E2%80%9CVirus%20que%20afectan%20el%20sistema%20respiratorio%2C%20ya%20est%C3%A1n%20circulando%20de%20forma%20muy%20activa%20en%20la%20regi%C3%B3n%E2%80%9D&#038;url=https:\/\/radiorevelacionfm.cl\/?p=54712' aria-hidden='false' data-av_icon='\ue8f1' data-av_iconfont='entypo-fontello' title='' data-avia-related-tooltip='Compartir en Twitter' rel=\"noopener\"><span class='avia_hidden_link_text'>Compartir en Twitter<\/span><\/a><\/li><li class='av-share-link av-social-link-whatsapp' ><a target=\"_blank\" aria-label=\"Compartir en Whatsapp\" href='https:\/\/api.whatsapp.com\/send?text=https:\/\/radiorevelacionfm.cl\/?p=54712' aria-hidden='false' data-av_icon='\uf232' data-av_iconfont='entypo-fontello' title='' data-avia-related-tooltip='Compartir en Whatsapp' rel=\"noopener\"><span class='avia_hidden_link_text'>Compartir en Whatsapp<\/span><\/a><\/li><li class='av-share-link av-social-link-linkedin' ><a target=\"_blank\" aria-label=\"Compartir en LinkedIn\" href='https:\/\/linkedin.com\/shareArticle?mini=true&#038;title=%E2%80%9CVirus%20que%20afectan%20el%20sistema%20respiratorio%2C%20ya%20est%C3%A1n%20circulando%20de%20forma%20muy%20activa%20en%20la%20regi%C3%B3n%E2%80%9D&#038;url=https:\/\/radiorevelacionfm.cl\/?p=54712' aria-hidden='false' data-av_icon='\ue8fc' data-av_iconfont='entypo-fontello' title='' data-avia-related-tooltip='Compartir en LinkedIn' rel=\"noopener\"><span class='avia_hidden_link_text'>Compartir en LinkedIn<\/span><\/a><\/li><li class='av-share-link av-social-link-mail' ><a  aria-label=\"Compartir por correo\" href='mailto:?subject=%E2%80%9CVirus%20que%20afectan%20el%20sistema%20respiratorio%2C%20ya%20est%C3%A1n%20circulando%20de%20forma%20muy%20activa%20en%20la%20regi%C3%B3n%E2%80%9D&#038;body=https:\/\/radiorevelacionfm.cl\/?p=54712' aria-hidden='false' data-av_icon='\ue805' data-av_iconfont='entypo-fontello' title='' data-avia-related-tooltip='Compartir por correo'><span class='avia_hidden_link_text'>Compartir por correo<\/span><\/a><\/li><\/ul><\/div><\/div>\n<div  style='height:50px' class='hr hr-invisible   avia-builder-el-8  el_after_av_social_share  el_before_av_comments_list '><span class='hr-inner ' ><span class='hr-inner-style'><\/span><\/span><\/div>\n<div  class='av-buildercomment  av-blog-meta-html-info-disabled av-blog-meta-tag-disabled  '><\/div>\n","protected":false},"excerpt":{"rendered":"","protected":false},"author":1,"featured_media":54713,"comment_status":"closed","ping_status":"closed","sticky":false,"template":"","format":"standard","meta":{"footnotes":""},"categories":[46],"tags":[],"class_list":["post-54712","post","type-post","status-publish","format-standard","has-post-thumbnail","hentry","category-salud"],"jetpack_featured_media_url":"https:\/\/radiorevelacionfm.cl\/wp-content\/uploads\/2025\/06\/pediatria-1-1.jpg","_links":{"self":[{"href":"https:\/\/radiorevelacionfm.cl\/index.php?rest_route=\/wp\/v2\/posts\/54712","targetHints":{"allow":["GET"]}}],"collection":[{"href":"https:\/\/radiorevelacionfm.cl\/index.php?rest_route=\/wp\/v2\/posts"}],"about":[{"href":"https:\/\/radiorevelacionfm.cl\/index.php?rest_route=\/wp\/v2\/types\/post"}],"author":[{"embeddable":true,"href":"https:\/\/radiorevelacionfm.cl\/index.php?rest_route=\/wp\/v2\/users\/1"}],"replies":[{"embeddable":true,"href":"https:\/\/radiorevelacionfm.cl\/index.php?rest_route=%2Fwp%2Fv2%2Fcomments&post=54712"}],"version-history":[{"count":2,"href":"https:\/\/radiorevelacionfm.cl\/index.php?rest_route=\/wp\/v2\/posts\/54712\/revisions"}],"predecessor-version":[{"id":54742,"href":"https:\/\/radiorevelacionfm.cl\/index.php?rest_route=\/wp\/v2\/posts\/54712\/revisions\/54742"}],"wp:featuredmedia":[{"embeddable":true,"href":"https:\/\/radiorevelacionfm.cl\/index.php?rest_route=\/wp\/v2\/media\/54713"}],"wp:attachment":[{"href":"https:\/\/radiorevelacionfm.cl\/index.php?rest_route=%2Fwp%2Fv2%2Fmedia&parent=54712"}],"wp:term":[{"taxonomy":"category","embeddable":true,"href":"https:\/\/radiorevelacionfm.cl\/index.php?rest_route=%2Fwp%2Fv2%2Fcategories&post=54712"},{"taxonomy":"post_tag","embeddable":true,"href":"https:\/\/radiorevelacionfm.cl\/index.php?rest_route=%2Fwp%2Fv2%2Ftags&post=54712"}],"curies":[{"name":"wp","href":"https:\/\/api.w.org\/{rel}","templated":true}]}}