{"id":54701,"date":"2025-06-02T13:26:45","date_gmt":"2025-06-02T16:26:45","guid":{"rendered":"https:\/\/radiorevelacionfm.cl\/?p=54701"},"modified":"2025-06-02T13:26:45","modified_gmt":"2025-06-02T16:26:45","slug":"no-queremos-mas-excusas-queremos-soluciones-alcalde-keim-exige-sala-de-dialisis-para-chile-chico-y-ofrece-colaboracion-municipal-inmediata","status":"publish","type":"post","link":"https:\/\/radiorevelacionfm.cl\/?p=54701","title":{"rendered":"\u201cNo queremos m\u00e1s excusas, queremos soluciones\u201d: Alcalde Keim exige sala de di\u00e1lisis para Chile Chico y ofrece colaboraci\u00f3n municipal inmediata"},"content":{"rendered":"<div class=\"flex_column av_one_full  flex_column_div av-zero-column-padding first  avia-builder-el-0  el_before_av_one_full  avia-builder-el-first  \" style='border-radius:0px; '><div  class='avia-image-container  av-styling-    avia-builder-el-1  avia-builder-el-no-sibling  avia-align-center '  itemprop=\"image\" itemscope=\"itemscope\" itemtype=\"https:\/\/schema.org\/ImageObject\"  ><div class='avia-image-container-inner'><div class='avia-image-overlay-wrap'><img decoding=\"async\" class='wp-image-54702 avia-img-lazy-loading-not-54702 avia_image' src=\"https:\/\/radiorevelacionfm.cl\/wp-content\/uploads\/2025\/06\/WhatsApp-Image-2025-06-01-at-22.37.09-1-1.jpeg\" alt='' title='WhatsApp Image 2025-06-01 at 22.37.09 (1) (1)' height=\"600\" width=\"600\"  itemprop=\"thumbnailUrl\" srcset=\"https:\/\/radiorevelacionfm.cl\/wp-content\/uploads\/2025\/06\/WhatsApp-Image-2025-06-01-at-22.37.09-1-1.jpeg 600w, https:\/\/radiorevelacionfm.cl\/wp-content\/uploads\/2025\/06\/WhatsApp-Image-2025-06-01-at-22.37.09-1-1-300x300.jpeg 300w, https:\/\/radiorevelacionfm.cl\/wp-content\/uploads\/2025\/06\/WhatsApp-Image-2025-06-01-at-22.37.09-1-1-80x80.jpeg 80w, https:\/\/radiorevelacionfm.cl\/wp-content\/uploads\/2025\/06\/WhatsApp-Image-2025-06-01-at-22.37.09-1-1-36x36.jpeg 36w, https:\/\/radiorevelacionfm.cl\/wp-content\/uploads\/2025\/06\/WhatsApp-Image-2025-06-01-at-22.37.09-1-1-180x180.jpeg 180w, https:\/\/radiorevelacionfm.cl\/wp-content\/uploads\/2025\/06\/WhatsApp-Image-2025-06-01-at-22.37.09-1-1-120x120.jpeg 120w, https:\/\/radiorevelacionfm.cl\/wp-content\/uploads\/2025\/06\/WhatsApp-Image-2025-06-01-at-22.37.09-1-1-450x450.jpeg 450w, https:\/\/radiorevelacionfm.cl\/wp-content\/uploads\/2025\/06\/WhatsApp-Image-2025-06-01-at-22.37.09-1-1-100x100.jpeg 100w\" sizes=\"(max-width: 600px) 100vw, 600px\" \/><\/div><\/div><\/div><\/div><div class=\"flex_column av_one_full  flex_column_div av-zero-column-padding first  avia-builder-el-2  el_after_av_one_full  el_before_av_one_full  column-top-margin\" style='border-radius:0px; '><section class=\"av_textblock_section \"  itemscope=\"itemscope\" itemtype=\"https:\/\/schema.org\/BlogPosting\" itemprop=\"blogPost\" ><div class='avia_textblock  '   itemprop=\"text\" ><h3 style=\"text-align: center;\"><span style=\"font-size: 18pt;\"><strong>\u201cNo queremos m\u00e1s excusas, queremos soluciones\u201d: Alcalde Keim exige sala de di\u00e1lisis para Chile Chico y ofrece colaboraci\u00f3n municipal inmediata<\/strong><\/span><\/h3>\n<div id=\"gtx-trans\" style=\"position: absolute; left: -50px; top: 4.31534px;\">\n<div class=\"gtx-trans-icon\"><\/div>\n<\/div>\n<\/div><\/section><\/div><div class=\"flex_column av_one_full  flex_column_div av-zero-column-padding first  avia-builder-el-4  el_after_av_one_full  el_before_av_hr  column-top-margin\" style='border-radius:0px; '><section class=\"av_textblock_section \"  itemscope=\"itemscope\" itemtype=\"https:\/\/schema.org\/BlogPosting\" itemprop=\"blogPost\" ><div class='avia_textblock  '   itemprop=\"text\" ><p style=\"text-align: justify;\">En una gesti\u00f3n enfocada en el bienestar de sus vecinos, el alcalde de Chile Chico, Ariel Keim, ofici\u00f3 esta semana al Director del Servicio de Salud Ays\u00e9n y a los parlamentarios de la regi\u00f3n para solicitar con urgencia la habilitaci\u00f3n de una sala de di\u00e1lisis en la comuna.<\/p>\n<p style=\"text-align: justify;\">El llamado del alcalde surge en el marco de la inminente inauguraci\u00f3n del nuevo Hospital Dr. Leopoldo Ortega Rodr\u00edguez, una obra hist\u00f3rica para la cuenca del Lago General Carrera, cuya inversi\u00f3n cercana a los $30 mil millones de pesos cuadruplica el tama\u00f1o del recinto anterior y ampliar\u00e1 considerablemente la capacidad de atenci\u00f3n m\u00e9dica en la zona.<\/p>\n<p style=\"text-align: justify;\">Sin embargo, este avance no contempla actualmente la incorporaci\u00f3n de una unidad de di\u00e1lisis, lo que preocupa profundamente al edil.<\/p>\n<p style=\"text-align: justify;\">\u201cEstamos a puertas de inaugurar un hospital de alto est\u00e1ndar, fruto de una inversi\u00f3n hist\u00f3rica, pero si no se incluye un servicio esencial como la di\u00e1lisis, no se cumplir\u00e1 con el verdadero objetivo de mejorar la calidad de vida de nuestros vecinos\u201d, sostuvo Keim.<\/p>\n<p style=\"text-align: justify;\">Actualmente, quienes necesitan este tratamiento deben trasladarse a Coyhaique, enfrentando largas distancias, caminos en mal estado y el dif\u00edcil desarraigo de dejar sus hogares para poder atenderse.<\/p>\n<p style=\"text-align: justify;\">\u201cEsto no solo deteriora su salud f\u00edsica, sino tambi\u00e9n la emocional y familiar. Es una situaci\u00f3n que no podemos seguir tolerando como sociedad\u201d, declar\u00f3.<\/p>\n<p style=\"text-align: justify;\">En ese contexto, el alcalde reiter\u00f3 que el Municipio est\u00e1 completamente disponible para colaborar desde su propio Centro M\u00e9dico Municipal, ya sea con apoyo t\u00e9cnico, infraestructura o espacios:<\/p>\n<p style=\"text-align: justify;\">\u201cEstamos dispuestos a aportar, a apoyar t\u00e9cnicamente, y de ser necesario a poner a disposici\u00f3n nuestros espacios si eso permite concretar esta soluci\u00f3n tan necesaria. No queremos poner excusas, sino soluciones sobre la mesa\u201d.<\/p>\n<p style=\"text-align: justify;\">Finalmente, hizo un llamado directo al Gobierno Central para responder a esta necesidad con voluntad pol\u00edtica y sentido de urgencia:<\/p>\n<p style=\"text-align: justify;\">\u201cSer\u00eda muy importante que desde Santiago escuchen a nuestra comunidad. Esta es una demanda real, humana. Esperamos que cuando venga el Presidente a inaugurar el hospital, tambi\u00e9n traiga buenas noticias para nuestra solicitud\u201d.<\/p>\n<p style=\"text-align: justify;\">El alcalde reafirm\u00f3 su compromiso de seguir impulsando esta causa, de manera constructiva y colaborativa, en todos los niveles que sea necesario, por la salud y la dignidad de los habitantes de Chile Chico y sus alrededores.<\/p>\n<\/div><\/section><\/div><div  style='height:50px' class='hr hr-invisible   avia-builder-el-6  el_after_av_one_full  el_before_av_social_share '><span class='hr-inner ' ><span class='hr-inner-style'><\/span><\/span><\/div><\/p>\n<div  class='av-social-sharing-box  avia-builder-el-7  el_after_av_hr  el_before_av_hr  '><div class='av-share-box'><h5 class='av-share-link-description av-no-toc '>Compartir esta noticia<\/h5><ul class='av-share-box-list noLightbox'><li class='av-share-link av-social-link-facebook' ><a target=\"_blank\" aria-label=\"Compartir en Facebook\" href='https:\/\/www.facebook.com\/sharer.php?u=https:\/\/radiorevelacionfm.cl\/?p=54701&#038;t=%E2%80%9CNo%20queremos%20m%C3%A1s%20excusas%2C%20queremos%20soluciones%E2%80%9D%3A%20Alcalde%20Keim%20exige%20sala%20de%20di%C3%A1lisis%20para%20Chile%20Chico%20y%20ofrece%20colaboraci%C3%B3n%20municipal%20inmediata' aria-hidden='false' data-av_icon='\ue8f3' data-av_iconfont='entypo-fontello' title='' data-avia-related-tooltip='Compartir en Facebook' rel=\"noopener\"><span class='avia_hidden_link_text'>Compartir en Facebook<\/span><\/a><\/li><li class='av-share-link av-social-link-twitter' ><a target=\"_blank\" aria-label=\"Compartir en Twitter\" href='https:\/\/twitter.com\/share?text=%E2%80%9CNo%20queremos%20m%C3%A1s%20excusas%2C%20queremos%20soluciones%E2%80%9D%3A%20Alcalde%20Keim%20exige%20sala%20de%20di%C3%A1lisis%20para%20Chile%20Chico%20y%20ofrece%20colaboraci%C3%B3n%20municipal%20inmediata&#038;url=https:\/\/radiorevelacionfm.cl\/?p=54701' aria-hidden='false' data-av_icon='\ue8f1' data-av_iconfont='entypo-fontello' title='' data-avia-related-tooltip='Compartir en Twitter' rel=\"noopener\"><span class='avia_hidden_link_text'>Compartir en Twitter<\/span><\/a><\/li><li class='av-share-link av-social-link-whatsapp' ><a target=\"_blank\" aria-label=\"Compartir en Whatsapp\" href='https:\/\/api.whatsapp.com\/send?text=https:\/\/radiorevelacionfm.cl\/?p=54701' aria-hidden='false' data-av_icon='\uf232' data-av_iconfont='entypo-fontello' title='' data-avia-related-tooltip='Compartir en Whatsapp' rel=\"noopener\"><span class='avia_hidden_link_text'>Compartir en Whatsapp<\/span><\/a><\/li><li class='av-share-link av-social-link-linkedin' ><a target=\"_blank\" aria-label=\"Compartir en LinkedIn\" href='https:\/\/linkedin.com\/shareArticle?mini=true&#038;title=%E2%80%9CNo%20queremos%20m%C3%A1s%20excusas%2C%20queremos%20soluciones%E2%80%9D%3A%20Alcalde%20Keim%20exige%20sala%20de%20di%C3%A1lisis%20para%20Chile%20Chico%20y%20ofrece%20colaboraci%C3%B3n%20municipal%20inmediata&#038;url=https:\/\/radiorevelacionfm.cl\/?p=54701' aria-hidden='false' data-av_icon='\ue8fc' data-av_iconfont='entypo-fontello' title='' data-avia-related-tooltip='Compartir en LinkedIn' rel=\"noopener\"><span class='avia_hidden_link_text'>Compartir en LinkedIn<\/span><\/a><\/li><li class='av-share-link av-social-link-mail' ><a  aria-label=\"Compartir por correo\" href='mailto:?subject=%E2%80%9CNo%20queremos%20m%C3%A1s%20excusas%2C%20queremos%20soluciones%E2%80%9D%3A%20Alcalde%20Keim%20exige%20sala%20de%20di%C3%A1lisis%20para%20Chile%20Chico%20y%20ofrece%20colaboraci%C3%B3n%20municipal%20inmediata&#038;body=https:\/\/radiorevelacionfm.cl\/?p=54701' aria-hidden='false' data-av_icon='\ue805' data-av_iconfont='entypo-fontello' title='' data-avia-related-tooltip='Compartir por correo'><span class='avia_hidden_link_text'>Compartir por correo<\/span><\/a><\/li><\/ul><\/div><\/div>\n<div  style='height:50px' class='hr hr-invisible   avia-builder-el-8  el_after_av_social_share  el_before_av_comments_list '><span class='hr-inner ' ><span class='hr-inner-style'><\/span><\/span><\/div>\n<div  class='av-buildercomment  av-blog-meta-html-info-disabled av-blog-meta-tag-disabled  '><\/div>\n","protected":false},"excerpt":{"rendered":"","protected":false},"author":1,"featured_media":54702,"comment_status":"closed","ping_status":"closed","sticky":false,"template":"","format":"standard","meta":{"footnotes":""},"categories":[38],"tags":[],"class_list":["post-54701","post","type-post","status-publish","format-standard","has-post-thumbnail","hentry","category-regional"],"jetpack_featured_media_url":"https:\/\/radiorevelacionfm.cl\/wp-content\/uploads\/2025\/06\/WhatsApp-Image-2025-06-01-at-22.37.09-1-1.jpeg","_links":{"self":[{"href":"https:\/\/radiorevelacionfm.cl\/index.php?rest_route=\/wp\/v2\/posts\/54701","targetHints":{"allow":["GET"]}}],"collection":[{"href":"https:\/\/radiorevelacionfm.cl\/index.php?rest_route=\/wp\/v2\/posts"}],"about":[{"href":"https:\/\/radiorevelacionfm.cl\/index.php?rest_route=\/wp\/v2\/types\/post"}],"author":[{"embeddable":true,"href":"https:\/\/radiorevelacionfm.cl\/index.php?rest_route=\/wp\/v2\/users\/1"}],"replies":[{"embeddable":true,"href":"https:\/\/radiorevelacionfm.cl\/index.php?rest_route=%2Fwp%2Fv2%2Fcomments&post=54701"}],"version-history":[{"count":2,"href":"https:\/\/radiorevelacionfm.cl\/index.php?rest_route=\/wp\/v2\/posts\/54701\/revisions"}],"predecessor-version":[{"id":54706,"href":"https:\/\/radiorevelacionfm.cl\/index.php?rest_route=\/wp\/v2\/posts\/54701\/revisions\/54706"}],"wp:featuredmedia":[{"embeddable":true,"href":"https:\/\/radiorevelacionfm.cl\/index.php?rest_route=\/wp\/v2\/media\/54702"}],"wp:attachment":[{"href":"https:\/\/radiorevelacionfm.cl\/index.php?rest_route=%2Fwp%2Fv2%2Fmedia&parent=54701"}],"wp:term":[{"taxonomy":"category","embeddable":true,"href":"https:\/\/radiorevelacionfm.cl\/index.php?rest_route=%2Fwp%2Fv2%2Fcategories&post=54701"},{"taxonomy":"post_tag","embeddable":true,"href":"https:\/\/radiorevelacionfm.cl\/index.php?rest_route=%2Fwp%2Fv2%2Ftags&post=54701"}],"curies":[{"name":"wp","href":"https:\/\/api.w.org\/{rel}","templated":true}]}}