{"id":5470,"date":"2021-06-19T20:16:54","date_gmt":"2021-06-19T23:16:54","guid":{"rendered":"https:\/\/radiorevelacionfm.cl\/?p=5470"},"modified":"2021-06-19T20:16:54","modified_gmt":"2021-06-19T23:16:54","slug":"nuevo-golpe-a-la-pesca-ilegal-en-aysen-decomisan-mas-de-7-mil-kilos-de-merluza-austral","status":"publish","type":"post","link":"https:\/\/radiorevelacionfm.cl\/?p=5470","title":{"rendered":"Nuevo golpe a la pesca ilegal en Ays\u00e9n decomisan m\u00e1s de 7 mil kilos de merluza austral"},"content":{"rendered":"<div class=\"flex_column av_one_full  flex_column_div av-zero-column-padding first  avia-builder-el-0  el_before_av_one_full  avia-builder-el-first  \" style='border-radius:0px; '><div  class='avia-image-container  av-styling-    avia-builder-el-1  avia-builder-el-no-sibling  avia-align-center '  itemprop=\"image\" itemscope=\"itemscope\" itemtype=\"https:\/\/schema.org\/ImageObject\"  ><div class='avia-image-container-inner'><div class='avia-image-overlay-wrap'><img decoding=\"async\" class='wp-image-5472 avia-img-lazy-loading-not-5472 avia_image' src=\"https:\/\/radiorevelacionfm.cl\/wp-content\/uploads\/2021\/06\/Decomiso-foto-2-1.jpeg\" alt='' title='Decomiso foto 2 (1)' height=\"600\" width=\"800\"  itemprop=\"thumbnailUrl\" srcset=\"https:\/\/radiorevelacionfm.cl\/wp-content\/uploads\/2021\/06\/Decomiso-foto-2-1.jpeg 800w, https:\/\/radiorevelacionfm.cl\/wp-content\/uploads\/2021\/06\/Decomiso-foto-2-1-300x225.jpeg 300w, https:\/\/radiorevelacionfm.cl\/wp-content\/uploads\/2021\/06\/Decomiso-foto-2-1-768x576.jpeg 768w, https:\/\/radiorevelacionfm.cl\/wp-content\/uploads\/2021\/06\/Decomiso-foto-2-1-705x529.jpeg 705w, https:\/\/radiorevelacionfm.cl\/wp-content\/uploads\/2021\/06\/Decomiso-foto-2-1-600x450.jpeg 600w\" sizes=\"(max-width: 800px) 100vw, 800px\" \/><\/div><\/div><\/div><\/div><div class=\"flex_column av_one_full  flex_column_div av-zero-column-padding first  avia-builder-el-2  el_after_av_one_full  el_before_av_one_full  column-top-margin\" style='border-radius:0px; '><section class=\"av_textblock_section \"  itemscope=\"itemscope\" itemtype=\"https:\/\/schema.org\/BlogPosting\" itemprop=\"blogPost\" ><div class='avia_textblock  '   itemprop=\"text\" ><p style=\"text-align: center;\"><strong><span style=\"font-size: 18pt;\">Nuevo golpe a la pesca ilegal en Ays\u00e9n decomisan m\u00e1s de 7 mil kilos de merluza austral <\/span><\/strong><\/p>\n<div id=\"gtx-trans\" style=\"position: absolute; left: -50px; top: 4.31534px;\">\n<div class=\"gtx-trans-icon\"><\/div>\n<\/div>\n<\/div><\/section><\/div><div class=\"flex_column av_one_full  flex_column_div av-zero-column-padding first  avia-builder-el-4  el_after_av_one_full  el_before_av_hr  column-top-margin\" style='border-radius:0px; '><section class=\"av_textblock_section \"  itemscope=\"itemscope\" itemtype=\"https:\/\/schema.org\/BlogPosting\" itemprop=\"blogPost\" ><div class='avia_textblock  '   itemprop=\"text\" ><p style=\"text-align: justify;\">Un hito relevante marc\u00f3 la Autoridad Mar\u00edtima de Ays\u00e9n al dar esta semana un duro golpe a la pesca ilegal.<\/p>\n<p style=\"text-align: justify;\">Durante un patrullaje mar\u00edtimo efectuado por personal de la Capitan\u00eda de Puerto Chacabuco, de la Capitan\u00eda de Puerto de Aguirre y del Servicio Nacional de Pesca y Acuicultura (SERNAPESCA), en cuatro procedimientos consecutivos realizados en el \u00e1rea del Canal Costa en la regi\u00f3n de Ays\u00e9n, se detectaron un total de 7 embarcaciones, todas provenientes de Calbuco y que se encontraban en faenas de pesca.<\/p>\n<p style=\"text-align: justify;\">En el primer procedimiento se fiscaliz\u00f3 a la Lancha a Motor \u00abEbenezer I\u00bb, cuya tripulaci\u00f3n manten\u00eda sobre cubierta un total de 160 kilos de Merluza Austral, divididos en 4 cajas de 40 kilos cada una y 365 kilos de Sardina (carnada). Junto con esto se incautaron, adem\u00e1s, artes y aparejos de pesca.<\/p>\n<p style=\"text-align: justify;\">M\u00e1s tarde, en el sector Paso Del Medio, se procedi\u00f3 a la fiscalizaci\u00f3n de la embarcaci\u00f3n \u00abYarett\u00bb, la cual tambi\u00e9n manten\u00eda Merluza Austral a bordo, no contando con el permiso necesario para esta acci\u00f3n. En la bodega manten\u00eda un total de 450 kilos del recurso, divididos en 17 cajas de 25 kilos cada una.<\/p>\n<p style=\"text-align: justify;\">En el tercer procedimiento se control\u00f3 a la Lancha a Motor \u00abAlexis\u00bb, la cual no se encontraba con permiso de zarpe, documentaci\u00f3n reglamentaria no vigente y sin registro en SERNAPESCA. A bordo se manten\u00edan un total de 47 cajas de Merluza Austral y 9 cajas de carnada. Espec\u00edficamente, fueron 3.484 kilos del recurso marino junto a 53.2 kilos de Congrio Dorado, 97 kilos de Sardinas y 3 tambores con Espineles.<\/p>\n<p style=\"text-align: justify;\">Ante esto se procedi\u00f3 a escoltar hasta Puerto Chacabuco a la embarcaci\u00f3n, para efectuar el procedimiento de rigor por no acreditar el origen legal del recurso, estipulado en la Ley General de Pesca y Acuicultura en los Art\u00edculos 65, 107 y 116.<\/p>\n<p style=\"text-align: justify;\">Finalmente, en la cuarta fiscalizaci\u00f3n se control\u00f3 a tres embarcaciones que en total manejaban 390 kilos de Sardina y 3.100 kilos de Merluza Austral, junto a aparejos de pesca.<\/p>\n<p style=\"text-align: justify;\">Ante este duro golpe a la pesca ilegal, el Gobernador Mar\u00edtimo de Ays\u00e9n, Capit\u00e1n de Fragata Litoral Rodrigo Lepe, asegur\u00f3 que \u00abeste operativo de fiscalizaci\u00f3n pesquera marca un hito, puesto que en esta oportunidad todo el recurso y artes de pesca incautados a los infractores de lanchas provenientes de Calbuco, qued\u00f3 en manos del tribunal. Junto con lo anterior se sancionar\u00e1 la conducta de vulnerar las barreras sanitarias, poniendo en peligro la salud p\u00fablica ante la actual pandemia\u00bb.<\/p>\n<p style=\"text-align: justify;\">Por \u00faltimo el Gobernador Mar\u00edtimo de Ays\u00e9n agreg\u00f3 que las tareas de fiscalizaci\u00f3n pesquera \u00abse mantendr\u00e1n porque responden al \u00c1rea de Misi\u00f3n de &#8216;Seguridad e Intereses Territoriales&#8217; de la Armada de Chile\u00bb.<\/p>\n<\/div><\/section><\/div><div  style='height:50px' class='hr hr-invisible   avia-builder-el-6  el_after_av_one_full  el_before_av_social_share '><span class='hr-inner ' ><span class='hr-inner-style'><\/span><\/span><\/div><\/p>\n<div  class='av-social-sharing-box  avia-builder-el-7  el_after_av_hr  el_before_av_hr  '><div class='av-share-box'><h5 class='av-share-link-description av-no-toc '>Compartir esta noticia<\/h5><ul class='av-share-box-list noLightbox'><li class='av-share-link av-social-link-facebook' ><a target=\"_blank\" aria-label=\"Compartir en Facebook\" href='https:\/\/www.facebook.com\/sharer.php?u=https:\/\/radiorevelacionfm.cl\/?p=5470&#038;t=Nuevo%20golpe%20a%20la%20pesca%20ilegal%20en%20Ays%C3%A9n%20decomisan%20m%C3%A1s%20de%207%20mil%20kilos%20de%20merluza%20austral' aria-hidden='false' data-av_icon='\ue8f3' data-av_iconfont='entypo-fontello' title='' data-avia-related-tooltip='Compartir en Facebook' rel=\"noopener\"><span class='avia_hidden_link_text'>Compartir en Facebook<\/span><\/a><\/li><li class='av-share-link av-social-link-twitter' ><a target=\"_blank\" aria-label=\"Compartir en Twitter\" href='https:\/\/twitter.com\/share?text=Nuevo%20golpe%20a%20la%20pesca%20ilegal%20en%20Ays%C3%A9n%20decomisan%20m%C3%A1s%20de%207%20mil%20kilos%20de%20merluza%20austral&#038;url=https:\/\/radiorevelacionfm.cl\/?p=5470' aria-hidden='false' data-av_icon='\ue8f1' data-av_iconfont='entypo-fontello' title='' data-avia-related-tooltip='Compartir en Twitter' rel=\"noopener\"><span class='avia_hidden_link_text'>Compartir en Twitter<\/span><\/a><\/li><li class='av-share-link av-social-link-whatsapp' ><a target=\"_blank\" aria-label=\"Compartir en Whatsapp\" href='https:\/\/api.whatsapp.com\/send?text=https:\/\/radiorevelacionfm.cl\/?p=5470' aria-hidden='false' data-av_icon='\uf232' data-av_iconfont='entypo-fontello' title='' data-avia-related-tooltip='Compartir en Whatsapp' rel=\"noopener\"><span class='avia_hidden_link_text'>Compartir en Whatsapp<\/span><\/a><\/li><li class='av-share-link av-social-link-linkedin' ><a target=\"_blank\" aria-label=\"Compartir en LinkedIn\" href='https:\/\/linkedin.com\/shareArticle?mini=true&#038;title=Nuevo%20golpe%20a%20la%20pesca%20ilegal%20en%20Ays%C3%A9n%20decomisan%20m%C3%A1s%20de%207%20mil%20kilos%20de%20merluza%20austral&#038;url=https:\/\/radiorevelacionfm.cl\/?p=5470' aria-hidden='false' data-av_icon='\ue8fc' data-av_iconfont='entypo-fontello' title='' data-avia-related-tooltip='Compartir en LinkedIn' rel=\"noopener\"><span class='avia_hidden_link_text'>Compartir en LinkedIn<\/span><\/a><\/li><li class='av-share-link av-social-link-mail' ><a  aria-label=\"Compartir por correo\" href='mailto:?subject=Nuevo%20golpe%20a%20la%20pesca%20ilegal%20en%20Ays%C3%A9n%20decomisan%20m%C3%A1s%20de%207%20mil%20kilos%20de%20merluza%20austral&#038;body=https:\/\/radiorevelacionfm.cl\/?p=5470' aria-hidden='false' data-av_icon='\ue805' data-av_iconfont='entypo-fontello' title='' data-avia-related-tooltip='Compartir por correo'><span class='avia_hidden_link_text'>Compartir por correo<\/span><\/a><\/li><\/ul><\/div><\/div>\n<div  style='height:50px' class='hr hr-invisible   avia-builder-el-8  el_after_av_social_share  el_before_av_comments_list '><span class='hr-inner ' ><span class='hr-inner-style'><\/span><\/span><\/div>\n<div  class='av-buildercomment  av-blog-meta-html-info-disabled av-blog-meta-tag-disabled  '><\/div>\n","protected":false},"excerpt":{"rendered":"","protected":false},"author":1,"featured_media":5472,"comment_status":"open","ping_status":"open","sticky":false,"template":"","format":"standard","meta":{"footnotes":""},"categories":[60,38],"tags":[],"class_list":["post-5470","post","type-post","status-publish","format-standard","has-post-thumbnail","hentry","category-pesca","category-regional"],"jetpack_featured_media_url":"https:\/\/radiorevelacionfm.cl\/wp-content\/uploads\/2021\/06\/Decomiso-foto-2-1.jpeg","_links":{"self":[{"href":"https:\/\/radiorevelacionfm.cl\/index.php?rest_route=\/wp\/v2\/posts\/5470","targetHints":{"allow":["GET"]}}],"collection":[{"href":"https:\/\/radiorevelacionfm.cl\/index.php?rest_route=\/wp\/v2\/posts"}],"about":[{"href":"https:\/\/radiorevelacionfm.cl\/index.php?rest_route=\/wp\/v2\/types\/post"}],"author":[{"embeddable":true,"href":"https:\/\/radiorevelacionfm.cl\/index.php?rest_route=\/wp\/v2\/users\/1"}],"replies":[{"embeddable":true,"href":"https:\/\/radiorevelacionfm.cl\/index.php?rest_route=%2Fwp%2Fv2%2Fcomments&post=5470"}],"version-history":[{"count":1,"href":"https:\/\/radiorevelacionfm.cl\/index.php?rest_route=\/wp\/v2\/posts\/5470\/revisions"}],"predecessor-version":[{"id":5473,"href":"https:\/\/radiorevelacionfm.cl\/index.php?rest_route=\/wp\/v2\/posts\/5470\/revisions\/5473"}],"wp:featuredmedia":[{"embeddable":true,"href":"https:\/\/radiorevelacionfm.cl\/index.php?rest_route=\/wp\/v2\/media\/5472"}],"wp:attachment":[{"href":"https:\/\/radiorevelacionfm.cl\/index.php?rest_route=%2Fwp%2Fv2%2Fmedia&parent=5470"}],"wp:term":[{"taxonomy":"category","embeddable":true,"href":"https:\/\/radiorevelacionfm.cl\/index.php?rest_route=%2Fwp%2Fv2%2Fcategories&post=5470"},{"taxonomy":"post_tag","embeddable":true,"href":"https:\/\/radiorevelacionfm.cl\/index.php?rest_route=%2Fwp%2Fv2%2Ftags&post=5470"}],"curies":[{"name":"wp","href":"https:\/\/api.w.org\/{rel}","templated":true}]}}