{"id":54693,"date":"2025-06-02T10:12:51","date_gmt":"2025-06-02T13:12:51","guid":{"rendered":"https:\/\/radiorevelacionfm.cl\/?p=54693"},"modified":"2025-06-02T10:12:51","modified_gmt":"2025-06-02T13:12:51","slug":"primera-gran-cartera-de-inversion-del-gobierno-regional-inyectara-mas-de-21-mil-millones-de-pesos-y-generara-mas-de-800-empleos","status":"publish","type":"post","link":"https:\/\/radiorevelacionfm.cl\/?p=54693","title":{"rendered":"Primera gran cartera de inversi\u00f3n del Gobierno Regional inyectar\u00e1 m\u00e1s de 21 mil millones de pesos y generar\u00e1 m\u00e1s de 800 empleos"},"content":{"rendered":"<div class=\"flex_column av_one_full  flex_column_div av-zero-column-padding first  avia-builder-el-0  el_before_av_one_full  avia-builder-el-first  \" style='border-radius:0px; '><div  class='avia-image-container  av-styling-    avia-builder-el-1  avia-builder-el-no-sibling  avia-align-center '  itemprop=\"image\" itemscope=\"itemscope\" itemtype=\"https:\/\/schema.org\/ImageObject\"  ><div class='avia-image-container-inner'><div class='avia-image-overlay-wrap'><img decoding=\"async\" class='wp-image-54694 avia-img-lazy-loading-not-54694 avia_image' src=\"https:\/\/radiorevelacionfm.cl\/wp-content\/uploads\/2025\/06\/Cartera-de-proyectos-de-Inversion-2-1.jpeg\" alt='' title='Cartera de proyectos de Inversi\u00f3n 2 (1)' height=\"600\" width=\"898\"  itemprop=\"thumbnailUrl\" srcset=\"https:\/\/radiorevelacionfm.cl\/wp-content\/uploads\/2025\/06\/Cartera-de-proyectos-de-Inversion-2-1.jpeg 898w, https:\/\/radiorevelacionfm.cl\/wp-content\/uploads\/2025\/06\/Cartera-de-proyectos-de-Inversion-2-1-300x200.jpeg 300w, https:\/\/radiorevelacionfm.cl\/wp-content\/uploads\/2025\/06\/Cartera-de-proyectos-de-Inversion-2-1-768x513.jpeg 768w, https:\/\/radiorevelacionfm.cl\/wp-content\/uploads\/2025\/06\/Cartera-de-proyectos-de-Inversion-2-1-705x471.jpeg 705w, https:\/\/radiorevelacionfm.cl\/wp-content\/uploads\/2025\/06\/Cartera-de-proyectos-de-Inversion-2-1-450x301.jpeg 450w, https:\/\/radiorevelacionfm.cl\/wp-content\/uploads\/2025\/06\/Cartera-de-proyectos-de-Inversion-2-1-600x401.jpeg 600w\" sizes=\"(max-width: 898px) 100vw, 898px\" \/><\/div><\/div><\/div><\/div>\n<div class=\"flex_column av_one_full  flex_column_div av-zero-column-padding first  avia-builder-el-2  el_after_av_one_full  el_before_av_one_full  column-top-margin\" style='border-radius:0px; '><section class=\"av_textblock_section \"  itemscope=\"itemscope\" itemtype=\"https:\/\/schema.org\/BlogPosting\" itemprop=\"blogPost\" ><div class='avia_textblock  '   itemprop=\"text\" ><h2 class=\"title\" style=\"text-align: center;\"><span style=\"font-size: 18pt;\"><strong>Primera gran cartera de inversi\u00f3n del Gobierno Regional inyectar\u00e1 m\u00e1s de 21 mil millones de pesos y generar\u00e1 m\u00e1s de 800 empleos<\/strong><\/span><\/h2>\n<div id=\"gtx-trans\" style=\"position: absolute; left: -50px; top: 4.31534px;\">\n<div class=\"gtx-trans-icon\"><\/div>\n<\/div>\n<\/div><\/section><\/div>\n<div class=\"flex_column av_one_full  flex_column_div av-zero-column-padding first  avia-builder-el-4  el_after_av_one_full  el_before_av_hr  column-top-margin\" style='border-radius:0px; '><section class=\"av_textblock_section \"  itemscope=\"itemscope\" itemtype=\"https:\/\/schema.org\/BlogPosting\" itemprop=\"blogPost\" ><div class='avia_textblock  '   itemprop=\"text\" ><p style=\"text-align: justify;\"><em>La cartera contempla obras de infraestructura en las comunas de Coyhaique y Ays\u00e9n, que impactar\u00e1n a trav\u00e9s de la inversi\u00f3n, la generaci\u00f3n de empleos durante la construcci\u00f3n de los proyectos y la calidad de vida de las personas.<\/em><\/p>\n<p style=\"text-align: justify;\">M\u00e1s de 21 mil millones de pesos en obras de infraestructura y la generaci\u00f3n de m\u00e1s de 800 empleos son las cifras que destacan de la primera gran cartera de inversi\u00f3n aprobada en sesi\u00f3n plenaria por el Gobierno Regional de Ays\u00e9n el viernes 30 de mayo.<\/p>\n<p style=\"text-align: justify;\">Se trata de cuatro principales proyectos: la reposici\u00f3n de la Escuela Diferencial Despertar de Puerto Ays\u00e9n,\u00a0 la construcci\u00f3n de soluciones el\u00e9ctricas fotovoltaicas en el norte de la comuna de Coyhaique, la reposici\u00f3n de la Tercera Compa\u00f1\u00eda de Bomberos y la construcci\u00f3n del terminal de buses, estos dos \u00faltimos tambi\u00e9n de Puerto Ays\u00e9n.<\/p>\n<p style=\"text-align: justify;\">\u201cEstamos muy contentos. Aprobamos nuestra primera cartera de iniciativas. Ya llevamos cinco meses de administraci\u00f3n y para nosotros era importante dar una se\u00f1al respecto de lo que ven\u00edamos conversando y trabajando\u2026Esta cartera es de m\u00e1s de 21 mil millones de pesos. Son iniciativas que, adem\u00e1s, tienen un car\u00e1cter social, porque responden a servicios b\u00e1sicos importantes e infraestructura habilitante para nuestra regi\u00f3n\u201d, afirm\u00f3 el gobernador regional de Ays\u00e9n, Marcelo Santana Vargas.<\/p>\n<p style=\"text-align: justify;\">La creaci\u00f3n de plazas de trabajo a trav\u00e9s de estos proyectos, abarca tanto empleos directos, como, por ejemplo, mano de obra, t\u00e9cnicos y operadores; adem\u00e1s de empleos indirectos, tales como proveedores de materiales, servicio log\u00edstico o de alimentaci\u00f3n que se generar\u00e1n durante el periodo de construcci\u00f3n y habilitaci\u00f3n de las infraestructuras, agreg\u00f3 el gobernador.<\/p>\n<p style=\"text-align: justify;\"><strong>Reposici\u00f3n Escuela Diferencial Despertar &#8211; 12.600 mil millones de pesos (Ays\u00e9n)<\/strong><\/p>\n<p style=\"text-align: justify;\">Uno de los proyectos emblem\u00e1ticos fue la aprobaci\u00f3n un\u00e1nime de la reposici\u00f3n de la Escuela Diferencial Despertar de la comuna de Ays\u00e9n, un desarrollo largamente anhelado por los apoderados del establecimiento que desde hace a\u00f1os carece de las condiciones m\u00ednimas para una educaci\u00f3n de calidad. Su implementaci\u00f3n tuvo dos licitaciones desiertas en los \u00faltimos tres a\u00f1os y gracias al incremento presupuestario de casi 5 mil millones de pesos aprobado por el Consejo Regional finalmente se podr\u00e1 materializar.<\/p>\n<p style=\"text-align: justify;\">La inversi\u00f3n alcanza los 10.868 mil millones de pesos por parte del GORE, sumado a un aporte de 1.700 pesos del Servicio Local de Educaci\u00f3n P\u00fablica Ays\u00e9n (SLEP). En su ejecuci\u00f3n se generar\u00e1n 370 empleos directos e indirectos.<\/p>\n<p style=\"text-align: justify;\">El vocero de los apoderados de la Escuela Despertar, Ram\u00f3n D\u00edaz, valor\u00f3 el trabajo conjunto de los \u00faltimos meses para sacar adelante la iniciativa: \u201cVamos dejando esa huella marcada para que nuestros hijos el d\u00eda de ma\u00f1ana sean parte de esta sociedad de una u otra manera, para que ellos puedan responder a su vida cotidiana y sean m\u00e1s felices (&#8230;) Este va a ser un espacio que va cumplir con todas las caracter\u00edsticas para que ellos puedan desarrollarse el d\u00eda de ma\u00f1ana\u201d.<\/p>\n<p style=\"text-align: justify;\"><strong>Construcci\u00f3n de soluciones el\u00e9ctricas fotovoltaicas El Pedregoso &#8211; 790 millones de pesos (Coyhaique)<\/strong><\/p>\n<p style=\"text-align: justify;\">Otras de las iniciativas aprobadas de gran impacto social fue la construcci\u00f3n de soluciones fotovoltaicas que otorgar\u00e1n acceso a electricidad a 37 familias de los sectores rurales del sector norte de la comuna de Coyhaique, tales como Richard 1, Richard 2, Bajo Hondo y Pedregoso, entre otros. El proyecto, que implica una inversi\u00f3n por parte del Gobierno Regional de 790 millones de pesos, fue trabajado, en el \u00e1mbito t\u00e9cnico, en conjunto con la Municipalidad de Coyhaique y el Seremi de Energ\u00eda Ays\u00e9n. La obra generar\u00e1 aproximadamente 70 empleos directos e indirectos.<\/p>\n<p style=\"text-align: justify;\">Esta soluci\u00f3n el\u00e9ctrica se trata de un avance en la implementaci\u00f3n de tecnolog\u00edas, ya que las bater\u00edas Ion-litio que se instalar\u00e1n reemplazar\u00e1n las bater\u00edas obsoletas utilizadas en los \u00faltimos siete a\u00f1os en la regi\u00f3n.<\/p>\n<p style=\"text-align: justify;\">\u201cEste ha sido un proyecto muy largo, de muchos a\u00f1os. Por fin tenemos \u00e9xito. Los campesinos van a tener su energ\u00eda. Su calidad de vida va a mejorar, como dijo el gobernador. Las cosas se empiezan a mejorar y los campesinos ya se van a querer quedar en su hogar. Qu\u00e9 mejor que tengan un fin de a\u00f1o con un arbolito de pascua prendido\u2026Estamos aqu\u00ed para agradecerles; para que realmente el campesino no se quede de lado. Pucha que se necesita empuje para estar viviendo en el campo\u201d, enfatiz\u00f3 Mar\u00eda Ang\u00e9lica Vera, presidenta del comit\u00e9 del sector de Bajo Hondo de Coyhaique.<\/p>\n<p style=\"text-align: justify;\"><strong>Construcci\u00f3n Terminal de Buses Ays\u00e9n &#8211; 6.400 millones de pesos (Ays\u00e9n)<\/strong><\/p>\n<p style=\"text-align: justify;\">El proyecto del Terminal Rodoviario Ays\u00e9n busca mejorar la conectividad, la fiscalizaci\u00f3n de los buses intercomunales, la accesibilidad, la seguridad y comodidad de los pasajeros,\u00a0 impactando positivamente el turismo y la calidad de vida de los ayseninos.<\/p>\n<p style=\"text-align: justify;\">La obra, cuyo costo ser\u00e1 de alrededor de 6.400 millones de pesos, no solo responde a una necesidad evidente de la comunidad, sino que tambi\u00e9n se alinea con los objetivos estrat\u00e9gicos de desarrollo regional, promoviendo la equidad territorial, la movilidad sustentable y la integraci\u00f3n de zonas aisladas. Adem\u00e1s, crear\u00e1 m\u00e1s de 200 empleos directos e indirectos durante su construcci\u00f3n.<\/p>\n<p style=\"text-align: justify;\">En paralelo, se avanzar\u00e1, en conjunto con la Seremi de Transporte y Telecomunicaciones y la Municipalidad de Ays\u00e9n, en un plan de transporte p\u00fablico para que los usuarios puedan trasladarse sin problemas desde los diferentes puntos de la ciudad al terminal de buses ubicado en uno de los accesos de la localidad.<\/p>\n<p style=\"text-align: justify;\"><strong>Reposici\u00f3n Tercera Compa\u00f1\u00eda de Bomberos &#8211; 1.900 millones (Ays\u00e9n)<\/strong><\/p>\n<p style=\"text-align: justify;\">Tambi\u00e9n se aprob\u00f3 el financiamiento para la construcci\u00f3n de la Tercera Compa\u00f1\u00eda de Bomberos de Ays\u00e9n. Esta compa\u00f1\u00eda es la que concurre como primera prioridad en la comuna. H\u00e9ctor Venegas, director de Brigada, destac\u00f3 que aunque todav\u00eda queda un largo camino por recorrer, con esta aprobaci\u00f3n, se dio un paso clave: \u201cYa es realidad este anhelo. Para nosotros no solamente es nuestra casa, sino que tambi\u00e9n donde centramos nuestra vocaci\u00f3n de servicio para la comunidad\u201d<\/p>\n<p style=\"text-align: justify;\">El cuartel implica una inversi\u00f3n de casi 2 mil millones de pesos. Albergar\u00e1 a 37 voluntarios, adem\u00e1s de seis aspirantes y 14 cadetes, beneficiando a toda la comunidad de Ays\u00e9n. Tambi\u00e9n, su impacto se ver\u00e1 reflejado en la creaci\u00f3n de alrededor de 200 empleos directos e indirectos.<\/p>\n<p style=\"text-align: justify;\">\u201cSe van sumando voluntades. Estoy muy muy agradecido de lo que est\u00e1n haciendo y esperanzado de que esta sea la t\u00f3nica de los municipios de poder ejecutar\u2026 No es f\u00e1cil en los municipios hacer esto, con equipos que siempre est\u00e1n diezmados, porque no tenemos recursos para hacer mejores y m\u00e1s carteras de proyectos\u201d, enfatiz\u00f3 el alcalde de la Municipalidad de Ays\u00e9n, Luis Mart\u00ednez, con respecto a las grandes obras que se estar\u00e1n ejecutando en la comuna.<\/p>\n<\/div><\/section><\/div><div  style='height:50px' class='hr hr-invisible   avia-builder-el-6  el_after_av_one_full  el_before_av_social_share '><span class='hr-inner ' ><span class='hr-inner-style'><\/span><\/span><\/div><\/p>\n<div  class='av-social-sharing-box  avia-builder-el-7  el_after_av_hr  el_before_av_hr  '><div class='av-share-box'><h5 class='av-share-link-description av-no-toc '>Compartir esta noticia<\/h5><ul class='av-share-box-list noLightbox'><li class='av-share-link av-social-link-facebook' ><a target=\"_blank\" aria-label=\"Compartir en Facebook\" href='https:\/\/www.facebook.com\/sharer.php?u=https:\/\/radiorevelacionfm.cl\/?p=54693&#038;t=Primera%20gran%20cartera%20de%20inversi%C3%B3n%20del%20Gobierno%20Regional%20inyectar%C3%A1%20m%C3%A1s%20de%2021%20mil%20millones%20de%20pesos%20y%20generar%C3%A1%20m%C3%A1s%20de%20800%20empleos' aria-hidden='false' data-av_icon='\ue8f3' data-av_iconfont='entypo-fontello' title='' data-avia-related-tooltip='Compartir en Facebook' rel=\"noopener\"><span class='avia_hidden_link_text'>Compartir en Facebook<\/span><\/a><\/li><li class='av-share-link av-social-link-twitter' ><a target=\"_blank\" aria-label=\"Compartir en Twitter\" href='https:\/\/twitter.com\/share?text=Primera%20gran%20cartera%20de%20inversi%C3%B3n%20del%20Gobierno%20Regional%20inyectar%C3%A1%20m%C3%A1s%20de%2021%20mil%20millones%20de%20pesos%20y%20generar%C3%A1%20m%C3%A1s%20de%20800%20empleos&#038;url=https:\/\/radiorevelacionfm.cl\/?p=54693' aria-hidden='false' data-av_icon='\ue8f1' data-av_iconfont='entypo-fontello' title='' data-avia-related-tooltip='Compartir en Twitter' rel=\"noopener\"><span class='avia_hidden_link_text'>Compartir en Twitter<\/span><\/a><\/li><li class='av-share-link av-social-link-whatsapp' ><a target=\"_blank\" aria-label=\"Compartir en Whatsapp\" href='https:\/\/api.whatsapp.com\/send?text=https:\/\/radiorevelacionfm.cl\/?p=54693' aria-hidden='false' data-av_icon='\uf232' data-av_iconfont='entypo-fontello' title='' data-avia-related-tooltip='Compartir en Whatsapp' rel=\"noopener\"><span class='avia_hidden_link_text'>Compartir en Whatsapp<\/span><\/a><\/li><li class='av-share-link av-social-link-linkedin' ><a target=\"_blank\" aria-label=\"Compartir en LinkedIn\" href='https:\/\/linkedin.com\/shareArticle?mini=true&#038;title=Primera%20gran%20cartera%20de%20inversi%C3%B3n%20del%20Gobierno%20Regional%20inyectar%C3%A1%20m%C3%A1s%20de%2021%20mil%20millones%20de%20pesos%20y%20generar%C3%A1%20m%C3%A1s%20de%20800%20empleos&#038;url=https:\/\/radiorevelacionfm.cl\/?p=54693' aria-hidden='false' data-av_icon='\ue8fc' data-av_iconfont='entypo-fontello' title='' data-avia-related-tooltip='Compartir en LinkedIn' rel=\"noopener\"><span class='avia_hidden_link_text'>Compartir en LinkedIn<\/span><\/a><\/li><li class='av-share-link av-social-link-mail' ><a  aria-label=\"Compartir por correo\" href='mailto:?subject=Primera%20gran%20cartera%20de%20inversi%C3%B3n%20del%20Gobierno%20Regional%20inyectar%C3%A1%20m%C3%A1s%20de%2021%20mil%20millones%20de%20pesos%20y%20generar%C3%A1%20m%C3%A1s%20de%20800%20empleos&#038;body=https:\/\/radiorevelacionfm.cl\/?p=54693' aria-hidden='false' data-av_icon='\ue805' data-av_iconfont='entypo-fontello' title='' data-avia-related-tooltip='Compartir por correo'><span class='avia_hidden_link_text'>Compartir por correo<\/span><\/a><\/li><\/ul><\/div><\/div>\n<div  style='height:50px' class='hr hr-invisible   avia-builder-el-8  el_after_av_social_share  el_before_av_comments_list '><span class='hr-inner ' ><span class='hr-inner-style'><\/span><\/span><\/div>\n<div  class='av-buildercomment  av-blog-meta-html-info-disabled av-blog-meta-tag-disabled  '><\/div>\n","protected":false},"excerpt":{"rendered":"","protected":false},"author":1,"featured_media":54694,"comment_status":"closed","ping_status":"closed","sticky":false,"template":"","format":"standard","meta":{"footnotes":""},"categories":[38],"tags":[],"class_list":["post-54693","post","type-post","status-publish","format-standard","has-post-thumbnail","hentry","category-regional"],"jetpack_featured_media_url":"https:\/\/radiorevelacionfm.cl\/wp-content\/uploads\/2025\/06\/Cartera-de-proyectos-de-Inversion-2-1.jpeg","_links":{"self":[{"href":"https:\/\/radiorevelacionfm.cl\/index.php?rest_route=\/wp\/v2\/posts\/54693","targetHints":{"allow":["GET"]}}],"collection":[{"href":"https:\/\/radiorevelacionfm.cl\/index.php?rest_route=\/wp\/v2\/posts"}],"about":[{"href":"https:\/\/radiorevelacionfm.cl\/index.php?rest_route=\/wp\/v2\/types\/post"}],"author":[{"embeddable":true,"href":"https:\/\/radiorevelacionfm.cl\/index.php?rest_route=\/wp\/v2\/users\/1"}],"replies":[{"embeddable":true,"href":"https:\/\/radiorevelacionfm.cl\/index.php?rest_route=%2Fwp%2Fv2%2Fcomments&post=54693"}],"version-history":[{"count":3,"href":"https:\/\/radiorevelacionfm.cl\/index.php?rest_route=\/wp\/v2\/posts\/54693\/revisions"}],"predecessor-version":[{"id":54697,"href":"https:\/\/radiorevelacionfm.cl\/index.php?rest_route=\/wp\/v2\/posts\/54693\/revisions\/54697"}],"wp:featuredmedia":[{"embeddable":true,"href":"https:\/\/radiorevelacionfm.cl\/index.php?rest_route=\/wp\/v2\/media\/54694"}],"wp:attachment":[{"href":"https:\/\/radiorevelacionfm.cl\/index.php?rest_route=%2Fwp%2Fv2%2Fmedia&parent=54693"}],"wp:term":[{"taxonomy":"category","embeddable":true,"href":"https:\/\/radiorevelacionfm.cl\/index.php?rest_route=%2Fwp%2Fv2%2Fcategories&post=54693"},{"taxonomy":"post_tag","embeddable":true,"href":"https:\/\/radiorevelacionfm.cl\/index.php?rest_route=%2Fwp%2Fv2%2Ftags&post=54693"}],"curies":[{"name":"wp","href":"https:\/\/api.w.org\/{rel}","templated":true}]}}