{"id":54687,"date":"2025-06-02T16:51:07","date_gmt":"2025-06-02T19:51:07","guid":{"rendered":"https:\/\/radiorevelacionfm.cl\/?p=54687"},"modified":"2025-06-02T16:51:07","modified_gmt":"2025-06-02T19:51:07","slug":"slep-aysen-obtiene-aprobacion-de-nuevo-financiamiento-para-la-reposicion-de-la-escuela-despertar","status":"publish","type":"post","link":"https:\/\/radiorevelacionfm.cl\/?p=54687","title":{"rendered":"Slep Ays\u00e9n obtiene aprobaci\u00f3n de nuevo financiamiento para la reposici\u00f3n de la Escuela Despertar"},"content":{"rendered":"<div class=\"flex_column av_one_full  flex_column_div av-zero-column-padding first  avia-builder-el-0  el_before_av_one_full  avia-builder-el-first  \" style='border-radius:0px; '><div  class='avia-image-container  av-styling-    avia-builder-el-1  avia-builder-el-no-sibling  avia-align-center '  itemprop=\"image\" itemscope=\"itemscope\" itemtype=\"https:\/\/schema.org\/ImageObject\"  ><div class='avia-image-container-inner'><div class='avia-image-overlay-wrap'><img decoding=\"async\" class='wp-image-54688 avia-img-lazy-loading-not-54688 avia_image' src=\"https:\/\/radiorevelacionfm.cl\/wp-content\/uploads\/2025\/06\/despertar-3-1_optimized.jpg\" alt='' title='despertar-3-(1)_optimized' height=\"600\" width=\"800\"  itemprop=\"thumbnailUrl\" srcset=\"https:\/\/radiorevelacionfm.cl\/wp-content\/uploads\/2025\/06\/despertar-3-1_optimized.jpg 800w, https:\/\/radiorevelacionfm.cl\/wp-content\/uploads\/2025\/06\/despertar-3-1_optimized-300x225.jpg 300w, https:\/\/radiorevelacionfm.cl\/wp-content\/uploads\/2025\/06\/despertar-3-1_optimized-768x576.jpg 768w, https:\/\/radiorevelacionfm.cl\/wp-content\/uploads\/2025\/06\/despertar-3-1_optimized-705x529.jpg 705w, https:\/\/radiorevelacionfm.cl\/wp-content\/uploads\/2025\/06\/despertar-3-1_optimized-450x338.jpg 450w, https:\/\/radiorevelacionfm.cl\/wp-content\/uploads\/2025\/06\/despertar-3-1_optimized-600x450.jpg 600w\" sizes=\"(max-width: 800px) 100vw, 800px\" \/><\/div><\/div><\/div><\/div><div class=\"flex_column av_one_full  flex_column_div av-zero-column-padding first  avia-builder-el-2  el_after_av_one_full  el_before_av_one_full  column-top-margin\" style='border-radius:0px; '><section class=\"av_textblock_section \"  itemscope=\"itemscope\" itemtype=\"https:\/\/schema.org\/BlogPosting\" itemprop=\"blogPost\" ><div class='avia_textblock  '   itemprop=\"text\" ><p style=\"text-align: center;\"><span style=\"font-size: 18pt;\"><strong>\u00a0Slep Ays\u00e9n obtiene aprobaci\u00f3n de nuevo financiamiento para la reposici\u00f3n de la Escuela Despertar<\/strong><\/span><\/p>\n<div id=\"gtx-trans\" style=\"position: absolute; left: -50px; top: 4.31534px;\">\n<div class=\"gtx-trans-icon\"><\/div>\n<\/div>\n<\/div><\/section><\/div><div class=\"flex_column av_one_full  flex_column_div av-zero-column-padding first  avia-builder-el-4  el_after_av_one_full  el_before_av_hr  column-top-margin\" style='border-radius:0px; '><section class=\"av_textblock_section \"  itemscope=\"itemscope\" itemtype=\"https:\/\/schema.org\/BlogPosting\" itemprop=\"blogPost\" ><div class='avia_textblock  '   itemprop=\"text\" ><p style=\"text-align: justify;\">El Gobierno Regional de Ays\u00e9n aprob\u00f3 por unanimidad un aumento presupuestario para la ejecuci\u00f3n del proyecto de reposici\u00f3n de la Escuela Despertar de Puerto Ays\u00e9n por un monto cercano a los 5 mil millones de pesos. Con este nuevo aporte, el financiamiento total asciende a aproximadamente 11 mil millones de pesos. La iniciativa, impulsada por el Servicio Local de Educaci\u00f3n P\u00fablica (SLEP) Ays\u00e9n, representa un importante avance en el fortalecimiento de la educaci\u00f3n p\u00fablica en la regi\u00f3n, beneficiando directamente a estudiantes, docentes y familias de la comunidad educativa.<\/p>\n<p style=\"text-align: justify;\">\u00a0El director ejecutivo del SLEP Ays\u00e9n, Sebasti\u00e1n Gonz\u00e1lez, destac\u00f3 el trabajo colaborativo entre autoridades, profesionales y apoderados, as\u00ed como el compromiso del Consejo Regional, que permiti\u00f3 concretar este financiamiento. \u201cEsto sin duda es una promesa hist\u00f3rica de nuestra regi\u00f3n para todos los estudiantes y la comunidad educativa. Desde que asumimos, hemos trabajado en mejorar las condiciones de todos y todas las estudiantes, pero sab\u00edamos que no pod\u00edamos descansar hasta que este d\u00eda llegara, hasta que obtuvi\u00e9ramos los recursos y pudi\u00e9ramos dar curso a este proyecto tan anhelado. Estamos realmente orgullosos del trabajo que ha hecho nuestro equipo de profesionales para lograr esto en tiempo r\u00e9cord, pero sobre todo estamos muy orgullosos de nuestros padres y apoderados de la Escuela Despertar que siempre nos han mostrado el camino. Entendemos que esto se hace tambi\u00e9n con pasi\u00f3n, pero que tambi\u00e9n se hace con di\u00e1logo, a trav\u00e9s de la conversaci\u00f3n y del trabajo riguroso de un servicio que est\u00e1 reci\u00e9n comenzando, dando se\u00f1ales de la de que la educaci\u00f3n p\u00fablica en la regi\u00f3n de Ays\u00e9n se va a seguir fortaleciendo d\u00eda a d\u00eda\u201d, se\u00f1al\u00f3.<\/p>\n<p style=\"text-align: justify;\">La nueva infraestructura tendr\u00e1 una superficie construida de 2.740 m\u00b2 e incluir\u00e1 modernos espacios pedag\u00f3gicos, talleres laborales, \u00e1reas administrativas y otras dependencias esenciales para el desarrollo integral de los estudiantes. Adem\u00e1s, se implementar\u00e1 un plan de contingencia \u2014financiado por el Ministerio de Educaci\u00f3n\u2014 que habilitar\u00e1 instalaciones provisionales en la ex Direcci\u00f3n de Educaci\u00f3n Municipal de Ays\u00e9n, permitiendo as\u00ed la continuidad del servicio educativo durante la ejecuci\u00f3n del proyecto.<\/p>\n<p style=\"text-align: justify;\">El financiamiento contempla la reposici\u00f3n total del establecimiento, e incluye recursos del Gobierno Regional de Ays\u00e9n para obras civiles, consultor\u00edas, equipamiento, gastos administrativos y la log\u00edstica del plan de contingencia, el cual cuenta con un presupuesto adicional de 1.700 millones de pesos.<\/p>\n<p style=\"text-align: justify;\">El gobernador regional de Ays\u00e9n, Marcelo Santana, valor\u00f3 la relevancia de la instancia se\u00f1alando :\u201cEste proyecto probablemente sea uno de los m\u00e1s emblem\u00e1ticos que durante estos primeros cinco meses de administraci\u00f3n nos ha tocado resolver y que favorablemente cont\u00f3 con unanimidad de la aprobaci\u00f3n de nuestros consejeros regionales, porque se debe tambi\u00e9n a un gran esfuerzo que han hecho los padres, los apoderados, la comunidad educativa en general, el municipio de Ays\u00e9n y el Servicio Local de Educaci\u00f3n P\u00fablica, que con un trabajo mancomunado y muy coordinado han permitido llegar a resolver todas las observaciones y las dificultades t\u00e9cnicas que imped\u00edan \u00a0\u00a0incrementar este presupuesto\u201d.<\/p>\n<p style=\"text-align: justify;\">\u00a0En la misma l\u00ednea, la Seremi de Educaci\u00f3n, Katherine Miqueles, destac\u00f3 la articulaci\u00f3n entre los distintos actores involucrados agregando \u201ceste avance es el resultado del di\u00e1logo con la comunidad educativa y del trabajo incesante del equipo de infraestructura del Servicio Local de Educaci\u00f3n P\u00fablica, junto con la articulaci\u00f3n de distintos servicios p\u00fablicos. Este es un proyecto profundamente sentido por su comunidad, que por a\u00f1os ha estado esperando contar con un espacio digno e inclusivo, acorde a las necesidades de sus estudiantes, porque cuando generamos condiciones habilitantes desde la infraestructura, estamos invirtiendo en una mejor educaci\u00f3n y con ello sembramos las bases para el desarrollo integral de nuestros territorios\u201d.<\/p>\n<p style=\"text-align: justify;\">Originalmente, el proyecto contemplaba un presupuesto de 5900 millones de pesos. Sin embargo, tras una reevaluaci\u00f3n y ajuste a las necesidades actuales, se ampli\u00f3 hasta alcanzar 10.868 millones, con los recursos adicionales recientemente aprobados.<\/p>\n<p style=\"text-align: justify;\">La comunidad escolar celebr\u00f3 con entusiasmo este importante paso. Ram\u00f3n D\u00edaz, vocero de madres, padres y apoderados de la escuela, expres\u00f3 su gratitud y reafirm\u00f3 el compromiso de continuar trabajando por una educaci\u00f3n p\u00fablica digna e inclusiva, indicando \u201ccreo que hemos logrado un nuevo paso en esta larga carrera que hemos tratado de llevar lo m\u00e1s tranquilo posible. Lamentablemente siempre ha habido inconvenientes, pero aqu\u00ed estamos nuevamente. Se le agradece al Gobierno Regional, al SLEP, Municipalidad de Ays\u00e9n que ha estado presente desde el primer d\u00eda, cuando empezamos este este movimiento, pero m\u00e1s all\u00e1 de ello es por los ni\u00f1os que son parte de la comunidad regional y lamentablemente ah\u00ed ha estado bastante botado en cuanto a infraestructura. Creo que es un largo trabajo, pero si hay conversaci\u00f3n, si est\u00e1 la instancia para que nosotros como pap\u00e1 estemos ah\u00ed, lo vamos a hacer; as\u00ed que eso y muchas gracias, en este caso los profesionales, porque creo que se ha tratado de lograr las cosas lo antes posible, antes de lo que esper\u00e1bamos\u201d.<\/p>\n<p style=\"text-align: justify;\">El proyecto fue ingresado al Sistema Nacional de Inversiones el 26 de marzo 2025 por parte del servicio local y obtuvo la RS en un plazo de un mes y 20 d\u00edas. Paralelamente al proyecto de reposici\u00f3n, el SLEP Ays\u00e9n se encuentra desarrollando el plan de contingencia, cuya licitaci\u00f3n cierra el 16 de junio y se espera que las nuevas dependencias provisorias est\u00e9n operativas en marzo de 2026.<\/p>\n<\/div><\/section><\/div><div  style='height:50px' class='hr hr-invisible   avia-builder-el-6  el_after_av_one_full  el_before_av_social_share '><span class='hr-inner ' ><span class='hr-inner-style'><\/span><\/span><\/div><\/p>\n<div  class='av-social-sharing-box  avia-builder-el-7  el_after_av_hr  el_before_av_hr  '><div class='av-share-box'><h5 class='av-share-link-description av-no-toc '>Compartir esta noticia<\/h5><ul class='av-share-box-list noLightbox'><li class='av-share-link av-social-link-facebook' ><a target=\"_blank\" aria-label=\"Compartir en Facebook\" href='https:\/\/www.facebook.com\/sharer.php?u=https:\/\/radiorevelacionfm.cl\/?p=54687&#038;t=Slep%20Ays%C3%A9n%20obtiene%20aprobaci%C3%B3n%20de%20nuevo%20financiamiento%20para%20la%20reposici%C3%B3n%20de%20la%20Escuela%20Despertar' aria-hidden='false' data-av_icon='\ue8f3' data-av_iconfont='entypo-fontello' title='' data-avia-related-tooltip='Compartir en Facebook' rel=\"noopener\"><span class='avia_hidden_link_text'>Compartir en Facebook<\/span><\/a><\/li><li class='av-share-link av-social-link-twitter' ><a target=\"_blank\" aria-label=\"Compartir en Twitter\" href='https:\/\/twitter.com\/share?text=Slep%20Ays%C3%A9n%20obtiene%20aprobaci%C3%B3n%20de%20nuevo%20financiamiento%20para%20la%20reposici%C3%B3n%20de%20la%20Escuela%20Despertar&#038;url=https:\/\/radiorevelacionfm.cl\/?p=54687' aria-hidden='false' data-av_icon='\ue8f1' data-av_iconfont='entypo-fontello' title='' data-avia-related-tooltip='Compartir en Twitter' rel=\"noopener\"><span class='avia_hidden_link_text'>Compartir en Twitter<\/span><\/a><\/li><li class='av-share-link av-social-link-whatsapp' ><a target=\"_blank\" aria-label=\"Compartir en Whatsapp\" href='https:\/\/api.whatsapp.com\/send?text=https:\/\/radiorevelacionfm.cl\/?p=54687' aria-hidden='false' data-av_icon='\uf232' data-av_iconfont='entypo-fontello' title='' data-avia-related-tooltip='Compartir en Whatsapp' rel=\"noopener\"><span class='avia_hidden_link_text'>Compartir en Whatsapp<\/span><\/a><\/li><li class='av-share-link av-social-link-linkedin' ><a target=\"_blank\" aria-label=\"Compartir en LinkedIn\" href='https:\/\/linkedin.com\/shareArticle?mini=true&#038;title=Slep%20Ays%C3%A9n%20obtiene%20aprobaci%C3%B3n%20de%20nuevo%20financiamiento%20para%20la%20reposici%C3%B3n%20de%20la%20Escuela%20Despertar&#038;url=https:\/\/radiorevelacionfm.cl\/?p=54687' aria-hidden='false' data-av_icon='\ue8fc' data-av_iconfont='entypo-fontello' title='' data-avia-related-tooltip='Compartir en LinkedIn' rel=\"noopener\"><span class='avia_hidden_link_text'>Compartir en LinkedIn<\/span><\/a><\/li><li class='av-share-link av-social-link-mail' ><a  aria-label=\"Compartir por correo\" href='mailto:?subject=Slep%20Ays%C3%A9n%20obtiene%20aprobaci%C3%B3n%20de%20nuevo%20financiamiento%20para%20la%20reposici%C3%B3n%20de%20la%20Escuela%20Despertar&#038;body=https:\/\/radiorevelacionfm.cl\/?p=54687' aria-hidden='false' data-av_icon='\ue805' data-av_iconfont='entypo-fontello' title='' data-avia-related-tooltip='Compartir por correo'><span class='avia_hidden_link_text'>Compartir por correo<\/span><\/a><\/li><\/ul><\/div><\/div>\n<div  style='height:50px' class='hr hr-invisible   avia-builder-el-8  el_after_av_social_share  el_before_av_comments_list '><span class='hr-inner ' ><span class='hr-inner-style'><\/span><\/span><\/div>\n<div  class='av-buildercomment  av-blog-meta-html-info-disabled av-blog-meta-tag-disabled  '><\/div>\n","protected":false},"excerpt":{"rendered":"","protected":false},"author":1,"featured_media":54688,"comment_status":"closed","ping_status":"closed","sticky":false,"template":"","format":"standard","meta":{"footnotes":""},"categories":[49],"tags":[],"class_list":["post-54687","post","type-post","status-publish","format-standard","has-post-thumbnail","hentry","category-educacion"],"jetpack_featured_media_url":"https:\/\/radiorevelacionfm.cl\/wp-content\/uploads\/2025\/06\/despertar-3-1_optimized.jpg","_links":{"self":[{"href":"https:\/\/radiorevelacionfm.cl\/index.php?rest_route=\/wp\/v2\/posts\/54687","targetHints":{"allow":["GET"]}}],"collection":[{"href":"https:\/\/radiorevelacionfm.cl\/index.php?rest_route=\/wp\/v2\/posts"}],"about":[{"href":"https:\/\/radiorevelacionfm.cl\/index.php?rest_route=\/wp\/v2\/types\/post"}],"author":[{"embeddable":true,"href":"https:\/\/radiorevelacionfm.cl\/index.php?rest_route=\/wp\/v2\/users\/1"}],"replies":[{"embeddable":true,"href":"https:\/\/radiorevelacionfm.cl\/index.php?rest_route=%2Fwp%2Fv2%2Fcomments&post=54687"}],"version-history":[{"count":2,"href":"https:\/\/radiorevelacionfm.cl\/index.php?rest_route=\/wp\/v2\/posts\/54687\/revisions"}],"predecessor-version":[{"id":54726,"href":"https:\/\/radiorevelacionfm.cl\/index.php?rest_route=\/wp\/v2\/posts\/54687\/revisions\/54726"}],"wp:featuredmedia":[{"embeddable":true,"href":"https:\/\/radiorevelacionfm.cl\/index.php?rest_route=\/wp\/v2\/media\/54688"}],"wp:attachment":[{"href":"https:\/\/radiorevelacionfm.cl\/index.php?rest_route=%2Fwp%2Fv2%2Fmedia&parent=54687"}],"wp:term":[{"taxonomy":"category","embeddable":true,"href":"https:\/\/radiorevelacionfm.cl\/index.php?rest_route=%2Fwp%2Fv2%2Fcategories&post=54687"},{"taxonomy":"post_tag","embeddable":true,"href":"https:\/\/radiorevelacionfm.cl\/index.php?rest_route=%2Fwp%2Fv2%2Ftags&post=54687"}],"curies":[{"name":"wp","href":"https:\/\/api.w.org\/{rel}","templated":true}]}}