{"id":54683,"date":"2025-06-01T18:25:13","date_gmt":"2025-06-01T21:25:13","guid":{"rendered":"https:\/\/radiorevelacionfm.cl\/?p=54683"},"modified":"2025-06-01T18:25:13","modified_gmt":"2025-06-01T21:25:13","slug":"delegado-presidencial-regional-destaco-el-valor-de-los-acuerdos-amplios-en-beneficio-de-todo-el-pais","status":"publish","type":"post","link":"https:\/\/radiorevelacionfm.cl\/?p=54683","title":{"rendered":"Delegado Presidencial Regional destac\u00f3 el valor de los acuerdos amplios en beneficio de todo el pa\u00eds"},"content":{"rendered":"<div class=\"flex_column av_one_full  flex_column_div av-zero-column-padding first  avia-builder-el-0  el_before_av_one_full  avia-builder-el-first  \" style='border-radius:0px; '><div  class='avia-image-container  av-styling-    avia-builder-el-1  avia-builder-el-no-sibling  avia-align-center '  itemprop=\"image\" itemscope=\"itemscope\" itemtype=\"https:\/\/schema.org\/ImageObject\"  ><div class='avia-image-container-inner'><div class='avia-image-overlay-wrap'><img decoding=\"async\" class='wp-image-54685 avia-img-lazy-loading-not-54685 avia_image' src=\"https:\/\/radiorevelacionfm.cl\/wp-content\/uploads\/2025\/06\/whatsapp-image-2025-06-01-at-16_optimized.15.00-1-1.jpeg\" alt='' title='whatsapp-image-2025-06-01-at-16_optimized.15.00-(1)-(1)' height=\"600\" width=\"1099\"  itemprop=\"thumbnailUrl\" srcset=\"https:\/\/radiorevelacionfm.cl\/wp-content\/uploads\/2025\/06\/whatsapp-image-2025-06-01-at-16_optimized.15.00-1-1.jpeg 1099w, https:\/\/radiorevelacionfm.cl\/wp-content\/uploads\/2025\/06\/whatsapp-image-2025-06-01-at-16_optimized.15.00-1-1-300x164.jpeg 300w, https:\/\/radiorevelacionfm.cl\/wp-content\/uploads\/2025\/06\/whatsapp-image-2025-06-01-at-16_optimized.15.00-1-1-1030x562.jpeg 1030w, https:\/\/radiorevelacionfm.cl\/wp-content\/uploads\/2025\/06\/whatsapp-image-2025-06-01-at-16_optimized.15.00-1-1-768x419.jpeg 768w, https:\/\/radiorevelacionfm.cl\/wp-content\/uploads\/2025\/06\/whatsapp-image-2025-06-01-at-16_optimized.15.00-1-1-705x385.jpeg 705w, https:\/\/radiorevelacionfm.cl\/wp-content\/uploads\/2025\/06\/whatsapp-image-2025-06-01-at-16_optimized.15.00-1-1-450x246.jpeg 450w, https:\/\/radiorevelacionfm.cl\/wp-content\/uploads\/2025\/06\/whatsapp-image-2025-06-01-at-16_optimized.15.00-1-1-600x328.jpeg 600w\" sizes=\"(max-width: 1099px) 100vw, 1099px\" \/><\/div><\/div><\/div><\/div><div class=\"flex_column av_one_full  flex_column_div av-zero-column-padding first  avia-builder-el-2  el_after_av_one_full  el_before_av_one_full  column-top-margin\" style='border-radius:0px; '><section class=\"av_textblock_section \"  itemscope=\"itemscope\" itemtype=\"https:\/\/schema.org\/BlogPosting\" itemprop=\"blogPost\" ><div class='avia_textblock  '   itemprop=\"text\" ><h2 class=\"title\" style=\"text-align: center;\"><span style=\"font-size: 18pt;\"><b>Delegado Presidencial Regional destac\u00f3 el valor de los acuerdos amplios en beneficio de todo el pa\u00eds<\/b><\/span><\/h2>\n<div id=\"gtx-trans\" style=\"position: absolute; left: -50px; top: 4.31534px;\">\n<div class=\"gtx-trans-icon\"><\/div>\n<\/div>\n<\/div><\/section><\/div><div class=\"flex_column av_one_full  flex_column_div av-zero-column-padding first  avia-builder-el-4  el_after_av_one_full  el_before_av_hr  column-top-margin\" style='border-radius:0px; '><section class=\"av_textblock_section \"  itemscope=\"itemscope\" itemtype=\"https:\/\/schema.org\/BlogPosting\" itemprop=\"blogPost\" ><div class='avia_textblock  '   itemprop=\"text\" ><p style=\"font-weight: 400; text-align: justify;\">El valor del logro de acuerdos amplios, para avanzar en seguridad p\u00fablica, seguridad econ\u00f3mica y seguridad social a nivel nacional y regional, destac\u00f3 el Delegado Presidencial Regional de Ays\u00e9n, Jorge D\u00edaz Guzm\u00e1n, tras la Cuenta P\u00fablica 2025 del Presidente de la Rep\u00fablica, Gabriel Boric Font, en el Sal\u00f3n de Honor del Congreso Nacional.<\/p>\n<p style=\"font-weight: 400; text-align: justify;\">\u201cYo me quedo con la reflexi\u00f3n pol\u00edtica que hace el Presidente, respecto del per\u00edodo que a \u00e9l le ha tocado gobernar y c\u00f3mo, con altura de miras, hace una reflexi\u00f3n de nuestra situaci\u00f3n pol\u00edtica y econ\u00f3mica del pa\u00eds, y c\u00f3mo se hace cargo de aquellos problemas que nos afligen como sociedad, pero tambi\u00e9n releva lo que hemos logrado como Estado, m\u00e1s que como gobierno, y \u00e9l lo dice enf\u00e1ticamente. Lo que hace el Presidente de la Rep\u00fablica en su cuenta, es reflexionar en torno al hecho de que cuando nos ponemos de acuerdo, podemos lograr avances que favorecen a todas las chilenas y chilenos de nuestros pa\u00eds y, por supuesto, a nosotros nos interesa c\u00f3mo eso repercute en la Regi\u00f3n de Ays\u00e9n\u201d, indic\u00f3 Jorge D\u00edaz Guzm\u00e1n tras seguir el mensaje del primer mandatario junto al Gabinete Regional.<\/p>\n<p style=\"font-weight: 400; text-align: justify;\">Por su parte, la seremi de Gobierno, \u00darsula Mix, destac\u00f3 los avances en salud p\u00fablica, entre ellos, \u201cel Hospital de Chile Chico, adem\u00e1s de la disminuci\u00f3n de las listas de espera, que tambi\u00e9n ha sido un gran avance de este gobierno, tambi\u00e9n la Pol\u00edtica de Zonas Extremas nos beneficia particularmente, al tratarse de una pol\u00edtica que tiene criterios con respecto a la realidad de nuestra regi\u00f3n.<\/p>\n<p style=\"font-weight: 400; text-align: justify;\">\u201cAdem\u00e1s \u2013acot\u00f3-, la Pol\u00edtica de Cuidados, en el marco de la cual se inaugur\u00f3 el Centro de Cuidados de la regi\u00f3n, como tambi\u00e9n vemos grandes avances en materia laboral, con el aumento del sueldo m\u00ednimo, la reforma de pensiones y 40 horas\u201d.<\/p>\n<p style=\"font-weight: 400; text-align: justify;\">Justamente en materia laboral, el Presidente de la Rep\u00fablica, Gabriel Boric, anunci\u00f3 en la Cuenta P\u00fablica 2025 el ingreso del proyecto de ley que unificar\u00e1 y optimizar\u00e1 los actuales subsidios al empleo, para incentivar la contrataci\u00f3n de las mujeres y los j\u00f3venes.<\/p>\n<p style=\"font-weight: 400; text-align: justify;\">Por otra parte, el mandatario destac\u00f3 los significativos avances del Plan de Emergencia Habitacional, la creaci\u00f3n del Fondo de Garant\u00eda Estatal para el Cr\u00e9dito Hipotecario, la Ley de Subsidio al Dividendo y el Programa de Arriendo a Precio Justo.<\/p>\n<p style=\"font-weight: 400; text-align: justify;\">Todos los detalles de la Cuenta P\u00fablica 2025 del Presidente Gabriel Boric Font, se encuentran disponibles en el sitio web\u00a0<a href=\"http:\/\/cuentapublica2025.cl\/\" data-saferedirecturl=\"https:\/\/www.google.com\/url?q=http:\/\/cuentapublica2025.cl&amp;source=gmail&amp;ust=1748894996674000&amp;usg=AOvVaw1KnOupcQp6QLq-Yxjdm5px\">http:\/\/cuentapublica2025.cl<\/a>.<\/p>\n<\/div><\/section><\/div><div  style='height:50px' class='hr hr-invisible   avia-builder-el-6  el_after_av_one_full  el_before_av_social_share '><span class='hr-inner ' ><span class='hr-inner-style'><\/span><\/span><\/div><\/p>\n<div  class='av-social-sharing-box  avia-builder-el-7  el_after_av_hr  el_before_av_hr  '><div class='av-share-box'><h5 class='av-share-link-description av-no-toc '>Compartir esta noticia<\/h5><ul class='av-share-box-list noLightbox'><li class='av-share-link av-social-link-facebook' ><a target=\"_blank\" aria-label=\"Compartir en Facebook\" href='https:\/\/www.facebook.com\/sharer.php?u=https:\/\/radiorevelacionfm.cl\/?p=54683&#038;t=Delegado%20Presidencial%20Regional%20destac%C3%B3%20el%20valor%20de%20los%20acuerdos%20amplios%20en%20beneficio%20de%20todo%20el%20pa%C3%ADs' aria-hidden='false' data-av_icon='\ue8f3' data-av_iconfont='entypo-fontello' title='' data-avia-related-tooltip='Compartir en Facebook' rel=\"noopener\"><span class='avia_hidden_link_text'>Compartir en Facebook<\/span><\/a><\/li><li class='av-share-link av-social-link-twitter' ><a target=\"_blank\" aria-label=\"Compartir en Twitter\" href='https:\/\/twitter.com\/share?text=Delegado%20Presidencial%20Regional%20destac%C3%B3%20el%20valor%20de%20los%20acuerdos%20amplios%20en%20beneficio%20de%20todo%20el%20pa%C3%ADs&#038;url=https:\/\/radiorevelacionfm.cl\/?p=54683' aria-hidden='false' data-av_icon='\ue8f1' data-av_iconfont='entypo-fontello' title='' data-avia-related-tooltip='Compartir en Twitter' rel=\"noopener\"><span class='avia_hidden_link_text'>Compartir en Twitter<\/span><\/a><\/li><li class='av-share-link av-social-link-whatsapp' ><a target=\"_blank\" aria-label=\"Compartir en Whatsapp\" href='https:\/\/api.whatsapp.com\/send?text=https:\/\/radiorevelacionfm.cl\/?p=54683' aria-hidden='false' data-av_icon='\uf232' data-av_iconfont='entypo-fontello' title='' data-avia-related-tooltip='Compartir en Whatsapp' rel=\"noopener\"><span class='avia_hidden_link_text'>Compartir en Whatsapp<\/span><\/a><\/li><li class='av-share-link av-social-link-linkedin' ><a target=\"_blank\" aria-label=\"Compartir en LinkedIn\" href='https:\/\/linkedin.com\/shareArticle?mini=true&#038;title=Delegado%20Presidencial%20Regional%20destac%C3%B3%20el%20valor%20de%20los%20acuerdos%20amplios%20en%20beneficio%20de%20todo%20el%20pa%C3%ADs&#038;url=https:\/\/radiorevelacionfm.cl\/?p=54683' aria-hidden='false' data-av_icon='\ue8fc' data-av_iconfont='entypo-fontello' title='' data-avia-related-tooltip='Compartir en LinkedIn' rel=\"noopener\"><span class='avia_hidden_link_text'>Compartir en LinkedIn<\/span><\/a><\/li><li class='av-share-link av-social-link-mail' ><a  aria-label=\"Compartir por correo\" href='mailto:?subject=Delegado%20Presidencial%20Regional%20destac%C3%B3%20el%20valor%20de%20los%20acuerdos%20amplios%20en%20beneficio%20de%20todo%20el%20pa%C3%ADs&#038;body=https:\/\/radiorevelacionfm.cl\/?p=54683' aria-hidden='false' data-av_icon='\ue805' data-av_iconfont='entypo-fontello' title='' data-avia-related-tooltip='Compartir por correo'><span class='avia_hidden_link_text'>Compartir por correo<\/span><\/a><\/li><\/ul><\/div><\/div>\n<div  style='height:50px' class='hr hr-invisible   avia-builder-el-8  el_after_av_social_share  el_before_av_comments_list '><span class='hr-inner ' ><span class='hr-inner-style'><\/span><\/span><\/div>\n<div  class='av-buildercomment  av-blog-meta-html-info-disabled av-blog-meta-tag-disabled  '><\/div>\n","protected":false},"excerpt":{"rendered":"","protected":false},"author":1,"featured_media":54685,"comment_status":"closed","ping_status":"closed","sticky":false,"template":"","format":"standard","meta":{"footnotes":""},"categories":[35],"tags":[],"class_list":["post-54683","post","type-post","status-publish","format-standard","has-post-thumbnail","hentry","category-politica"],"jetpack_featured_media_url":"https:\/\/radiorevelacionfm.cl\/wp-content\/uploads\/2025\/06\/whatsapp-image-2025-06-01-at-16_optimized.15.00-1-1.jpeg","_links":{"self":[{"href":"https:\/\/radiorevelacionfm.cl\/index.php?rest_route=\/wp\/v2\/posts\/54683","targetHints":{"allow":["GET"]}}],"collection":[{"href":"https:\/\/radiorevelacionfm.cl\/index.php?rest_route=\/wp\/v2\/posts"}],"about":[{"href":"https:\/\/radiorevelacionfm.cl\/index.php?rest_route=\/wp\/v2\/types\/post"}],"author":[{"embeddable":true,"href":"https:\/\/radiorevelacionfm.cl\/index.php?rest_route=\/wp\/v2\/users\/1"}],"replies":[{"embeddable":true,"href":"https:\/\/radiorevelacionfm.cl\/index.php?rest_route=%2Fwp%2Fv2%2Fcomments&post=54683"}],"version-history":[{"count":2,"href":"https:\/\/radiorevelacionfm.cl\/index.php?rest_route=\/wp\/v2\/posts\/54683\/revisions"}],"predecessor-version":[{"id":54690,"href":"https:\/\/radiorevelacionfm.cl\/index.php?rest_route=\/wp\/v2\/posts\/54683\/revisions\/54690"}],"wp:featuredmedia":[{"embeddable":true,"href":"https:\/\/radiorevelacionfm.cl\/index.php?rest_route=\/wp\/v2\/media\/54685"}],"wp:attachment":[{"href":"https:\/\/radiorevelacionfm.cl\/index.php?rest_route=%2Fwp%2Fv2%2Fmedia&parent=54683"}],"wp:term":[{"taxonomy":"category","embeddable":true,"href":"https:\/\/radiorevelacionfm.cl\/index.php?rest_route=%2Fwp%2Fv2%2Fcategories&post=54683"},{"taxonomy":"post_tag","embeddable":true,"href":"https:\/\/radiorevelacionfm.cl\/index.php?rest_route=%2Fwp%2Fv2%2Ftags&post=54683"}],"curies":[{"name":"wp","href":"https:\/\/api.w.org\/{rel}","templated":true}]}}