{"id":54680,"date":"2025-06-07T12:05:05","date_gmt":"2025-06-07T15:05:05","guid":{"rendered":"https:\/\/radiorevelacionfm.cl\/?p=54680"},"modified":"2025-06-07T12:05:05","modified_gmt":"2025-06-07T15:05:05","slug":"diego-cupitty-arte-ciencia-y-naturaleza-para-transformar-los-muros-de-aysen","status":"publish","type":"post","link":"https:\/\/radiorevelacionfm.cl\/?p=54680","title":{"rendered":"Diego Cupitty: arte, ciencia y naturaleza para transformar los muros de Ays\u00e9n"},"content":{"rendered":"<div class=\"flex_column av_one_full  flex_column_div av-zero-column-padding first  avia-builder-el-0  el_before_av_one_full  avia-builder-el-first  \" style='border-radius:0px; '><div  class='avia-image-container  av-styling-    avia-builder-el-1  avia-builder-el-no-sibling  avia-align-center '  itemprop=\"image\" itemscope=\"itemscope\" itemtype=\"https:\/\/schema.org\/ImageObject\"  ><div class='avia-image-container-inner'><div class='avia-image-overlay-wrap'><img decoding=\"async\" class='wp-image-54681 avia-img-lazy-loading-not-54681 avia_image' src=\"https:\/\/radiorevelacionfm.cl\/wp-content\/uploads\/2025\/06\/FOTO-3-65-1-1.jpg\" alt='' title='FOTO 3 (65) (1) (1)' height=\"600\" width=\"1065\"  itemprop=\"thumbnailUrl\" srcset=\"https:\/\/radiorevelacionfm.cl\/wp-content\/uploads\/2025\/06\/FOTO-3-65-1-1.jpg 1065w, https:\/\/radiorevelacionfm.cl\/wp-content\/uploads\/2025\/06\/FOTO-3-65-1-1-300x169.jpg 300w, https:\/\/radiorevelacionfm.cl\/wp-content\/uploads\/2025\/06\/FOTO-3-65-1-1-1030x580.jpg 1030w, https:\/\/radiorevelacionfm.cl\/wp-content\/uploads\/2025\/06\/FOTO-3-65-1-1-768x433.jpg 768w, https:\/\/radiorevelacionfm.cl\/wp-content\/uploads\/2025\/06\/FOTO-3-65-1-1-705x397.jpg 705w, https:\/\/radiorevelacionfm.cl\/wp-content\/uploads\/2025\/06\/FOTO-3-65-1-1-450x254.jpg 450w, https:\/\/radiorevelacionfm.cl\/wp-content\/uploads\/2025\/06\/FOTO-3-65-1-1-600x338.jpg 600w\" sizes=\"(max-width: 1065px) 100vw, 1065px\" \/><\/div><\/div><\/div><\/div><div class=\"flex_column av_one_full  flex_column_div av-zero-column-padding first  avia-builder-el-2  el_after_av_one_full  el_before_av_one_full  column-top-margin\" style='border-radius:0px; '><section class=\"av_textblock_section \"  itemscope=\"itemscope\" itemtype=\"https:\/\/schema.org\/BlogPosting\" itemprop=\"blogPost\" ><div class='avia_textblock  '   itemprop=\"text\" ><p style=\"text-align: center;\"><span style=\"font-size: 18pt;\"><strong>Diego Cupitty: arte, ciencia y naturaleza para transformar los muros de Ays\u00e9n<\/strong><\/span><\/p>\n<div id=\"gtx-trans\" style=\"position: absolute; left: -50px; top: 4.31534px;\">\n<div class=\"gtx-trans-icon\"><\/div>\n<\/div>\n<\/div><\/section><\/div><div class=\"flex_column av_one_full  flex_column_div av-zero-column-padding first  avia-builder-el-4  el_after_av_one_full  el_before_av_hr  column-top-margin\" style='border-radius:0px; '><section class=\"av_textblock_section \"  itemscope=\"itemscope\" itemtype=\"https:\/\/schema.org\/BlogPosting\" itemprop=\"blogPost\" ><div class='avia_textblock  '   itemprop=\"text\" ><p style=\"text-align: justify;\"><em>Ge\u00f3logo y muralista, este joven busca integrar el arte con las ciencias de la tierra para promover la conciencia ambiental, la identidad territorial y el amor por la naturaleza en la regi\u00f3n de Ays\u00e9n<\/em>.<\/p>\n<p style=\"text-align: justify;\">Con una mirada puesta en el paisaje y la cultura local, Diego Cupitty, joven ge\u00f3logo y muralista, ha emprendido una cruzada creativa para transformar las localidades de la regi\u00f3n de Ays\u00e9n en verdaderos espacios de belleza y reflexi\u00f3n. Su objetivo es claro: ser un aporte significativo para la comunidad, uniendo el arte, la ciencia y el entorno natural en proyectos que inspiren a valorar el territorio y su historia.<\/p>\n<p style=\"text-align: justify;\">\u201cLa idea es reconectar a las y los ayseninos con su patrimonio, con ese paisaje que a veces damos por sentado, pero que tiene un valor enorme desde lo cultural, cient\u00edfico y emocional\u201d, se\u00f1ala Diego, convencido de que el muralismo es una poderosa herramienta de comunicaci\u00f3n colectiva.<\/p>\n<p style=\"text-align: justify;\"><strong>El arte como camino y lenguaje<\/strong><\/p>\n<p style=\"text-align: justify;\">Desde muy joven, el arte ha sido una constante en la vida de Diego. \u201cCrec\u00ed como muchos j\u00f3venes de los a\u00f1os 90, influenciado por estilos de todo el mundo, desde animaci\u00f3n japonesa hasta ilustraci\u00f3n de comic europea. Ah\u00ed me atrap\u00f3 el arte, y no me ha soltado hasta hoy\u201d, cuenta.<\/p>\n<p style=\"text-align: justify;\">A lo largo de los a\u00f1os, ha profundizado su formaci\u00f3n en cursos y academias que le han permitido comprender que un mural es mucho m\u00e1s que una expresi\u00f3n est\u00e9tica. \u201cEs una pieza de significancia cultural, un relato colectivo. No me puedo atribuir el mensaje, porque yo solo canalizo lo que la comunidad quiere transmitir. Si el mural no representa a quienes habitan ese espacio, pierde su poder comunicacional\u201d, reflexiona.<\/p>\n<p style=\"text-align: justify;\">Para Diego, el muralismo es la forma m\u00e1s sincera de entregar arte con sentido, de comunicar historias y visiones compartidas. \u201cLa pintura es m\u00eda y se la doy al mundo con mi intenci\u00f3n al crearla, pero el mural tiene que ser de todos\u201d, afirma con convicci\u00f3n.<\/p>\n<p style=\"text-align: justify;\"><strong>Ciencia y creatividad: una fusi\u00f3n natural<\/strong><\/p>\n<p style=\"text-align: justify;\">Su formaci\u00f3n como ge\u00f3logo le ha abierto nuevas perspectivas para fusionar conocimiento cient\u00edfico con sensibilidad art\u00edstica. \u201cEstoy buscando integrar el arte con las geociencias. Me interesa mucho poder entregar naturaleza a trav\u00e9s del muralismo, invitar a la comunidad a reencontrarse con su curiosidad, con el asombro por el entorno natural, que a veces se pierde entre tanto artefacto digital\u201d, se\u00f1ala.<\/p>\n<p style=\"text-align: justify;\">Diego ya cuenta con una trayectoria en la ilustraci\u00f3n cient\u00edfica, habiendo participado recientemente en un libro sobre la geolog\u00eda de la Isla de Pascua, una experiencia que describe como \u201cun viaje por la historia de la isla\u201d y un trabajo profundamente enriquecedor.<\/p>\n<p style=\"text-align: justify;\">Actualmente comparte su trabajo en redes sociales y en su sitio web, donde expone tanto sus ilustraciones cient\u00edficas como sus obras murales. En Instagram, se le puede encontrar como @cupitty.silvestre, donde comienza a construir una comunidad interesada en arte, naturaleza y divulgaci\u00f3n. Mientras que en su p\u00e1gina web https:\/\/www.cupittyconsultor.com\/ pueden encontrar su trabajo como ge\u00f3logo e ilustrador cient\u00edfico.<\/p>\n<p style=\"text-align: justify;\"><strong>Un llamado abierto a crear comunidad<\/strong><\/p>\n<p style=\"text-align: justify;\">Con entusiasmo y disposici\u00f3n, Diego hace un llamado a colaborar con todas aquellas personas e instituciones que quieran promover el amor por la naturaleza, el arte y la ciencia. \u201cEstoy feliz de poder contribuir en cualquier proyecto que busque difundir estos valores. Hay tanto por hacer en Ays\u00e9n y creo firmemente en el poder de lo colectivo para construir algo hermoso y con sentido\u201d.<\/p>\n<p style=\"text-align: justify;\">En tiempos donde el entorno natural se enfrenta a m\u00faltiples amenazas y la desconexi\u00f3n con el territorio crece, iniciativas como la de Diego Cuppity nos recuerdan que el arte puede ser un puente hacia la conciencia, la memoria y la acci\u00f3n.<\/p>\n<\/div><\/section><\/div><div  style='height:50px' class='hr hr-invisible   avia-builder-el-6  el_after_av_one_full  el_before_av_social_share '><span class='hr-inner ' ><span class='hr-inner-style'><\/span><\/span><\/div><\/p>\n<div  class='av-social-sharing-box  avia-builder-el-7  el_after_av_hr  el_before_av_hr  '><div class='av-share-box'><h5 class='av-share-link-description av-no-toc '>Compartir esta noticia<\/h5><ul class='av-share-box-list noLightbox'><li class='av-share-link av-social-link-facebook' ><a target=\"_blank\" aria-label=\"Compartir en Facebook\" href='https:\/\/www.facebook.com\/sharer.php?u=https:\/\/radiorevelacionfm.cl\/?p=54680&#038;t=Diego%20Cupitty%3A%20arte%2C%20ciencia%20y%20naturaleza%20para%20transformar%20los%20muros%20de%20Ays%C3%A9n' aria-hidden='false' data-av_icon='\ue8f3' data-av_iconfont='entypo-fontello' title='' data-avia-related-tooltip='Compartir en Facebook' rel=\"noopener\"><span class='avia_hidden_link_text'>Compartir en Facebook<\/span><\/a><\/li><li class='av-share-link av-social-link-twitter' ><a target=\"_blank\" aria-label=\"Compartir en Twitter\" href='https:\/\/twitter.com\/share?text=Diego%20Cupitty%3A%20arte%2C%20ciencia%20y%20naturaleza%20para%20transformar%20los%20muros%20de%20Ays%C3%A9n&#038;url=https:\/\/radiorevelacionfm.cl\/?p=54680' aria-hidden='false' data-av_icon='\ue8f1' data-av_iconfont='entypo-fontello' title='' data-avia-related-tooltip='Compartir en Twitter' rel=\"noopener\"><span class='avia_hidden_link_text'>Compartir en Twitter<\/span><\/a><\/li><li class='av-share-link av-social-link-whatsapp' ><a target=\"_blank\" aria-label=\"Compartir en Whatsapp\" href='https:\/\/api.whatsapp.com\/send?text=https:\/\/radiorevelacionfm.cl\/?p=54680' aria-hidden='false' data-av_icon='\uf232' data-av_iconfont='entypo-fontello' title='' data-avia-related-tooltip='Compartir en Whatsapp' rel=\"noopener\"><span class='avia_hidden_link_text'>Compartir en Whatsapp<\/span><\/a><\/li><li class='av-share-link av-social-link-linkedin' ><a target=\"_blank\" aria-label=\"Compartir en LinkedIn\" href='https:\/\/linkedin.com\/shareArticle?mini=true&#038;title=Diego%20Cupitty%3A%20arte%2C%20ciencia%20y%20naturaleza%20para%20transformar%20los%20muros%20de%20Ays%C3%A9n&#038;url=https:\/\/radiorevelacionfm.cl\/?p=54680' aria-hidden='false' data-av_icon='\ue8fc' data-av_iconfont='entypo-fontello' title='' data-avia-related-tooltip='Compartir en LinkedIn' rel=\"noopener\"><span class='avia_hidden_link_text'>Compartir en LinkedIn<\/span><\/a><\/li><li class='av-share-link av-social-link-mail' ><a  aria-label=\"Compartir por correo\" href='mailto:?subject=Diego%20Cupitty%3A%20arte%2C%20ciencia%20y%20naturaleza%20para%20transformar%20los%20muros%20de%20Ays%C3%A9n&#038;body=https:\/\/radiorevelacionfm.cl\/?p=54680' aria-hidden='false' data-av_icon='\ue805' data-av_iconfont='entypo-fontello' title='' data-avia-related-tooltip='Compartir por correo'><span class='avia_hidden_link_text'>Compartir por correo<\/span><\/a><\/li><\/ul><\/div><\/div>\n<div  style='height:50px' class='hr hr-invisible   avia-builder-el-8  el_after_av_social_share  el_before_av_comments_list '><span class='hr-inner ' ><span class='hr-inner-style'><\/span><\/span><\/div>\n<div  class='av-buildercomment  av-blog-meta-html-info-disabled av-blog-meta-tag-disabled  '><\/div>\n","protected":false},"excerpt":{"rendered":"","protected":false},"author":1,"featured_media":54681,"comment_status":"closed","ping_status":"closed","sticky":false,"template":"","format":"standard","meta":{"footnotes":""},"categories":[52],"tags":[],"class_list":["post-54680","post","type-post","status-publish","format-standard","has-post-thumbnail","hentry","category-cultura"],"jetpack_featured_media_url":"https:\/\/radiorevelacionfm.cl\/wp-content\/uploads\/2025\/06\/FOTO-3-65-1-1.jpg","_links":{"self":[{"href":"https:\/\/radiorevelacionfm.cl\/index.php?rest_route=\/wp\/v2\/posts\/54680","targetHints":{"allow":["GET"]}}],"collection":[{"href":"https:\/\/radiorevelacionfm.cl\/index.php?rest_route=\/wp\/v2\/posts"}],"about":[{"href":"https:\/\/radiorevelacionfm.cl\/index.php?rest_route=\/wp\/v2\/types\/post"}],"author":[{"embeddable":true,"href":"https:\/\/radiorevelacionfm.cl\/index.php?rest_route=\/wp\/v2\/users\/1"}],"replies":[{"embeddable":true,"href":"https:\/\/radiorevelacionfm.cl\/index.php?rest_route=%2Fwp%2Fv2%2Fcomments&post=54680"}],"version-history":[{"count":2,"href":"https:\/\/radiorevelacionfm.cl\/index.php?rest_route=\/wp\/v2\/posts\/54680\/revisions"}],"predecessor-version":[{"id":54966,"href":"https:\/\/radiorevelacionfm.cl\/index.php?rest_route=\/wp\/v2\/posts\/54680\/revisions\/54966"}],"wp:featuredmedia":[{"embeddable":true,"href":"https:\/\/radiorevelacionfm.cl\/index.php?rest_route=\/wp\/v2\/media\/54681"}],"wp:attachment":[{"href":"https:\/\/radiorevelacionfm.cl\/index.php?rest_route=%2Fwp%2Fv2%2Fmedia&parent=54680"}],"wp:term":[{"taxonomy":"category","embeddable":true,"href":"https:\/\/radiorevelacionfm.cl\/index.php?rest_route=%2Fwp%2Fv2%2Fcategories&post=54680"},{"taxonomy":"post_tag","embeddable":true,"href":"https:\/\/radiorevelacionfm.cl\/index.php?rest_route=%2Fwp%2Fv2%2Ftags&post=54680"}],"curies":[{"name":"wp","href":"https:\/\/api.w.org\/{rel}","templated":true}]}}