{"id":54676,"date":"2025-06-01T19:43:19","date_gmt":"2025-06-01T22:43:19","guid":{"rendered":"https:\/\/radiorevelacionfm.cl\/?p=54676"},"modified":"2025-06-01T19:43:19","modified_gmt":"2025-06-01T22:43:19","slug":"aprueban-mas-de-20-mil-millones-para-la-concrecion-de-tres-importantes-iniciativas-en-la-comuna-de-aysen","status":"publish","type":"post","link":"https:\/\/radiorevelacionfm.cl\/?p=54676","title":{"rendered":"Aprueban m\u00e1s de $20 mil millones para la concreci\u00f3n de tres importantes iniciativas en la comuna de Ays\u00e9n"},"content":{"rendered":"<div class=\"flex_column av_one_full  flex_column_div av-zero-column-padding first  avia-builder-el-0  el_before_av_one_full  avia-builder-el-first  \" style='border-radius:0px; '><div  class='avia-image-container  av-styling-    avia-builder-el-1  avia-builder-el-no-sibling  avia-align-center '  itemprop=\"image\" itemscope=\"itemscope\" itemtype=\"https:\/\/schema.org\/ImageObject\"  ><div class='avia-image-container-inner'><div class='avia-image-overlay-wrap'><img decoding=\"async\" class='wp-image-54677 avia-img-lazy-loading-not-54677 avia_image' src=\"https:\/\/radiorevelacionfm.cl\/wp-content\/uploads\/2025\/06\/COM5854-1-1.jpg\" alt='' title='_COM5854 (1) (1)' height=\"600\" width=\"898\"  itemprop=\"thumbnailUrl\" srcset=\"https:\/\/radiorevelacionfm.cl\/wp-content\/uploads\/2025\/06\/COM5854-1-1.jpg 898w, https:\/\/radiorevelacionfm.cl\/wp-content\/uploads\/2025\/06\/COM5854-1-1-300x200.jpg 300w, https:\/\/radiorevelacionfm.cl\/wp-content\/uploads\/2025\/06\/COM5854-1-1-768x513.jpg 768w, https:\/\/radiorevelacionfm.cl\/wp-content\/uploads\/2025\/06\/COM5854-1-1-705x471.jpg 705w, https:\/\/radiorevelacionfm.cl\/wp-content\/uploads\/2025\/06\/COM5854-1-1-450x301.jpg 450w, https:\/\/radiorevelacionfm.cl\/wp-content\/uploads\/2025\/06\/COM5854-1-1-600x401.jpg 600w\" sizes=\"(max-width: 898px) 100vw, 898px\" \/><\/div><\/div><\/div><\/div><div class=\"flex_column av_one_full  flex_column_div av-zero-column-padding first  avia-builder-el-2  el_after_av_one_full  el_before_av_one_full  column-top-margin\" style='border-radius:0px; '><section class=\"av_textblock_section \"  itemscope=\"itemscope\" itemtype=\"https:\/\/schema.org\/BlogPosting\" itemprop=\"blogPost\" ><div class='avia_textblock  '   itemprop=\"text\" ><p style=\"text-align: center;\"><span style=\"font-size: 18pt;\"><strong>Aprueban m\u00e1s de $20 mil millones para la concreci\u00f3n de tres importantes iniciativas en la comuna de Ays\u00e9n<\/strong><\/span><\/p>\n<div id=\"gtx-trans\" style=\"position: absolute; left: -50px; top: 4.31534px;\">\n<div class=\"gtx-trans-icon\"><\/div>\n<\/div>\n<\/div><\/section><\/div><div class=\"flex_column av_one_full  flex_column_div av-zero-column-padding first  avia-builder-el-4  el_after_av_one_full  el_before_av_hr  column-top-margin\" style='border-radius:0px; '><section class=\"av_textblock_section \"  itemscope=\"itemscope\" itemtype=\"https:\/\/schema.org\/BlogPosting\" itemprop=\"blogPost\" ><div class='avia_textblock  '   itemprop=\"text\" ><p style=\"text-align: justify;\"><em>Se trata de la reposici\u00f3n de dos edificios emblem\u00e1ticos, como son la escuela Despertar, y el cuartel de la Tercera Compa\u00f1\u00eda de Bomberos. Adem\u00e1s de la construcci\u00f3n del primer terminal de buses para Puerto Ays\u00e9n.<\/em><\/p>\n<p style=\"text-align: justify;\">M\u00e1s de 20 mil millones de pesos que ser\u00e1n dispuestos en la concreci\u00f3n de tres nuevas iniciativas, cuya inversi\u00f3n tendr\u00e1 lugar en la comuna de Ays\u00e9n. Ello, luego de que este viernes, fuesen aprobadas por unanimidad por parte de los consejeros regionales, tras su exposici\u00f3n en el plenario del Gobierno Regional de Ays\u00e9n.<\/p>\n<p style=\"text-align: justify;\">En el caso espec\u00edfico de la reposici\u00f3n de la escuela Despertar significa un hito tremendamente relevante, no s\u00f3lo para la comunidad escolar, sino para toda la ciudadan\u00eda quienes desde un inicio han apoyado esta iniciativa la cual, tras a\u00f1os de espera, fue ingresada al Sistema Nacional de Inversiones por el Servicio Local de Educaci\u00f3n P\u00fablica (SLEP) durante el mes de marzo, obteniendo la Recomendaci\u00f3n Social (RS) en los \u00faltimos d\u00edas, que le vali\u00f3 la instancia para presentarse ante el pleno, y solicitar un incremento presupuestario de M$4.983.644.-, para este proyecto que contempla 30 meses para su ejecuci\u00f3n, y que entre sus 2.740 m2, incorpora espacios pedag\u00f3gicos, talleres laborales, y otras dependencias claves para fortalecer el desarrollo integral de los estudiantes.<\/p>\n<p style=\"text-align: justify;\">Ram\u00f3n D\u00edaz, vocero de los padres y apoderados de la escuela Despertar, presente en la sala, expres\u00f3 su emoci\u00f3n y alegr\u00eda, indicando que la escuela Despertar ha marcado un antes y un despu\u00e9s en la educaci\u00f3n en Ays\u00e9n, y que \u201cla casa nueva implica que nuestros hijos son m\u00e1s que s\u00f3lo ni\u00f1os con condiciones especiales. Esta nueva infraestructura da cuenta de nuestra lucha, y permitir\u00e1 contar con un espacio digno y apropiado en que nuestros hijos se desarrollen, para que el d\u00eda de ma\u00f1ana se conviertan en mejores personas\u201d.<\/p>\n<p style=\"text-align: justify;\">Esta obra apuesta por la reposici\u00f3n total del establecimiento, con una inversi\u00f3n total cercana a los M$12.600.000.- en un financiamiento para las obras civiles, consultor\u00edas, equipamiento, gastos administrativos y la log\u00edstica del plan de contingencia, que considera la habilitaci\u00f3n de las instalaciones de la ex Direcci\u00f3n de Educaci\u00f3n Municipal de Puerto Ays\u00e9n, ubicadas junto a la actual escuela, como espacio provisorio para su funcionamiento.<\/p>\n<p style=\"text-align: justify;\"><strong>CUARTEL TERCERA COMPA\u00d1\u00cdA DE BOMBEROS<\/strong><\/p>\n<p style=\"text-align: justify;\">Respecto a la reposici\u00f3n del cuartel de la tercera compa\u00f1\u00eda de Bomberos de Puerto Ays\u00e9n, tras ser aprobada el d\u00eda mi\u00e9rcoles en la Comisi\u00f3n de Seguridad P\u00fablica y Emergencias del Gobierno Regional de Ays\u00e9n, fue aprobada un\u00e1nimemente este viernes, por un monto correspondiente a los M$1.957.928.-<\/p>\n<p style=\"text-align: justify;\">Un sentido anhelo por parte de esta instituci\u00f3n, que fue relevado por el director de la compa\u00f1\u00eda, Francisco Peldoza, junto al director de Brigada, H\u00e9ctor Venegas, y voluntarios y voluntarias presentes, los que agradecieron la votaci\u00f3n que permitir\u00e1 renovar el edificio de 325 m2, que ha albergado por m\u00e1s de 70 a\u00f1os en calle Sargento Aldea a los integrantes de este cuartel y que, dada estas m\u00e1s de siete d\u00e9cadas de existencia, ha dejado de manifiesto su d\u00e9ficit estructural y funcional. La nueva infraestructura tendr\u00e1 una superficie total de 451,37 m2; y entre sus caracter\u00edsticas, contar\u00e1 con dos pisos, salas de m\u00e1quina, oficina de guardia, y capacidad para la totalidad de sus veh\u00edculos de emergencia, cumpliendo la normativa vigente y siendo un remozado espacio para sus 37 voluntarios y voluntarias, 14 cadetes y 6 aspirantes.<\/p>\n<p style=\"text-align: justify;\">Junto con agradecer al Consejo Regional y su presidente, el superintendente del cuerpo de bomberos de Ays\u00e9n, Arturo Loaiza, se\u00f1al\u00f3 que \u201ces emocionante cuando uno es hijo de Bomberos, como superintendente y tercerino, puedo decir que es un sue\u00f1o que muchas veces, en m\u00e1s de alguna ocasi\u00f3n, convers\u00e1bamos cu\u00e1ndo ser\u00e1 el d\u00eda en que ese sue\u00f1o se haga realidad, y hoy es el d\u00eda. Ese orgullo, esa felicidad que siente mi coraz\u00f3n, yo s\u00e9 que lo sienten todos los bomberos, no s\u00f3lo del cuerpo de bomberos de Puerto Ays\u00e9n, sino de la regi\u00f3n y del pa\u00eds\u201d.<\/p>\n<p style=\"text-align: justify;\"><strong>TERMINAL DE BUSES<\/strong><\/p>\n<p style=\"text-align: justify;\">La construcci\u00f3n del terminal de buses en Puerto Ays\u00e9n contempla una inversi\u00f3n total de M$ 6.480.642, y es impulsado por el municipio aysenino a trav\u00e9s de sus direcciones Secretar\u00eda Comunal de Planificaci\u00f3n, y en sus inicios, Tr\u00e1nsito y Transporte P\u00fablico, con el apoyo de la SEREMI de la cartera de la \u00e9poca.<\/p>\n<p style=\"text-align: justify;\">La concreci\u00f3n de esta iniciativa vendr\u00e1 a dar soluci\u00f3n a una problem\u00e1tica palpable en la capital comunal, como son las deficientes condiciones de acceso al sistema de transporte p\u00fablico de pasajeros. Lo que se manifiesta en paradas informales para el embarque y desembarque de pasajeros, debido a la escasa infraestructura tanto para \u00e9stos como para operadores, lo que conlleva al desorden en el desplazamiento de los buses en diversos puntos de la ciudad. De esta manera, esta iniciativa -cuya ubicaci\u00f3n se proyecta en el kil\u00f3metro 3 de la ruta Ch-240, en un terreno de 7.700 m2 de propiedad de Bienes Nacionales, el cual est\u00e1 en concesi\u00f3n de la Ilustre Municipalidad de Ays\u00e9n-, apunta a responder todas estas necesidades, apostando principalmente a la mejora de la conectividad territorial, relevando, adem\u00e1s, la dinamizaci\u00f3n del comercio y turismo local. Una iniciativa que muchas administraciones quisieron hacer parte de su cartera de proyectos, sin embargo, hoy est\u00e1 m\u00e1s cerca de ser una realidad.<\/p>\n<p style=\"text-align: justify;\">Sobre la jornada, ampliamente relevante para la comuna aysenina, el gobernador regional, Marcelo Santana, refiri\u00f3 a la importancia que esto tendr\u00e1 en cuanto a la absorci\u00f3n de mano de obra. \u201cEsta cartera por 21 mil millones de pesos, impactar\u00e1 con mas de 800 empleos directos, y que tambi\u00e9n es parte de lo que le estamos proponiendo a la regi\u00f3n, reactivar la econom\u00eda, apurar las obras que son de impacto. Por eso, felicitamos a todos los involucrados, especialmente al municipio de Ays\u00e9n, que ha estado liderando estas importantes iniciativas y proyectos para su comunidad\u201d.<\/p>\n<p style=\"text-align: justify;\">Finalmente, el edil Luis Mart\u00ednez, manifest\u00f3 que \u201cno puedo dejar de expresar la felicidad que siento hoy de liderar este equipo municipal, de los profesionales, de los 350 funcionarios que deben estar contentos y la gente de la comuna de Ays\u00e9n, como no voy a estar feliz de ver las ganas con que nuestros consejeros votaban estos proyectos, con el gobernador, con el cual nos comprometimos en Ays\u00e9n a trabajar. Esto es virtuoso porque genera mano de la obra en la comuna y la regi\u00f3n. Sin lugar a dudas, vamos a volver a crecer, pero crecer equitativamente, en empleo, en progreso y tambi\u00e9n en el desarrollo social\u201d.<\/p>\n<\/div><\/section><\/div><div  style='height:50px' class='hr hr-invisible   avia-builder-el-6  el_after_av_one_full  el_before_av_social_share '><span class='hr-inner ' ><span class='hr-inner-style'><\/span><\/span><\/div><\/p>\n<div  class='av-social-sharing-box  avia-builder-el-7  el_after_av_hr  el_before_av_hr  '><div class='av-share-box'><h5 class='av-share-link-description av-no-toc '>Compartir esta noticia<\/h5><ul class='av-share-box-list noLightbox'><li class='av-share-link av-social-link-facebook' ><a target=\"_blank\" aria-label=\"Compartir en Facebook\" href='https:\/\/www.facebook.com\/sharer.php?u=https:\/\/radiorevelacionfm.cl\/?p=54676&#038;t=Aprueban%20m%C3%A1s%20de%20%2420%20mil%20millones%20para%20la%20concreci%C3%B3n%20de%20tres%20importantes%20iniciativas%20en%20la%20comuna%20de%20Ays%C3%A9n' aria-hidden='false' data-av_icon='\ue8f3' data-av_iconfont='entypo-fontello' title='' data-avia-related-tooltip='Compartir en Facebook' rel=\"noopener\"><span class='avia_hidden_link_text'>Compartir en Facebook<\/span><\/a><\/li><li class='av-share-link av-social-link-twitter' ><a target=\"_blank\" aria-label=\"Compartir en Twitter\" href='https:\/\/twitter.com\/share?text=Aprueban%20m%C3%A1s%20de%20%2420%20mil%20millones%20para%20la%20concreci%C3%B3n%20de%20tres%20importantes%20iniciativas%20en%20la%20comuna%20de%20Ays%C3%A9n&#038;url=https:\/\/radiorevelacionfm.cl\/?p=54676' aria-hidden='false' data-av_icon='\ue8f1' data-av_iconfont='entypo-fontello' title='' data-avia-related-tooltip='Compartir en Twitter' rel=\"noopener\"><span class='avia_hidden_link_text'>Compartir en Twitter<\/span><\/a><\/li><li class='av-share-link av-social-link-whatsapp' ><a target=\"_blank\" aria-label=\"Compartir en Whatsapp\" href='https:\/\/api.whatsapp.com\/send?text=https:\/\/radiorevelacionfm.cl\/?p=54676' aria-hidden='false' data-av_icon='\uf232' data-av_iconfont='entypo-fontello' title='' data-avia-related-tooltip='Compartir en Whatsapp' rel=\"noopener\"><span class='avia_hidden_link_text'>Compartir en Whatsapp<\/span><\/a><\/li><li class='av-share-link av-social-link-linkedin' ><a target=\"_blank\" aria-label=\"Compartir en LinkedIn\" href='https:\/\/linkedin.com\/shareArticle?mini=true&#038;title=Aprueban%20m%C3%A1s%20de%20%2420%20mil%20millones%20para%20la%20concreci%C3%B3n%20de%20tres%20importantes%20iniciativas%20en%20la%20comuna%20de%20Ays%C3%A9n&#038;url=https:\/\/radiorevelacionfm.cl\/?p=54676' aria-hidden='false' data-av_icon='\ue8fc' data-av_iconfont='entypo-fontello' title='' data-avia-related-tooltip='Compartir en LinkedIn' rel=\"noopener\"><span class='avia_hidden_link_text'>Compartir en LinkedIn<\/span><\/a><\/li><li class='av-share-link av-social-link-mail' ><a  aria-label=\"Compartir por correo\" href='mailto:?subject=Aprueban%20m%C3%A1s%20de%20%2420%20mil%20millones%20para%20la%20concreci%C3%B3n%20de%20tres%20importantes%20iniciativas%20en%20la%20comuna%20de%20Ays%C3%A9n&#038;body=https:\/\/radiorevelacionfm.cl\/?p=54676' aria-hidden='false' data-av_icon='\ue805' data-av_iconfont='entypo-fontello' title='' data-avia-related-tooltip='Compartir por correo'><span class='avia_hidden_link_text'>Compartir por correo<\/span><\/a><\/li><\/ul><\/div><\/div>\n<div  style='height:50px' class='hr hr-invisible   avia-builder-el-8  el_after_av_social_share  el_before_av_comments_list '><span class='hr-inner ' ><span class='hr-inner-style'><\/span><\/span><\/div>\n<div  class='av-buildercomment  av-blog-meta-html-info-disabled av-blog-meta-tag-disabled  '><\/div>\n","protected":false},"excerpt":{"rendered":"","protected":false},"author":1,"featured_media":54677,"comment_status":"closed","ping_status":"closed","sticky":false,"template":"","format":"standard","meta":{"footnotes":""},"categories":[38],"tags":[],"class_list":["post-54676","post","type-post","status-publish","format-standard","has-post-thumbnail","hentry","category-regional"],"jetpack_featured_media_url":"https:\/\/radiorevelacionfm.cl\/wp-content\/uploads\/2025\/06\/COM5854-1-1.jpg","_links":{"self":[{"href":"https:\/\/radiorevelacionfm.cl\/index.php?rest_route=\/wp\/v2\/posts\/54676","targetHints":{"allow":["GET"]}}],"collection":[{"href":"https:\/\/radiorevelacionfm.cl\/index.php?rest_route=\/wp\/v2\/posts"}],"about":[{"href":"https:\/\/radiorevelacionfm.cl\/index.php?rest_route=\/wp\/v2\/types\/post"}],"author":[{"embeddable":true,"href":"https:\/\/radiorevelacionfm.cl\/index.php?rest_route=\/wp\/v2\/users\/1"}],"replies":[{"embeddable":true,"href":"https:\/\/radiorevelacionfm.cl\/index.php?rest_route=%2Fwp%2Fv2%2Fcomments&post=54676"}],"version-history":[{"count":2,"href":"https:\/\/radiorevelacionfm.cl\/index.php?rest_route=\/wp\/v2\/posts\/54676\/revisions"}],"predecessor-version":[{"id":54692,"href":"https:\/\/radiorevelacionfm.cl\/index.php?rest_route=\/wp\/v2\/posts\/54676\/revisions\/54692"}],"wp:featuredmedia":[{"embeddable":true,"href":"https:\/\/radiorevelacionfm.cl\/index.php?rest_route=\/wp\/v2\/media\/54677"}],"wp:attachment":[{"href":"https:\/\/radiorevelacionfm.cl\/index.php?rest_route=%2Fwp%2Fv2%2Fmedia&parent=54676"}],"wp:term":[{"taxonomy":"category","embeddable":true,"href":"https:\/\/radiorevelacionfm.cl\/index.php?rest_route=%2Fwp%2Fv2%2Fcategories&post=54676"},{"taxonomy":"post_tag","embeddable":true,"href":"https:\/\/radiorevelacionfm.cl\/index.php?rest_route=%2Fwp%2Fv2%2Ftags&post=54676"}],"curies":[{"name":"wp","href":"https:\/\/api.w.org\/{rel}","templated":true}]}}