{"id":54672,"date":"2025-06-01T17:36:34","date_gmt":"2025-06-01T20:36:34","guid":{"rendered":"https:\/\/radiorevelacionfm.cl\/?p=54672"},"modified":"2025-06-01T17:36:34","modified_gmt":"2025-06-01T20:36:34","slug":"bebe-nacida-con-22-semanas-de-gestacion-sobrevive-y-es-dada-de-alta-en-hospital-regional-coyhaique","status":"publish","type":"post","link":"https:\/\/radiorevelacionfm.cl\/?p=54672","title":{"rendered":"Beb\u00e9 nacida con 22 semanas de gestaci\u00f3n sobrevive y es dada de alta en Hospital Regional Coyhaique"},"content":{"rendered":"<div class=\"flex_column av_one_full  flex_column_div av-zero-column-padding first  avia-builder-el-0  el_before_av_one_full  avia-builder-el-first  \" style='border-radius:0px; '><div  class='avia-image-container  av-styling-    avia-builder-el-1  avia-builder-el-no-sibling  avia-align-center '  itemprop=\"image\" itemscope=\"itemscope\" itemtype=\"https:\/\/schema.org\/ImageObject\"  ><div class='avia-image-container-inner'><div class='avia-image-overlay-wrap'><img decoding=\"async\" class='wp-image-54673 avia-img-lazy-loading-not-54673 avia_image' src=\"https:\/\/radiorevelacionfm.cl\/wp-content\/uploads\/2025\/06\/ALMA-4-1-1.jpg\" alt='' title='ALMA (4) (1) (1)' height=\"600\" width=\"1067\"  itemprop=\"thumbnailUrl\" srcset=\"https:\/\/radiorevelacionfm.cl\/wp-content\/uploads\/2025\/06\/ALMA-4-1-1.jpg 1067w, https:\/\/radiorevelacionfm.cl\/wp-content\/uploads\/2025\/06\/ALMA-4-1-1-300x169.jpg 300w, https:\/\/radiorevelacionfm.cl\/wp-content\/uploads\/2025\/06\/ALMA-4-1-1-1030x579.jpg 1030w, https:\/\/radiorevelacionfm.cl\/wp-content\/uploads\/2025\/06\/ALMA-4-1-1-768x432.jpg 768w, https:\/\/radiorevelacionfm.cl\/wp-content\/uploads\/2025\/06\/ALMA-4-1-1-705x396.jpg 705w, https:\/\/radiorevelacionfm.cl\/wp-content\/uploads\/2025\/06\/ALMA-4-1-1-450x253.jpg 450w, https:\/\/radiorevelacionfm.cl\/wp-content\/uploads\/2025\/06\/ALMA-4-1-1-600x337.jpg 600w\" sizes=\"(max-width: 1067px) 100vw, 1067px\" \/><\/div><\/div><\/div><\/div><div class=\"flex_column av_one_full  flex_column_div av-zero-column-padding first  avia-builder-el-2  el_after_av_one_full  el_before_av_one_full  column-top-margin\" style='border-radius:0px; '><section class=\"av_textblock_section \"  itemscope=\"itemscope\" itemtype=\"https:\/\/schema.org\/BlogPosting\" itemprop=\"blogPost\" ><div class='avia_textblock  '   itemprop=\"text\" ><p style=\"text-align: center;\"><span style=\"font-size: 18pt;\"><strong>Beb\u00e9 nacida con 22 semanas de gestaci\u00f3n sobrevive y es dada de alta en Hospital Regional Coyhaique<\/strong><\/span><\/p>\n<div id=\"gtx-trans\" style=\"position: absolute; left: -50px; top: 4.31534px;\">\n<div class=\"gtx-trans-icon\"><\/div>\n<\/div>\n<\/div><\/section><\/div><div class=\"flex_column av_one_full  flex_column_div av-zero-column-padding first  avia-builder-el-4  el_after_av_one_full  el_before_av_hr  column-top-margin\" style='border-radius:0px; '><section class=\"av_textblock_section \"  itemscope=\"itemscope\" itemtype=\"https:\/\/schema.org\/BlogPosting\" itemprop=\"blogPost\" ><div class='avia_textblock  '   itemprop=\"text\" ><p style=\"text-align: justify;\"><em>Tras 114 d\u00edas de hospitalizaci\u00f3n en la Unidad de Cuidados Intensivos Neonatales del HRC, la peque\u00f1a Alma Mar\u00edn Ali finalmente pudo abandonar el recinto asistencial, siendo su caso un inspirador \u201cmilagro\u201d para sus padres y el equipo cl\u00ednico que la atendi\u00f3 durante 4 meses.<\/em><\/p>\n<p style=\"text-align: justify;\">La tarde del domingo 26 de enero cambi\u00f3 por completo la vida de la familia compuesta por Mauricio Mar\u00edn y Natalia Ali, joven pareja oriunda de Puerto Ays\u00e9n que estaban a la espera de su primer beb\u00e9, cuyo nacimiento se proyectaba para fines del mes de mayo. Sin embargo, el destino quiso otra cosa.<\/p>\n<p style=\"text-align: justify;\">Es as\u00ed como tras acudir a la Urgencia del Hospital de Puerto Ays\u00e9n por una serie de malestares asociados al embarazo, Natalia fue trasladada r\u00e1pidamente al Hospital Regional Coyhaique con la intenci\u00f3n de resguardar su vida y la de su beb\u00e9, que en ese momento reci\u00e9n ten\u00eda 22 semanas y 4 d\u00edas de gestaci\u00f3n, situaci\u00f3n bastante compleja, puesto que la supervivencia de prematuros extremos con una edad gestacional inferior a las 23 o 24 semanas, es muy baja a nivel mundial.<\/p>\n<p style=\"text-align: justify;\">A pesar del complejo panorama, la peque\u00f1a Alma naci\u00f3 el 26 de enero pesando apenas 614 gramos (menos que un paquete de arroz). Sin embargo, sus ganas de mantenerse con vida movilizaron durante 4 meses no s\u00f3lo al equipo de la Unidad de Cuidados Intensivos Neonatales (UCIN) del HRC, sino tambi\u00e9n a una serie de especialistas del \u00fanico hospital de alta complejidad de la regi\u00f3n, quienes durante este per\u00edodo profundizaron sus conocimientos en beb\u00e9s de extrema prematurez para sacar adelante a Alma.<\/p>\n<p style=\"text-align: justify;\">\u201cEs un d\u00eda de felicidad para la UCIN de este hospital, porque estamos dando de alta a una prematura que naci\u00f3 con 22 semanas y 4 d\u00edas de gestaci\u00f3n, al l\u00edmite de la viabilidad, y que represent\u00f3 un tremendo desaf\u00edo para nuestro equipo. Hemos tenido un camino con muchos altos y bajos, pero que finalmente fue un camino de \u00e9xito, estamos contentos y queremos compartirlo con la comunidad\u201d, cuenta la Dra. Marly Barrios, m\u00e9dico pediatra de la UCIN.<\/p>\n<p style=\"text-align: justify;\">La especialista destac\u00f3 que durante estos cuatro meses de hospitalizaci\u00f3n de Alma, la peque\u00f1a fue sometida a una cirug\u00eda intestinal liderada por el equipo de cirug\u00eda pedi\u00e1trica del HRC, y adem\u00e1s fue trasladada a Santiago para el tratamiento de una retinopat\u00eda, destacando el trabajo en equipo que trajo consigo el proceso de recuperaci\u00f3n de la menor, que fue dada de alta con un peso de 3,190 kilos.<\/p>\n<p style=\"text-align: justify;\">\u201cEstamos todos contentos porque ve\u00edamos muy lejano este momento, y hoy se va con sus padres, que siempre estuvieron presentes, alegres, con mucha fe y que confiaron su bien m\u00e1s preciado a este equipo\u201d, enfatiz\u00f3 la Dra. Barrios.<\/p>\n<p style=\"text-align: justify;\">Por su parte, Jaime Carvajal, subdirector m\u00e9dico del Hospital Regional Coyhaique, recalc\u00f3 la importancia de que los equipos, m\u00e1s all\u00e1 del servicio o unidad en el cual se desempe\u00f1en, deben comunicarse entre s\u00ed para la realizaci\u00f3n de un abordaje terap\u00e9utico integral hacia los pacientes, sobre todo en casos extremos como el de Alma. \u201cEste caso es muy importante para nuestro hospital, porque es una demostraci\u00f3n de que el trabajo en equipo es una sinergia, un patrimonio para obtener buenos resultados con nuestros pacientes\u201d, sostuvo.<\/p>\n<p style=\"text-align: justify;\">En ese sentido, el Subdirector M\u00e9dico del HRC destac\u00f3 por sobre todo la labor de la UCIN y c\u00f3mo lograron movilizar a otros equipos cl\u00ednicos para salvar a Alma: Banco de Sangre, Imagenolog\u00eda, Farmacia, Infectolog\u00eda, Oftalmolog\u00eda y Cirug\u00eda Pedi\u00e1trica, entre otros.<\/p>\n<p style=\"text-align: justify;\">\u201cContra todo pron\u00f3stico y tras los esfuerzos de sus padres junto al equipo de salud interdisciplinario, se est\u00e1 obteniendo un resultado cl\u00ednico que va a permitir a esta peque\u00f1a irse con sus padres. Este hito nos hace sentir muy orgullosos de nuestra Neonatolog\u00eda, y eso nos deja el desaf\u00edo del apoyo permanente que debe tener esta unidad para el buen cuidado de nuestros reci\u00e9n nacidos\u201d, indic\u00f3 el Dr. Carvajal.<\/p>\n<p style=\"text-align: justify;\"><strong>FAMILIA FELIZ<\/strong><\/p>\n<p style=\"text-align: justify;\">\u201cHa sido un camino bastante largo, nosotros no somos de Coyhaique, y hemos tenido que cambiar muchos aspectos de nuestras vidas por nuestra hijita\u201d, cuenta Natalia Ali, mam\u00e1 de Alma, a lo que Mauricio Mar\u00edn, pap\u00e1 de la peque\u00f1a, agrega: \u201ces como haber corrido una carrera, siento un poco de tristeza por todo el proceso, pero hay mucha felicidad\u201d.<\/p>\n<p style=\"text-align: justify;\">Alma es la primera hija de esta joven pareja de Puerto Ays\u00e9n, quienes de momento permanecen en la capital regional para continuar la recuperaci\u00f3n de la ni\u00f1a cerca del \u00fanico hospital de alta complejidad de la regi\u00f3n, proceso que a nivel familiar, implica una serie de cambios para facilitar la recuperaci\u00f3n de su primog\u00e9nita.<\/p>\n<p style=\"text-align: justify;\">\u201cHa sido un camino muy largo, que en alg\u00fan minuto lo vimos como imposible. Ven\u00eda una noticia buena y una mala, y hay que tener harta fuerza, incluso para venir a ver a nuestra hija en buenas condiciones emocionales\u201d, narra Mauricio.<\/p>\n<p style=\"text-align: justify;\">Ambos padres coinciden en el gran apoyo que recibieron del equipo de Neonatolog\u00eda del HRC: \u201cLo bueno es que Alma est\u00e1 bien, es una guerrera, ha luchado desde que naci\u00f3 y el equipo la ha recibido con los brazos abiertos. Hasta hoy, han sido las mejores manos donde ella pudo haber nacido. Nos vamos muy felices con nuestra peque\u00f1ita a la casa\u201d, confiesa Natalia.<\/p>\n<p style=\"text-align: justify;\">\u201cQuiero dar un mensaje a todos los padres y madres que tienen un beb\u00e9 prematuro: no bajen los brazos, tengan confianza y crean en todo lo que ustedes quieran creer. Por Alma rezaron y oraron personas de distintas religiones y espiritualizades. A confiar, tener los brazos en alto y darle toda esa fuerza a los beb\u00e9s, porque ellos sienten todo. Al menos eso nos sirvi\u00f3 a nosotros para afrontar todo esto de la mejor forma\u201d, reflexion\u00f3 la mam\u00e1 de Alma.<\/p>\n<\/div><\/section><\/div><div  style='height:50px' class='hr hr-invisible   avia-builder-el-6  el_after_av_one_full  el_before_av_social_share '><span class='hr-inner ' ><span class='hr-inner-style'><\/span><\/span><\/div><\/p>\n<div  class='av-social-sharing-box  avia-builder-el-7  el_after_av_hr  el_before_av_hr  '><div class='av-share-box'><h5 class='av-share-link-description av-no-toc '>Compartir esta noticia<\/h5><ul class='av-share-box-list noLightbox'><li class='av-share-link av-social-link-facebook' ><a target=\"_blank\" aria-label=\"Compartir en Facebook\" href='https:\/\/www.facebook.com\/sharer.php?u=https:\/\/radiorevelacionfm.cl\/?p=54672&#038;t=Beb%C3%A9%20nacida%20con%2022%20semanas%20de%20gestaci%C3%B3n%20sobrevive%20y%20es%20dada%20de%20alta%20en%20Hospital%20Regional%20Coyhaique' aria-hidden='false' data-av_icon='\ue8f3' data-av_iconfont='entypo-fontello' title='' data-avia-related-tooltip='Compartir en Facebook' rel=\"noopener\"><span class='avia_hidden_link_text'>Compartir en Facebook<\/span><\/a><\/li><li class='av-share-link av-social-link-twitter' ><a target=\"_blank\" aria-label=\"Compartir en Twitter\" href='https:\/\/twitter.com\/share?text=Beb%C3%A9%20nacida%20con%2022%20semanas%20de%20gestaci%C3%B3n%20sobrevive%20y%20es%20dada%20de%20alta%20en%20Hospital%20Regional%20Coyhaique&#038;url=https:\/\/radiorevelacionfm.cl\/?p=54672' aria-hidden='false' data-av_icon='\ue8f1' data-av_iconfont='entypo-fontello' title='' data-avia-related-tooltip='Compartir en Twitter' rel=\"noopener\"><span class='avia_hidden_link_text'>Compartir en Twitter<\/span><\/a><\/li><li class='av-share-link av-social-link-whatsapp' ><a target=\"_blank\" aria-label=\"Compartir en Whatsapp\" href='https:\/\/api.whatsapp.com\/send?text=https:\/\/radiorevelacionfm.cl\/?p=54672' aria-hidden='false' data-av_icon='\uf232' data-av_iconfont='entypo-fontello' title='' data-avia-related-tooltip='Compartir en Whatsapp' rel=\"noopener\"><span class='avia_hidden_link_text'>Compartir en Whatsapp<\/span><\/a><\/li><li class='av-share-link av-social-link-linkedin' ><a target=\"_blank\" aria-label=\"Compartir en LinkedIn\" href='https:\/\/linkedin.com\/shareArticle?mini=true&#038;title=Beb%C3%A9%20nacida%20con%2022%20semanas%20de%20gestaci%C3%B3n%20sobrevive%20y%20es%20dada%20de%20alta%20en%20Hospital%20Regional%20Coyhaique&#038;url=https:\/\/radiorevelacionfm.cl\/?p=54672' aria-hidden='false' data-av_icon='\ue8fc' data-av_iconfont='entypo-fontello' title='' data-avia-related-tooltip='Compartir en LinkedIn' rel=\"noopener\"><span class='avia_hidden_link_text'>Compartir en LinkedIn<\/span><\/a><\/li><li class='av-share-link av-social-link-mail' ><a  aria-label=\"Compartir por correo\" href='mailto:?subject=Beb%C3%A9%20nacida%20con%2022%20semanas%20de%20gestaci%C3%B3n%20sobrevive%20y%20es%20dada%20de%20alta%20en%20Hospital%20Regional%20Coyhaique&#038;body=https:\/\/radiorevelacionfm.cl\/?p=54672' aria-hidden='false' data-av_icon='\ue805' data-av_iconfont='entypo-fontello' title='' data-avia-related-tooltip='Compartir por correo'><span class='avia_hidden_link_text'>Compartir por correo<\/span><\/a><\/li><\/ul><\/div><\/div>\n<div  style='height:50px' class='hr hr-invisible   avia-builder-el-8  el_after_av_social_share  el_before_av_comments_list '><span class='hr-inner ' ><span class='hr-inner-style'><\/span><\/span><\/div>\n<div  class='av-buildercomment  av-blog-meta-html-info-disabled av-blog-meta-tag-disabled  '><\/div>\n","protected":false},"excerpt":{"rendered":"","protected":false},"author":1,"featured_media":54673,"comment_status":"closed","ping_status":"closed","sticky":false,"template":"","format":"standard","meta":{"footnotes":""},"categories":[38],"tags":[],"class_list":["post-54672","post","type-post","status-publish","format-standard","has-post-thumbnail","hentry","category-regional"],"jetpack_featured_media_url":"https:\/\/radiorevelacionfm.cl\/wp-content\/uploads\/2025\/06\/ALMA-4-1-1.jpg","_links":{"self":[{"href":"https:\/\/radiorevelacionfm.cl\/index.php?rest_route=\/wp\/v2\/posts\/54672","targetHints":{"allow":["GET"]}}],"collection":[{"href":"https:\/\/radiorevelacionfm.cl\/index.php?rest_route=\/wp\/v2\/posts"}],"about":[{"href":"https:\/\/radiorevelacionfm.cl\/index.php?rest_route=\/wp\/v2\/types\/post"}],"author":[{"embeddable":true,"href":"https:\/\/radiorevelacionfm.cl\/index.php?rest_route=\/wp\/v2\/users\/1"}],"replies":[{"embeddable":true,"href":"https:\/\/radiorevelacionfm.cl\/index.php?rest_route=%2Fwp%2Fv2%2Fcomments&post=54672"}],"version-history":[{"count":2,"href":"https:\/\/radiorevelacionfm.cl\/index.php?rest_route=\/wp\/v2\/posts\/54672\/revisions"}],"predecessor-version":[{"id":54679,"href":"https:\/\/radiorevelacionfm.cl\/index.php?rest_route=\/wp\/v2\/posts\/54672\/revisions\/54679"}],"wp:featuredmedia":[{"embeddable":true,"href":"https:\/\/radiorevelacionfm.cl\/index.php?rest_route=\/wp\/v2\/media\/54673"}],"wp:attachment":[{"href":"https:\/\/radiorevelacionfm.cl\/index.php?rest_route=%2Fwp%2Fv2%2Fmedia&parent=54672"}],"wp:term":[{"taxonomy":"category","embeddable":true,"href":"https:\/\/radiorevelacionfm.cl\/index.php?rest_route=%2Fwp%2Fv2%2Fcategories&post=54672"},{"taxonomy":"post_tag","embeddable":true,"href":"https:\/\/radiorevelacionfm.cl\/index.php?rest_route=%2Fwp%2Fv2%2Ftags&post=54672"}],"curies":[{"name":"wp","href":"https:\/\/api.w.org\/{rel}","templated":true}]}}