{"id":5467,"date":"2021-06-19T18:16:26","date_gmt":"2021-06-19T21:16:26","guid":{"rendered":"https:\/\/radiorevelacionfm.cl\/?p=5467"},"modified":"2021-06-19T18:16:26","modified_gmt":"2021-06-19T21:16:26","slug":"programa-quiero-mi-barrio-aysen-entrega-terrenos-para-ejecutar-obras-en-ribera-sur-costanera-y-villa-espana","status":"publish","type":"post","link":"https:\/\/radiorevelacionfm.cl\/?p=5467","title":{"rendered":"Programa Quiero Mi Barrio Ays\u00e9n entrega terrenos para ejecutar obras en Ribera Sur Costanera y Villa Espa\u00f1a"},"content":{"rendered":"<div class=\"flex_column av_one_full  flex_column_div av-zero-column-padding first  avia-builder-el-0  el_before_av_one_full  avia-builder-el-first  \" style='border-radius:0px; '><div  class='avia-image-container  av-styling-    avia-builder-el-1  avia-builder-el-no-sibling  avia-align-center '  itemprop=\"image\" itemscope=\"itemscope\" itemtype=\"https:\/\/schema.org\/ImageObject\"  ><div class='avia-image-container-inner'><div class='avia-image-overlay-wrap'><img decoding=\"async\" class='wp-image-5468 avia-img-lazy-loading-not-5468 avia_image' src=\"https:\/\/radiorevelacionfm.cl\/wp-content\/uploads\/2021\/06\/img-qmb-02-v3-1-1_optimized-1_optimized-1.png\" alt='' title='img-qmb-02-v3-(1)-(1)_optimized-(1)_optimized (1)' height=\"600\" width=\"1238\"  itemprop=\"thumbnailUrl\" srcset=\"https:\/\/radiorevelacionfm.cl\/wp-content\/uploads\/2021\/06\/img-qmb-02-v3-1-1_optimized-1_optimized-1.png 1238w, https:\/\/radiorevelacionfm.cl\/wp-content\/uploads\/2021\/06\/img-qmb-02-v3-1-1_optimized-1_optimized-1-300x145.png 300w, https:\/\/radiorevelacionfm.cl\/wp-content\/uploads\/2021\/06\/img-qmb-02-v3-1-1_optimized-1_optimized-1-1030x499.png 1030w, https:\/\/radiorevelacionfm.cl\/wp-content\/uploads\/2021\/06\/img-qmb-02-v3-1-1_optimized-1_optimized-1-768x372.png 768w, https:\/\/radiorevelacionfm.cl\/wp-content\/uploads\/2021\/06\/img-qmb-02-v3-1-1_optimized-1_optimized-1-705x342.png 705w, https:\/\/radiorevelacionfm.cl\/wp-content\/uploads\/2021\/06\/img-qmb-02-v3-1-1_optimized-1_optimized-1-600x291.png 600w\" sizes=\"(max-width: 1238px) 100vw, 1238px\" \/><\/div><\/div><\/div><\/div><div class=\"flex_column av_one_full  flex_column_div av-zero-column-padding first  avia-builder-el-2  el_after_av_one_full  el_before_av_one_full  column-top-margin\" style='border-radius:0px; '><section class=\"av_textblock_section \"  itemscope=\"itemscope\" itemtype=\"https:\/\/schema.org\/BlogPosting\" itemprop=\"blogPost\" ><div class='avia_textblock  '   itemprop=\"text\" ><p style=\"text-align: center;\"><strong><span style=\"font-size: 18pt;\">Programa Quiero Mi Barrio Ays\u00e9n entrega terrenos para ejecutar obras en Ribera Sur Costanera y Villa Espa\u00f1a<\/span><\/strong><\/p>\n<div id=\"gtx-trans\" style=\"position: absolute; left: -50px; top: 4.31534px;\">\n<div class=\"gtx-trans-icon\"><\/div>\n<\/div>\n<\/div><\/section><\/div><div class=\"flex_column av_one_full  flex_column_div av-zero-column-padding first  avia-builder-el-4  el_after_av_one_full  el_before_av_hr  column-top-margin\" style='border-radius:0px; '><section class=\"av_textblock_section \"  itemscope=\"itemscope\" itemtype=\"https:\/\/schema.org\/BlogPosting\" itemprop=\"blogPost\" ><div class='avia_textblock  '   itemprop=\"text\" ><p style=\"text-align: justify;\">De manera telem\u00e1tica, los equipos del Ministerio de Vivienda y Urbanismo (Minvu), los profesionales de la entidad ejecutante del programa Quiero Mi Barrio (QMB), en este caso, de la Ilustre Municipalidad de Ays\u00e9n junto a los distintos vecinos que conforman los Consejos Vecinales de Desarrollo (CVD) de ambos barrios y los contratistas de las faenas, \u00a0se dieron cita para realizar la entrega de terrenos correspondientes a dos obras contempladas en los Planes de Gesti\u00f3n de Obras (PGO) de este importante programa que busca recuperar y revitalizar espacios p\u00fablicos en la comuna de Ays\u00e9n.<\/p>\n<p style=\"text-align: justify;\">En este sentido, el coordinador del QMB en la comuna de Ays\u00e9n, Juan Pablo Altamirano detall\u00f3 que \u201cdurante el transcurso del presente mes de junio hemos desarrollado dos entregas de terrenos para proyectos que vienen a satisfacer las necesidades y demandas de nuestra comunidad, potenciando la infraestructura comunitaria mediante espacios de equipamiento y esparcimiento enmarcados en cada uno de sus planes maestros. Luego de haber dado cumplimiento a las tramitaciones y procesos administrativos de licitaci\u00f3n, evaluaci\u00f3n y adjudicaci\u00f3n finalmente hoy contamos con contratistas que se har\u00e1n cargo de materializar estos primeros sue\u00f1os en cada uno de estos sectores\u201d.<\/p>\n<p style=\"text-align: justify;\">A\u00f1adiendo que \u201cLas obras para ejecutar corresponden a la Sala Multiuso del Barrio Ribera Sur Costanera por un monto ofertado de 159 millones de pesos, por un per\u00edodo de construcci\u00f3n de 150 d\u00edas corridos a cargo del contratista V\u00edctor Arteaga Arteaga. En Barrio Villa Espa\u00f1a, la Plaza Recreativa por un monto de 149 millones y un periodo de construcci\u00f3n de 210 d\u00edas corridos, a cargo del contratista Rodrigo Varela Oyarzo\u201d.<\/p>\n<p style=\"text-align: justify;\">Finalmente, el personero municipal indic\u00f3 que como programa y en conjunto a los vecinos existe una amplia felicidad de estar ya embarcados en estos procesos de construcci\u00f3n, esperando que en el actual contexto sociosanitario que atraviesa la comuna de Ays\u00e9n se puedan cumplir satisfactoriamente las faenas sin mayores inconvenientes e imprevistos.<\/p>\n<\/div><\/section><\/div><div  style='height:50px' class='hr hr-invisible   avia-builder-el-6  el_after_av_one_full  el_before_av_social_share '><span class='hr-inner ' ><span class='hr-inner-style'><\/span><\/span><\/div><\/p>\n<div  class='av-social-sharing-box  avia-builder-el-7  el_after_av_hr  el_before_av_hr  '><div class='av-share-box'><h5 class='av-share-link-description av-no-toc '>Compartir esta noticia<\/h5><ul class='av-share-box-list noLightbox'><li class='av-share-link av-social-link-facebook' ><a target=\"_blank\" aria-label=\"Compartir en Facebook\" href='https:\/\/www.facebook.com\/sharer.php?u=https:\/\/radiorevelacionfm.cl\/?p=5467&#038;t=Programa%20Quiero%20Mi%20Barrio%20Ays%C3%A9n%20entrega%20terrenos%20para%20ejecutar%20obras%20en%20Ribera%20Sur%20Costanera%20y%20Villa%20Espa%C3%B1a' aria-hidden='false' data-av_icon='\ue8f3' data-av_iconfont='entypo-fontello' title='' data-avia-related-tooltip='Compartir en Facebook' rel=\"noopener\"><span class='avia_hidden_link_text'>Compartir en Facebook<\/span><\/a><\/li><li class='av-share-link av-social-link-twitter' ><a target=\"_blank\" aria-label=\"Compartir en Twitter\" href='https:\/\/twitter.com\/share?text=Programa%20Quiero%20Mi%20Barrio%20Ays%C3%A9n%20entrega%20terrenos%20para%20ejecutar%20obras%20en%20Ribera%20Sur%20Costanera%20y%20Villa%20Espa%C3%B1a&#038;url=https:\/\/radiorevelacionfm.cl\/?p=5467' aria-hidden='false' data-av_icon='\ue8f1' data-av_iconfont='entypo-fontello' title='' data-avia-related-tooltip='Compartir en Twitter' rel=\"noopener\"><span class='avia_hidden_link_text'>Compartir en Twitter<\/span><\/a><\/li><li class='av-share-link av-social-link-whatsapp' ><a target=\"_blank\" aria-label=\"Compartir en Whatsapp\" href='https:\/\/api.whatsapp.com\/send?text=https:\/\/radiorevelacionfm.cl\/?p=5467' aria-hidden='false' data-av_icon='\uf232' data-av_iconfont='entypo-fontello' title='' data-avia-related-tooltip='Compartir en Whatsapp' rel=\"noopener\"><span class='avia_hidden_link_text'>Compartir en Whatsapp<\/span><\/a><\/li><li class='av-share-link av-social-link-linkedin' ><a target=\"_blank\" aria-label=\"Compartir en LinkedIn\" href='https:\/\/linkedin.com\/shareArticle?mini=true&#038;title=Programa%20Quiero%20Mi%20Barrio%20Ays%C3%A9n%20entrega%20terrenos%20para%20ejecutar%20obras%20en%20Ribera%20Sur%20Costanera%20y%20Villa%20Espa%C3%B1a&#038;url=https:\/\/radiorevelacionfm.cl\/?p=5467' aria-hidden='false' data-av_icon='\ue8fc' data-av_iconfont='entypo-fontello' title='' data-avia-related-tooltip='Compartir en LinkedIn' rel=\"noopener\"><span class='avia_hidden_link_text'>Compartir en LinkedIn<\/span><\/a><\/li><li class='av-share-link av-social-link-mail' ><a  aria-label=\"Compartir por correo\" href='mailto:?subject=Programa%20Quiero%20Mi%20Barrio%20Ays%C3%A9n%20entrega%20terrenos%20para%20ejecutar%20obras%20en%20Ribera%20Sur%20Costanera%20y%20Villa%20Espa%C3%B1a&#038;body=https:\/\/radiorevelacionfm.cl\/?p=5467' aria-hidden='false' data-av_icon='\ue805' data-av_iconfont='entypo-fontello' title='' data-avia-related-tooltip='Compartir por correo'><span class='avia_hidden_link_text'>Compartir por correo<\/span><\/a><\/li><\/ul><\/div><\/div>\n<div  style='height:50px' class='hr hr-invisible   avia-builder-el-8  el_after_av_social_share  el_before_av_comments_list '><span class='hr-inner ' ><span class='hr-inner-style'><\/span><\/span><\/div>\n<div  class='av-buildercomment  av-blog-meta-html-info-disabled av-blog-meta-tag-disabled  '><\/div>\n","protected":false},"excerpt":{"rendered":"","protected":false},"author":1,"featured_media":5468,"comment_status":"open","ping_status":"open","sticky":false,"template":"","format":"standard","meta":{"footnotes":""},"categories":[38],"tags":[],"class_list":["post-5467","post","type-post","status-publish","format-standard","has-post-thumbnail","hentry","category-regional"],"jetpack_featured_media_url":"https:\/\/radiorevelacionfm.cl\/wp-content\/uploads\/2021\/06\/img-qmb-02-v3-1-1_optimized-1_optimized-1.png","_links":{"self":[{"href":"https:\/\/radiorevelacionfm.cl\/index.php?rest_route=\/wp\/v2\/posts\/5467","targetHints":{"allow":["GET"]}}],"collection":[{"href":"https:\/\/radiorevelacionfm.cl\/index.php?rest_route=\/wp\/v2\/posts"}],"about":[{"href":"https:\/\/radiorevelacionfm.cl\/index.php?rest_route=\/wp\/v2\/types\/post"}],"author":[{"embeddable":true,"href":"https:\/\/radiorevelacionfm.cl\/index.php?rest_route=\/wp\/v2\/users\/1"}],"replies":[{"embeddable":true,"href":"https:\/\/radiorevelacionfm.cl\/index.php?rest_route=%2Fwp%2Fv2%2Fcomments&post=5467"}],"version-history":[{"count":1,"href":"https:\/\/radiorevelacionfm.cl\/index.php?rest_route=\/wp\/v2\/posts\/5467\/revisions"}],"predecessor-version":[{"id":5469,"href":"https:\/\/radiorevelacionfm.cl\/index.php?rest_route=\/wp\/v2\/posts\/5467\/revisions\/5469"}],"wp:featuredmedia":[{"embeddable":true,"href":"https:\/\/radiorevelacionfm.cl\/index.php?rest_route=\/wp\/v2\/media\/5468"}],"wp:attachment":[{"href":"https:\/\/radiorevelacionfm.cl\/index.php?rest_route=%2Fwp%2Fv2%2Fmedia&parent=5467"}],"wp:term":[{"taxonomy":"category","embeddable":true,"href":"https:\/\/radiorevelacionfm.cl\/index.php?rest_route=%2Fwp%2Fv2%2Fcategories&post=5467"},{"taxonomy":"post_tag","embeddable":true,"href":"https:\/\/radiorevelacionfm.cl\/index.php?rest_route=%2Fwp%2Fv2%2Ftags&post=5467"}],"curies":[{"name":"wp","href":"https:\/\/api.w.org\/{rel}","templated":true}]}}