{"id":54669,"date":"2025-06-02T11:08:30","date_gmt":"2025-06-02T14:08:30","guid":{"rendered":"https:\/\/radiorevelacionfm.cl\/?p=54669"},"modified":"2025-06-02T11:08:30","modified_gmt":"2025-06-02T14:08:30","slug":"fundacion-camara-chilena-de-la-construccion-entrega-becas-escolares-a-diez-jovenes-de-la-region","status":"publish","type":"post","link":"https:\/\/radiorevelacionfm.cl\/?p=54669","title":{"rendered":"Fundaci\u00f3n C\u00e1mara Chilena de la Construcci\u00f3n entrega becas escolares a diez j\u00f3venes de la regi\u00f3n"},"content":{"rendered":"<div class=\"flex_column av_one_full  flex_column_div av-zero-column-padding first  avia-builder-el-0  el_before_av_one_full  avia-builder-el-first  \" style='border-radius:0px; '><div  class='avia-image-container  av-styling-    avia-builder-el-1  avia-builder-el-no-sibling  avia-align-center '  itemprop=\"image\" itemscope=\"itemscope\" itemtype=\"https:\/\/schema.org\/ImageObject\"  ><div class='avia-image-container-inner'><div class='avia-image-overlay-wrap'><img decoding=\"async\" class='wp-image-54670 avia-img-lazy-loading-not-54670 avia_image' src=\"https:\/\/radiorevelacionfm.cl\/wp-content\/uploads\/2025\/06\/2-2025-06-01t172619_optimized.020-1.jpg\" alt='' title='2---2025-06-01t172619_optimized.020-(1)' height=\"600\" width=\"1299\"  itemprop=\"thumbnailUrl\" srcset=\"https:\/\/radiorevelacionfm.cl\/wp-content\/uploads\/2025\/06\/2-2025-06-01t172619_optimized.020-1.jpg 1299w, https:\/\/radiorevelacionfm.cl\/wp-content\/uploads\/2025\/06\/2-2025-06-01t172619_optimized.020-1-300x139.jpg 300w, https:\/\/radiorevelacionfm.cl\/wp-content\/uploads\/2025\/06\/2-2025-06-01t172619_optimized.020-1-1030x476.jpg 1030w, https:\/\/radiorevelacionfm.cl\/wp-content\/uploads\/2025\/06\/2-2025-06-01t172619_optimized.020-1-768x355.jpg 768w, https:\/\/radiorevelacionfm.cl\/wp-content\/uploads\/2025\/06\/2-2025-06-01t172619_optimized.020-1-705x326.jpg 705w, https:\/\/radiorevelacionfm.cl\/wp-content\/uploads\/2025\/06\/2-2025-06-01t172619_optimized.020-1-450x208.jpg 450w, https:\/\/radiorevelacionfm.cl\/wp-content\/uploads\/2025\/06\/2-2025-06-01t172619_optimized.020-1-600x277.jpg 600w\" sizes=\"(max-width: 1299px) 100vw, 1299px\" \/><\/div><\/div><\/div><\/div><div class=\"flex_column av_one_full  flex_column_div av-zero-column-padding first  avia-builder-el-2  el_after_av_one_full  el_before_av_one_full  column-top-margin\" style='border-radius:0px; '><section class=\"av_textblock_section \"  itemscope=\"itemscope\" itemtype=\"https:\/\/schema.org\/BlogPosting\" itemprop=\"blogPost\" ><div class='avia_textblock  '   itemprop=\"text\" ><p style=\"text-align: center;\"><span style=\"font-size: 18pt;\"><strong>Fundaci\u00f3n C\u00e1mara Chilena de la Construcci\u00f3n entrega becas escolares a diez j\u00f3venes de la regi\u00f3n<\/strong><\/span><\/p>\n<div id=\"gtx-trans\" style=\"position: absolute; left: -50px; top: 4.31534px;\">\n<div class=\"gtx-trans-icon\"><\/div>\n<\/div>\n<\/div><\/section><\/div><div class=\"flex_column av_one_full  flex_column_div av-zero-column-padding first  avia-builder-el-4  el_after_av_one_full  el_before_av_hr  column-top-margin\" style='border-radius:0px; '><section class=\"av_textblock_section \"  itemscope=\"itemscope\" itemtype=\"https:\/\/schema.org\/BlogPosting\" itemprop=\"blogPost\" ><div class='avia_textblock  '   itemprop=\"text\" ><p style=\"text-align: justify;\"><em>Los estudiantes de ense\u00f1anza media, son hijos e hijas de trabajadores que se desempe\u00f1an en el sector construcci\u00f3n.<\/em><\/p>\n<p style=\"text-align: justify;\">Diez son los j\u00f3venes de ense\u00f1anza media que recibieron becas para sus estudios en la regi\u00f3n de Ays\u00e9n. Se trata de un grupo de alumnos y alumnas, cuyos padres se desempe\u00f1an como trabajadores del sector construcci\u00f3n, quienes, a trav\u00e9s de los programas de apoyo que tiene la CChC, postularon a este beneficio.<\/p>\n<p style=\"text-align: justify;\">Para marcar este importante hito, se desarroll\u00f3 una ceremonia, donde ocho j\u00f3venes, que cursan ense\u00f1anza media, se hicieron acreedores del premio \u201cMejores Alumnos\u201d, dirigido a quienes egresan de ense\u00f1anza b\u00e1sica con un promedio igual o superior a 5,7.<\/p>\n<p style=\"text-align: justify;\">En tanto, dos alumnos, recibieron la beca \u201cExcelencia Acad\u00e9mica\u201d, que les entregar\u00e1 apoyo econ\u00f3mico y estudiantil durante toda su ense\u00f1anza media, ya que, a trav\u00e9s de este beneficio, se financiar\u00e1n diversos gastos en los que deben incurrir, como el copago de la colegiatura, textos escolares, clases particulares y talleres, entre otros.<\/p>\n<p style=\"text-align: justify;\">Pablo Carrasco, presidente de la CChC Coyhaique, felicit\u00f3 a los estudiantes beneficiados, reconoci\u00f3 a sus familias e inst\u00f3 a los j\u00f3venes, a continuar por la senda del esfuerzo, que siempre rinde frutos \u201cLa excelencia acad\u00e9mica es un logro que probablemente les va a abrir muchas puertas en la vida y en lo que pueden llegar a ver, conocer y hacer. Veo a sus pap\u00e1s s\u00faper orgullosos y eso muestra que el esfuerzo familiar, muchas veces da fruto y que el trabajo tambi\u00e9n siempre rinde. Los insto a que sigan trabajando, porque esta excelencia que est\u00e1n demostrando ahora, les va a rendir frutos por toda la vida\u201d.<\/p>\n<p style=\"text-align: justify;\">Las becas \u201cEmpresarios de la Construcci\u00f3n\u201d, entregadas por la C\u00e1mara Chilena de la Construcci\u00f3n, a trav\u00e9s de la Fundaci\u00f3n CChC, benefician cada a\u00f1o a m\u00e1s de 1.700 j\u00f3venes de todo el pa\u00eds, siendo un apoyo educativo que los acompa\u00f1a entre primero y cuarto a\u00f1o medio.<\/p>\n<p style=\"text-align: justify;\">Rafael Gonz\u00e1lez, alumno de primero medio del liceo San Felipe Benicio de Coyhaique, agradeci\u00f3 resultar beneficiado con esta beca, la que adem\u00e1s de utilizar en sus estudios, destinar\u00e1 para ahorro \u201cMe siento muy orgulloso por ganarme esta beca mediante mi esfuerzo. Muy orgulloso y muy agradecido con lo que logr\u00e9 y tambi\u00e9n mi familia, que est\u00e1 muy contenta de m\u00ed por mis logros. Me gust\u00f3 esta ceremonia que nos hicieron y la verdad yo creo que la plata la vamos a empezar a ahorrar un poquito\u201d.<\/p>\n<p style=\"text-align: justify;\">Emilia Le\u00f3n, de primerio medio del colegio Alborada, fue otra de las alumnas destacadas, quien se\u00f1al\u00f3 que utilizar\u00e1 parte de la beca, para materiales y gastos de transporte \u201cPara el transporte, para materiales que me piden en el colegio\u201d, puntualiz\u00f3, agradeciendo a su familia, quienes se\u00f1al\u00f3, est\u00e1n muy orgullosos de que se haya ganado esta beca.<\/p>\n<p style=\"text-align: justify;\">Cabe destacar que los j\u00f3venes reconocidos, tienen padres y\/o madres que trabajan en empresas socias de la CChC de la regi\u00f3n de Ays\u00e9n. En esta oportunidad, los alumnos que recibieron becas son hijos de trabajadores de las empresas: Flesan, Naser Ingenier\u00eda, Constructora Gesti\u00f3n Sur, Constructora Manuel Suazo, Constructora SyP, y Constructora Pedro Arriagada Fica.<\/p>\n<p style=\"text-align: justify;\"><strong>Becas<\/strong><\/p>\n<p style=\"text-align: justify;\"><strong>\u00a0<\/strong>Las becas que se adjudicaron estos alumnos corresponden a \u201cMejores Alumnos\u201d, destinada a quienes egresan de la ense\u00f1anza b\u00e1sica con un promedio igual o superior a 5,7. Esta, consiste en un aporte \u00fanico entregado a la familia del trabajador o trabajadora como reconocimiento al esfuerzo y rendimiento acad\u00e9mico del estudiante y se traduce en un aporte de aproximadamente $78.000.-<\/p>\n<p style=\"text-align: justify;\">En tanto, la beca de \u201cExcelencia Acad\u00e9mica\u201d, destinada a hijos e hijas de trabajadores y trabajadoras del sector, permite financiar el copago de diversos gastos educacionales, como textos escolares, clases particulares, orientaci\u00f3n psicopedag\u00f3gica y talleres, entre otros, extendi\u00e9ndose durante toda la ense\u00f1anza media. Para acceder a este beneficio, el alumno postulante debe contar con un promedio de notas igual o\u00a0superior\u00a0a\u00a06,5.<\/p>\n<\/div><\/section><\/div><div  style='height:50px' class='hr hr-invisible   avia-builder-el-6  el_after_av_one_full  el_before_av_social_share '><span class='hr-inner ' ><span class='hr-inner-style'><\/span><\/span><\/div><\/p>\n<div  class='av-social-sharing-box  avia-builder-el-7  el_after_av_hr  el_before_av_hr  '><div class='av-share-box'><h5 class='av-share-link-description av-no-toc '>Compartir esta noticia<\/h5><ul class='av-share-box-list noLightbox'><li class='av-share-link av-social-link-facebook' ><a target=\"_blank\" aria-label=\"Compartir en Facebook\" href='https:\/\/www.facebook.com\/sharer.php?u=https:\/\/radiorevelacionfm.cl\/?p=54669&#038;t=Fundaci%C3%B3n%20C%C3%A1mara%20Chilena%20de%20la%20Construcci%C3%B3n%20entrega%20becas%20escolares%20a%20diez%20j%C3%B3venes%20de%20la%20regi%C3%B3n' aria-hidden='false' data-av_icon='\ue8f3' data-av_iconfont='entypo-fontello' title='' data-avia-related-tooltip='Compartir en Facebook' rel=\"noopener\"><span class='avia_hidden_link_text'>Compartir en Facebook<\/span><\/a><\/li><li class='av-share-link av-social-link-twitter' ><a target=\"_blank\" aria-label=\"Compartir en Twitter\" href='https:\/\/twitter.com\/share?text=Fundaci%C3%B3n%20C%C3%A1mara%20Chilena%20de%20la%20Construcci%C3%B3n%20entrega%20becas%20escolares%20a%20diez%20j%C3%B3venes%20de%20la%20regi%C3%B3n&#038;url=https:\/\/radiorevelacionfm.cl\/?p=54669' aria-hidden='false' data-av_icon='\ue8f1' data-av_iconfont='entypo-fontello' title='' data-avia-related-tooltip='Compartir en Twitter' rel=\"noopener\"><span class='avia_hidden_link_text'>Compartir en Twitter<\/span><\/a><\/li><li class='av-share-link av-social-link-whatsapp' ><a target=\"_blank\" aria-label=\"Compartir en Whatsapp\" href='https:\/\/api.whatsapp.com\/send?text=https:\/\/radiorevelacionfm.cl\/?p=54669' aria-hidden='false' data-av_icon='\uf232' data-av_iconfont='entypo-fontello' title='' data-avia-related-tooltip='Compartir en Whatsapp' rel=\"noopener\"><span class='avia_hidden_link_text'>Compartir en Whatsapp<\/span><\/a><\/li><li class='av-share-link av-social-link-linkedin' ><a target=\"_blank\" aria-label=\"Compartir en LinkedIn\" href='https:\/\/linkedin.com\/shareArticle?mini=true&#038;title=Fundaci%C3%B3n%20C%C3%A1mara%20Chilena%20de%20la%20Construcci%C3%B3n%20entrega%20becas%20escolares%20a%20diez%20j%C3%B3venes%20de%20la%20regi%C3%B3n&#038;url=https:\/\/radiorevelacionfm.cl\/?p=54669' aria-hidden='false' data-av_icon='\ue8fc' data-av_iconfont='entypo-fontello' title='' data-avia-related-tooltip='Compartir en LinkedIn' rel=\"noopener\"><span class='avia_hidden_link_text'>Compartir en LinkedIn<\/span><\/a><\/li><li class='av-share-link av-social-link-mail' ><a  aria-label=\"Compartir por correo\" href='mailto:?subject=Fundaci%C3%B3n%20C%C3%A1mara%20Chilena%20de%20la%20Construcci%C3%B3n%20entrega%20becas%20escolares%20a%20diez%20j%C3%B3venes%20de%20la%20regi%C3%B3n&#038;body=https:\/\/radiorevelacionfm.cl\/?p=54669' aria-hidden='false' data-av_icon='\ue805' data-av_iconfont='entypo-fontello' title='' data-avia-related-tooltip='Compartir por correo'><span class='avia_hidden_link_text'>Compartir por correo<\/span><\/a><\/li><\/ul><\/div><\/div>\n<div  style='height:50px' class='hr hr-invisible   avia-builder-el-8  el_after_av_social_share  el_before_av_comments_list '><span class='hr-inner ' ><span class='hr-inner-style'><\/span><\/span><\/div>\n<div  class='av-buildercomment  av-blog-meta-html-info-disabled av-blog-meta-tag-disabled  '><\/div>\n","protected":false},"excerpt":{"rendered":"","protected":false},"author":1,"featured_media":0,"comment_status":"closed","ping_status":"closed","sticky":false,"template":"","format":"standard","meta":{"footnotes":""},"categories":[49],"tags":[],"class_list":["post-54669","post","type-post","status-publish","format-standard","hentry","category-educacion"],"jetpack_featured_media_url":"","_links":{"self":[{"href":"https:\/\/radiorevelacionfm.cl\/index.php?rest_route=\/wp\/v2\/posts\/54669","targetHints":{"allow":["GET"]}}],"collection":[{"href":"https:\/\/radiorevelacionfm.cl\/index.php?rest_route=\/wp\/v2\/posts"}],"about":[{"href":"https:\/\/radiorevelacionfm.cl\/index.php?rest_route=\/wp\/v2\/types\/post"}],"author":[{"embeddable":true,"href":"https:\/\/radiorevelacionfm.cl\/index.php?rest_route=\/wp\/v2\/users\/1"}],"replies":[{"embeddable":true,"href":"https:\/\/radiorevelacionfm.cl\/index.php?rest_route=%2Fwp%2Fv2%2Fcomments&post=54669"}],"version-history":[{"count":2,"href":"https:\/\/radiorevelacionfm.cl\/index.php?rest_route=\/wp\/v2\/posts\/54669\/revisions"}],"predecessor-version":[{"id":54705,"href":"https:\/\/radiorevelacionfm.cl\/index.php?rest_route=\/wp\/v2\/posts\/54669\/revisions\/54705"}],"wp:attachment":[{"href":"https:\/\/radiorevelacionfm.cl\/index.php?rest_route=%2Fwp%2Fv2%2Fmedia&parent=54669"}],"wp:term":[{"taxonomy":"category","embeddable":true,"href":"https:\/\/radiorevelacionfm.cl\/index.php?rest_route=%2Fwp%2Fv2%2Fcategories&post=54669"},{"taxonomy":"post_tag","embeddable":true,"href":"https:\/\/radiorevelacionfm.cl\/index.php?rest_route=%2Fwp%2Fv2%2Ftags&post=54669"}],"curies":[{"name":"wp","href":"https:\/\/api.w.org\/{rel}","templated":true}]}}