{"id":54662,"date":"2025-06-01T17:05:25","date_gmt":"2025-06-01T20:05:25","guid":{"rendered":"https:\/\/radiorevelacionfm.cl\/?p=54662"},"modified":"2025-06-01T17:05:25","modified_gmt":"2025-06-01T20:05:25","slug":"aysen-sumergido-cerro-jornada-con-masiva-convocatoria-en-la-comuna","status":"publish","type":"post","link":"https:\/\/radiorevelacionfm.cl\/?p=54662","title":{"rendered":"Ays\u00e9n Sumergido cerr\u00f3 jornada con masiva convocatoria en la comuna"},"content":{"rendered":"<div class=\"flex_column av_one_full  flex_column_div av-zero-column-padding first  avia-builder-el-0  el_before_av_one_full  avia-builder-el-first  \" style='border-radius:0px; '><div  class='avia-image-container  av-styling-    avia-builder-el-1  avia-builder-el-no-sibling  avia-align-center '  itemprop=\"image\" itemscope=\"itemscope\" itemtype=\"https:\/\/schema.org\/ImageObject\"  ><div class='avia-image-container-inner'><div class='avia-image-overlay-wrap'><img decoding=\"async\" class='wp-image-54663 avia-img-lazy-loading-not-54663 avia_image' src=\"https:\/\/radiorevelacionfm.cl\/wp-content\/uploads\/2025\/06\/20250527_104951-1-1.jpg\" alt='' title='20250527_104951 (1) (1)' height=\"600\" width=\"1067\"  itemprop=\"thumbnailUrl\" srcset=\"https:\/\/radiorevelacionfm.cl\/wp-content\/uploads\/2025\/06\/20250527_104951-1-1.jpg 1067w, https:\/\/radiorevelacionfm.cl\/wp-content\/uploads\/2025\/06\/20250527_104951-1-1-300x169.jpg 300w, https:\/\/radiorevelacionfm.cl\/wp-content\/uploads\/2025\/06\/20250527_104951-1-1-1030x579.jpg 1030w, https:\/\/radiorevelacionfm.cl\/wp-content\/uploads\/2025\/06\/20250527_104951-1-1-768x432.jpg 768w, https:\/\/radiorevelacionfm.cl\/wp-content\/uploads\/2025\/06\/20250527_104951-1-1-705x396.jpg 705w, https:\/\/radiorevelacionfm.cl\/wp-content\/uploads\/2025\/06\/20250527_104951-1-1-450x253.jpg 450w, https:\/\/radiorevelacionfm.cl\/wp-content\/uploads\/2025\/06\/20250527_104951-1-1-600x337.jpg 600w\" sizes=\"(max-width: 1067px) 100vw, 1067px\" \/><\/div><\/div><\/div><\/div><div class=\"flex_column av_one_full  flex_column_div av-zero-column-padding first  avia-builder-el-2  el_after_av_one_full  el_before_av_one_full  column-top-margin\" style='border-radius:0px; '><section class=\"av_textblock_section \"  itemscope=\"itemscope\" itemtype=\"https:\/\/schema.org\/BlogPosting\" itemprop=\"blogPost\" ><div class='avia_textblock  '   itemprop=\"text\" ><p style=\"text-align: center;\"><span style=\"font-size: 18pt;\"><strong>Ays\u00e9n Sumergido cerr\u00f3 jornada con masiva convocatoria en la comuna<\/strong><\/span><\/p>\n<div id=\"gtx-trans\" style=\"position: absolute; left: -50px; top: 4.31534px;\">\n<div class=\"gtx-trans-icon\"><\/div>\n<\/div>\n<\/div><\/section><\/div><\/p>\n<div class=\"flex_column av_one_full  flex_column_div av-zero-column-padding first  avia-builder-el-4  el_after_av_one_full  el_before_av_hr  column-top-margin\" style='border-radius:0px; '><section class=\"av_textblock_section \"  itemscope=\"itemscope\" itemtype=\"https:\/\/schema.org\/BlogPosting\" itemprop=\"blogPost\" ><div class='avia_textblock  '   itemprop=\"text\" ><p style=\"text-align: justify;\">Esta semana cerrando el mes de Mayo, el instituto de Fomento Productivo junto a la Direcci\u00f3n Zonal de Pesca estuvieron organizando Ays\u00e9n Sumergido donde su objetivo principal es transmitir a la ciudadan\u00eda el quehacer de las diferentes instituciones p\u00fablicas vinculadas al maritorio, enfatizando la diversidad, alcance y orientaci\u00f3n de los distintos trabajos acorde a sus funciones.<\/p>\n<p style=\"text-align: justify;\">En la actividad participaron 22 organizaciones, que estuvieron participando durante la jornada de conocimiento, aprendizajes y arte de Ays\u00e9n Sumergido. Adem\u00e1s autoridades de la regi\u00f3n estuvieron acompa\u00f1ando esta jornada, entre ellos, Seremi de Medioambiente, Director Zonal de Pesca, Seremi de Econom\u00eda, Directora de Sernapesca, Delegado Presidencial Provincial de Ays\u00e9n y quien lider\u00f3 la actividad, la Directora del Instituto de Fomento Pesquero.<\/p>\n<p style=\"text-align: justify;\">Quienes participaron activamente en esta jornada fueron, Indespa, Direcci\u00f3n zonal de pesca &#8211; Subsecretar\u00eda de Pesca y Acuicultura, Sernapesca, Seremi del Medio Ambiente, GEF Gobernanza \u2013 FAO, Laboratorio Salud Publica y ambiental, Seremi de Salud Ays\u00e9n, IFOP, \u00a0Gobernaci\u00f3n Mar\u00edtima \u2013 Armada de Chile, Universidad de Ays\u00e9n, CFT Ays\u00e9n, CIEP, CONAF, Comunidades Portal, Ayciencia y Escuela Renobal, Jard\u00edn Creciendo Contento, Liceo Polit\u00e9cnico a1, Escuela Ays\u00e9n, Jard\u00edn Capillitos de Calafate, el artista local pinturas subacu\u00e1ticas , Pablo Lema y la compositora y cantante Antonia Arteaga.<\/p>\n<p style=\"text-align: justify;\">El Delegado Presidencial Provincial de Ays\u00e9n, Rodrigo Moreno Rivera, se\u00f1al\u00f3 que, \u201cLa relevancia de entregar conocimientos sobre nuestras aguas que confluyen en nuestra provincia, sobre la fauna marina y sus aprendizajes a la comunidad de Ays\u00e9n es un aporte significativo del Instituto de Fomento Pesquero y todos quienes organizaron esta actividad. Me enorgullece el profesionalismo de todos quienes construyeron Ays\u00e9n Sumergido y que a pulso sacaron adelante esta hermosa actividad\u201d.<\/p>\n<p style=\"text-align: justify;\">\u201cEsta actividad es nuestra manera de regalar a puerto Ays\u00e9n un instante para pensar el Mar en el mes del Mar, tambi\u00e9n para celebrar los 61 que cumplimos, para nosotros es una satisfacci\u00f3n muy grande haber ayudado a construir esta red de instituciones, donde hay ONG, universidades, artistas, todos celebrando el mar. Todos compartiendo los saberes, donde 22 stand estuvieron sumando a esta hermosa actividad, es una gran satisfacci\u00f3n celebrar el mes del mar con Ays\u00e9n Sumergido\u201d, manifest\u00f3 Alejandra Lafon, Directora del Instituto de Fomento Pesquero.<\/p>\n<p style=\"text-align: justify;\">Blas Quiroga, el Director Zonal de Pesca, afirm\u00f3 que, \u201cComo direcci\u00f3n zonal de pesca estamos muy contentos de ser parte y organizadores de la segunda versi\u00f3n del \u00abAys\u00e9n Sumergido\u00bb, ya que es sumamente importante acercar la ciencia a la comunidad, y dar cuenta de c\u00f3mo nos vinculamos entre los distintos organismos que orientan su actuar al litoral de nuestra regi\u00f3n. Esperamos que esta actividad se desarrolle todos los a\u00f1os y sea un legado de este gobierno, actuando en conjunto con el instituto de fomento pesquero. Finalmente, agradecemos a todos quienes participaron de esta importante actividad, ya sea como expositores o p\u00fablico en general\u201d.<\/p>\n<\/div><\/section><\/div>\n<div  style='height:50px' class='hr hr-invisible   avia-builder-el-6  el_after_av_one_full  el_before_av_social_share '><span class='hr-inner ' ><span class='hr-inner-style'><\/span><\/span><\/div>\n<div  class='av-social-sharing-box  avia-builder-el-7  el_after_av_hr  el_before_av_hr  '><div class='av-share-box'><h5 class='av-share-link-description av-no-toc '>Compartir esta noticia<\/h5><ul class='av-share-box-list noLightbox'><li class='av-share-link av-social-link-facebook' ><a target=\"_blank\" aria-label=\"Compartir en Facebook\" href='https:\/\/www.facebook.com\/sharer.php?u=https:\/\/radiorevelacionfm.cl\/?p=54662&#038;t=Ays%C3%A9n%20Sumergido%20cerr%C3%B3%20jornada%20con%20masiva%20convocatoria%20en%20la%20comuna' aria-hidden='false' data-av_icon='\ue8f3' data-av_iconfont='entypo-fontello' title='' data-avia-related-tooltip='Compartir en Facebook' rel=\"noopener\"><span class='avia_hidden_link_text'>Compartir en Facebook<\/span><\/a><\/li><li class='av-share-link av-social-link-twitter' ><a target=\"_blank\" aria-label=\"Compartir en Twitter\" href='https:\/\/twitter.com\/share?text=Ays%C3%A9n%20Sumergido%20cerr%C3%B3%20jornada%20con%20masiva%20convocatoria%20en%20la%20comuna&#038;url=https:\/\/radiorevelacionfm.cl\/?p=54662' aria-hidden='false' data-av_icon='\ue8f1' data-av_iconfont='entypo-fontello' title='' data-avia-related-tooltip='Compartir en Twitter' rel=\"noopener\"><span class='avia_hidden_link_text'>Compartir en Twitter<\/span><\/a><\/li><li class='av-share-link av-social-link-whatsapp' ><a target=\"_blank\" aria-label=\"Compartir en Whatsapp\" href='https:\/\/api.whatsapp.com\/send?text=https:\/\/radiorevelacionfm.cl\/?p=54662' aria-hidden='false' data-av_icon='\uf232' data-av_iconfont='entypo-fontello' title='' data-avia-related-tooltip='Compartir en Whatsapp' rel=\"noopener\"><span class='avia_hidden_link_text'>Compartir en Whatsapp<\/span><\/a><\/li><li class='av-share-link av-social-link-linkedin' ><a target=\"_blank\" aria-label=\"Compartir en LinkedIn\" href='https:\/\/linkedin.com\/shareArticle?mini=true&#038;title=Ays%C3%A9n%20Sumergido%20cerr%C3%B3%20jornada%20con%20masiva%20convocatoria%20en%20la%20comuna&#038;url=https:\/\/radiorevelacionfm.cl\/?p=54662' aria-hidden='false' data-av_icon='\ue8fc' data-av_iconfont='entypo-fontello' title='' data-avia-related-tooltip='Compartir en LinkedIn' rel=\"noopener\"><span class='avia_hidden_link_text'>Compartir en LinkedIn<\/span><\/a><\/li><li class='av-share-link av-social-link-mail' ><a  aria-label=\"Compartir por correo\" href='mailto:?subject=Ays%C3%A9n%20Sumergido%20cerr%C3%B3%20jornada%20con%20masiva%20convocatoria%20en%20la%20comuna&#038;body=https:\/\/radiorevelacionfm.cl\/?p=54662' aria-hidden='false' data-av_icon='\ue805' data-av_iconfont='entypo-fontello' title='' data-avia-related-tooltip='Compartir por correo'><span class='avia_hidden_link_text'>Compartir por correo<\/span><\/a><\/li><\/ul><\/div><\/div>\n<div  style='height:50px' class='hr hr-invisible   avia-builder-el-8  el_after_av_social_share  el_before_av_comments_list '><span class='hr-inner ' ><span class='hr-inner-style'><\/span><\/span><\/div>\n<div  class='av-buildercomment  av-blog-meta-html-info-disabled av-blog-meta-tag-disabled  '><\/div>\n","protected":false},"excerpt":{"rendered":"","protected":false},"author":1,"featured_media":54663,"comment_status":"closed","ping_status":"closed","sticky":false,"template":"","format":"standard","meta":{"footnotes":""},"categories":[1],"tags":[],"class_list":["post-54662","post","type-post","status-publish","format-standard","has-post-thumbnail","hentry","category-sin-categoria"],"jetpack_featured_media_url":"https:\/\/radiorevelacionfm.cl\/wp-content\/uploads\/2025\/06\/20250527_104951-1-1.jpg","_links":{"self":[{"href":"https:\/\/radiorevelacionfm.cl\/index.php?rest_route=\/wp\/v2\/posts\/54662","targetHints":{"allow":["GET"]}}],"collection":[{"href":"https:\/\/radiorevelacionfm.cl\/index.php?rest_route=\/wp\/v2\/posts"}],"about":[{"href":"https:\/\/radiorevelacionfm.cl\/index.php?rest_route=\/wp\/v2\/types\/post"}],"author":[{"embeddable":true,"href":"https:\/\/radiorevelacionfm.cl\/index.php?rest_route=\/wp\/v2\/users\/1"}],"replies":[{"embeddable":true,"href":"https:\/\/radiorevelacionfm.cl\/index.php?rest_route=%2Fwp%2Fv2%2Fcomments&post=54662"}],"version-history":[{"count":2,"href":"https:\/\/radiorevelacionfm.cl\/index.php?rest_route=\/wp\/v2\/posts\/54662\/revisions"}],"predecessor-version":[{"id":54665,"href":"https:\/\/radiorevelacionfm.cl\/index.php?rest_route=\/wp\/v2\/posts\/54662\/revisions\/54665"}],"wp:featuredmedia":[{"embeddable":true,"href":"https:\/\/radiorevelacionfm.cl\/index.php?rest_route=\/wp\/v2\/media\/54663"}],"wp:attachment":[{"href":"https:\/\/radiorevelacionfm.cl\/index.php?rest_route=%2Fwp%2Fv2%2Fmedia&parent=54662"}],"wp:term":[{"taxonomy":"category","embeddable":true,"href":"https:\/\/radiorevelacionfm.cl\/index.php?rest_route=%2Fwp%2Fv2%2Fcategories&post=54662"},{"taxonomy":"post_tag","embeddable":true,"href":"https:\/\/radiorevelacionfm.cl\/index.php?rest_route=%2Fwp%2Fv2%2Ftags&post=54662"}],"curies":[{"name":"wp","href":"https:\/\/api.w.org\/{rel}","templated":true}]}}