{"id":54657,"date":"2025-05-31T20:11:36","date_gmt":"2025-05-31T23:11:36","guid":{"rendered":"https:\/\/radiorevelacionfm.cl\/?p=54657"},"modified":"2025-05-31T20:11:36","modified_gmt":"2025-05-31T23:11:36","slug":"se-inaugura-oficina-de-atencion-permanente-de-la-direccion-del-trabajo-en-chile-chico","status":"publish","type":"post","link":"https:\/\/radiorevelacionfm.cl\/?p=54657","title":{"rendered":"Se inaugura oficina de atenci\u00f3n permanente de la Direcci\u00f3n del Trabajo en Chile Chico"},"content":{"rendered":"<div class=\"flex_column av_one_full  flex_column_div av-zero-column-padding first  avia-builder-el-0  el_before_av_one_full  avia-builder-el-first  \" style='border-radius:0px; '><div  class='avia-image-container  av-styling-    avia-builder-el-1  avia-builder-el-no-sibling  avia-align-center '  itemprop=\"image\" itemscope=\"itemscope\" itemtype=\"https:\/\/schema.org\/ImageObject\"  ><div class='avia-image-container-inner'><div class='avia-image-overlay-wrap'><img decoding=\"async\" class='wp-image-54658 avia-img-lazy-loading-not-54658 avia_image' src=\"https:\/\/radiorevelacionfm.cl\/wp-content\/uploads\/2025\/05\/29.05.2025-Inspeccion-Provincial-del-Trabajo-General-Carrera-2-1-1.jpeg\" alt='' title='29.05.2025 Inspecci\u00f3n Provincial del Trabajo General Carrera (2) (1) (1)' height=\"600\" width=\"800\"  itemprop=\"thumbnailUrl\" srcset=\"https:\/\/radiorevelacionfm.cl\/wp-content\/uploads\/2025\/05\/29.05.2025-Inspeccion-Provincial-del-Trabajo-General-Carrera-2-1-1.jpeg 800w, https:\/\/radiorevelacionfm.cl\/wp-content\/uploads\/2025\/05\/29.05.2025-Inspeccion-Provincial-del-Trabajo-General-Carrera-2-1-1-300x225.jpeg 300w, https:\/\/radiorevelacionfm.cl\/wp-content\/uploads\/2025\/05\/29.05.2025-Inspeccion-Provincial-del-Trabajo-General-Carrera-2-1-1-768x576.jpeg 768w, https:\/\/radiorevelacionfm.cl\/wp-content\/uploads\/2025\/05\/29.05.2025-Inspeccion-Provincial-del-Trabajo-General-Carrera-2-1-1-705x529.jpeg 705w, https:\/\/radiorevelacionfm.cl\/wp-content\/uploads\/2025\/05\/29.05.2025-Inspeccion-Provincial-del-Trabajo-General-Carrera-2-1-1-450x338.jpeg 450w, https:\/\/radiorevelacionfm.cl\/wp-content\/uploads\/2025\/05\/29.05.2025-Inspeccion-Provincial-del-Trabajo-General-Carrera-2-1-1-600x450.jpeg 600w\" sizes=\"(max-width: 800px) 100vw, 800px\" \/><\/div><\/div><\/div><\/div><div class=\"flex_column av_one_full  flex_column_div av-zero-column-padding first  avia-builder-el-2  el_after_av_one_full  el_before_av_one_full  column-top-margin\" style='border-radius:0px; '><section class=\"av_textblock_section \"  itemscope=\"itemscope\" itemtype=\"https:\/\/schema.org\/BlogPosting\" itemprop=\"blogPost\" ><div class='avia_textblock  '   itemprop=\"text\" ><h2 class=\"subject\" style=\"text-align: center;\"><strong><span style=\"font-size: 18pt;\">Se inaugura oficina de atenci\u00f3n permanente de la Direcci\u00f3n del Trabajo en Chile Chico<\/span><\/strong><\/h2>\n<div id=\"gtx-trans\" style=\"position: absolute; left: -50px; top: 4.31534px;\">\n<div class=\"gtx-trans-icon\"><\/div>\n<\/div>\n<\/div><\/section><\/div><div class=\"flex_column av_one_full  flex_column_div av-zero-column-padding first  avia-builder-el-4  el_after_av_one_full  el_before_av_hr  column-top-margin\" style='border-radius:0px; '><section class=\"av_textblock_section \"  itemscope=\"itemscope\" itemtype=\"https:\/\/schema.org\/BlogPosting\" itemprop=\"blogPost\" ><div class='avia_textblock  '   itemprop=\"text\" ><p class=\"v1gmail-MsoListParagraphCxSpFirst\" style=\"text-align: justify;\"><em>Organismo extender\u00e1 tambi\u00e9n su atenci\u00f3n a la Provincia de Capit\u00e1n Prat.<\/em><\/p>\n<p class=\"v1gmail-MsoListParagraphCxSpLast\" style=\"text-align: justify;\"><em>Director nacional del Trabajo visit\u00f3 durante dos d\u00edas la regi\u00f3n de Ays\u00e9n.<\/em><\/p>\n<p class=\"v1MsoNormal\" style=\"text-align: justify;\">Durante todos los d\u00edas h\u00e1biles de cada mes atender\u00e1 la Inspecci\u00f3n Provincial del Trabajo (IPT) General Carrera, en Chile Chico, aumentando as\u00ed su capacidad de atenci\u00f3n a trabajadores, dirigentes sindicales, empleadores y p\u00fablico en general.<\/p>\n<p class=\"v1MsoNormal\" style=\"text-align: justify;\">Hasta ahora la IPT funcionaba de modo intermitente, con atenci\u00f3n brindada por la IPT de Coyhaique una semana al mes, siempre que las condiciones clim\u00e1ticas lo permitieran.<\/p>\n<p class=\"v1MsoNormal\" style=\"text-align: justify;\">El nuevo ciclo de atenci\u00f3n fue abierto el mi\u00e9rcoles pasado por el director nacional del Trabajo, Pablo Zenteno, quien cumpli\u00f3 una visita de dos d\u00edas a esta regi\u00f3n.<\/p>\n<p class=\"v1MsoNormal\" style=\"text-align: justify;\">En la ceremonia estuvieron el director regional del Instituto de Previsi\u00f3n Social y seremi (s) del Trabajo y Previsi\u00f3n Social, Rodrigo D\u00edaz, y la directora regional (s) del Trabajo, Marcela San Mart\u00edn. Todos fueron recibidos por el jefe de oficina, H\u00e9ctor Paredes. El otro funcionario de la oficina, el fiscalizador de terreno Jorge Fourniel, se encuentra en Santiago realizando un curso de capacitaci\u00f3n.<\/p>\n<p class=\"v1MsoNormal\" style=\"text-align: justify;\">La IPT funciona en su direcci\u00f3n de siempre, calle Ram\u00f3n Freire 80, y, de un modo ampliado, seguir\u00e1 atendiendo denuncias y realizando fiscalizaciones, comparendos de conciliaci\u00f3n y todas las acciones solicitadas por los usuarios.<\/p>\n<p class=\"v1MsoNormal\" style=\"text-align: justify;\">As\u00ed quedan atr\u00e1s los d\u00edas en que la atenci\u00f3n en Chile Chico la cubr\u00eda un equipo que viajaba durante un d\u00eda entero desde Coyhaique, permanec\u00eda tres d\u00edas atendiendo y ocupaba el quinto d\u00eda para el retorno. Algo similar ocurr\u00eda con la inspecci\u00f3n de Capit\u00e1n Prat, en Cochrane.<\/p>\n<p class=\"v1MsoNormal\" style=\"text-align: justify;\">Pablo Zenteno explic\u00f3 que \u00abahora se garantizar\u00e1 atenci\u00f3n presencial continua a trabajadores y trabajadoras, organizaciones sindicales, empleadores y empleadoras. En t\u00e9rminos territoriales, esta oficina cubrir\u00e1 m\u00e1s del 50% de la superficie total de la regi\u00f3n bajo su jurisdicci\u00f3n, ampliando significativamente el alcance y presencia institucional en el territorio. Adem\u00e1s, la oficina intermitente de Cochrane (IPT Capit\u00e1n Prat) pasar\u00e1 a depender de la Inspecci\u00f3n General Carrera, asegurando atenci\u00f3n mensual presencial y aumentando as\u00ed la presencia institucional en las provincias\u00bb.<\/p>\n<p class=\"v1MsoNormal\" style=\"text-align: justify;\">Este gran hito regional, fue destacado por el Seremi(s) del Trabajo y Previsi\u00f3n Social, Rodrigo D\u00edaz, quien afirm\u00f3, \u00abHoy d\u00eda inauguramos la oficina de la Direcci\u00f3n de Trabajo ac\u00e1 en Chile Chico. Esto viene a responder a la demanda que tuvimos por a\u00f1os de la ciudadan\u00eda, de los dirigentes sindicales, de los trabajadores y hasta de los empleadores. As\u00ed es que esto nos llena de felicidad. Esto es trabajo colaborativo de la cartera de trabajo, ahora tendremos presente en dependencias de ChileAtiende, al Instituto de Seguridad laboral, ISL; a la Direcci\u00f3n del Trabajo y el Instituto de Previsi\u00f3n Social, IPS, as\u00ed que con esto esperamos acercar el Estado a las personas y hacerle m\u00e1s f\u00e1cil la vida a la ciudadan\u00eda de Chile Chico y de las provincias de General Carrera y Capit\u00e1n Prat\u00bb, coment\u00f3, mencionando que a la actividad asistieron tambi\u00e9n los directores regionales del ISL, J\u00e9ssica Coronado y de Sence, Nelson Garrido .<\/p>\n<p class=\"v1MsoNormal\" style=\"text-align: justify;\"><b><u>Capacitaci\u00f3n sindical<\/u><\/b><\/p>\n<p class=\"v1MsoNormal\" style=\"text-align: justify;\">El jueves en la ma\u00f1ana, en la sede del Sindicato Empresa FrioSur en Puerto Ays\u00e9n y con la presencia de 34<b>\u00a0<\/b>dirigentes y dirigentas, la subdirectora nacional del Trabajo, Laura V\u00e1squez, y el jefe nacional del Departamento de Relaciones Laborales, Luis Villaz\u00f3n, encabezaron la realizaci\u00f3n de la primera sesi\u00f3n regional de la Escuela Nacional de Formaci\u00f3n Sindical \u00abMar\u00eda Ester Feres\u00bb, que lleva el nombre de la hist\u00f3rica directora nacional del Trabajo entre 1994 y 2004.<\/p>\n<p class=\"v1MsoNormal\" style=\"text-align: justify;\">Esta escuela formativa comenz\u00f3 a funcionar en 2023 recogiendo las opiniones y solicitudes hechas en diciembre de 2022 por 500 dirigentes y dirigentas sindicales de todo el pa\u00eds. Dichos planteamientos incidieron en la malla curricular de la escuela incluyendo tem\u00e1ticas que van m\u00e1s all\u00e1 del funcionamiento sindical dentro de las empresas y abarcando aspectos hist\u00f3ricos, econ\u00f3micos y sociopol\u00edticos.<\/p>\n<p class=\"v1MsoNormal\" style=\"text-align: justify;\">Laura V\u00e1squez dijo que \u00abnuestra escuela nacional de formaci\u00f3n sindical cambi\u00f3 los ejes tradicionales de capacitaci\u00f3n en este \u00e1mbito puesto que incorpor\u00f3 temas solicitados a nosotros por las propias dirigencias sindicales que deseaban adquirir conocimientos no solo atingentes a la legislaci\u00f3n laboral, sino que sobre todo aquellos que les permitan tener una mejor comprensi\u00f3n de todos los fen\u00f3menos sociales, econ\u00f3micos y pol\u00edticos que influyen en su quehacer como representantes de los trabajadores y trabajadoras\u00bb.<\/p>\n<p class=\"v1MsoNormal\" style=\"text-align: justify;\"><b><u>Otras actividades<\/u><\/b><\/p>\n<p class=\"v1MsoNormal\" style=\"text-align: justify;\"><b>\u00a0<\/b>En su visita regional el director del Trabajo cumpli\u00f3 una nutrida agenda de actividades. Aparte de las actividades ya explicadas, en lo protocolar, el mi\u00e9rcoles salud\u00f3 al delegado provincial presidencial de General Carrera, Crist\u00f3bal Barcel\u00f3, y al alcalde de Chile Chico, Ariel Keim, adem\u00e1s de visitar el hospital local, donde trabaj\u00f3 su abuelo, el facultativo Hern\u00e1n Zenteno Acu\u00f1a, donde se realiz\u00f3 un reconocimiento a antiguos trabajadores del hospital por parte de sus hijos y familiares, muchos de los cuales laboran ah\u00ed actualmente.<s><\/s><\/p>\n<p class=\"v1MsoNormal\" style=\"text-align: justify;\">Ayer jueves la subdirectora Laura V\u00e1squez se reuni\u00f3 con funcionarios de las inspecciones provinciales de Puerto Ays\u00e9n y Coyhaique, y tambi\u00e9n rindi\u00f3 un homenaje a la fallecida funcionaria y dirigenta gremial Ingrid Navarrete Villar, ingresada al servicio el 14 de abril de 2006 y desvinculada en 2011, siendo posteriormente reincorporada en 2014, tras lo cual fue dirigenta del Consejo Regional de la Asociaci\u00f3n Nacional de Funcionarios del Trabajo de Chile (ANFUNTCH) entre 2016 y 2021, y tambi\u00e9n dirigenta de la ANEF en Ays\u00e9n.<\/p>\n<p class=\"v1MsoNormal\" style=\"text-align: justify;\">Se conmemor\u00f3 su memoria por su compromiso con los derechos de las y los trabajadores, as\u00ed como la firmeza en sus ideales, reflejada en su activa participaci\u00f3n sindical, participando en esta instancia, sus colegas, la Seremi del Trabajo y Previsi\u00f3n Social Camila Covarrubias y los presidentes de la ANEF Ays\u00e9n, Y\u00e9ssica Almonacid y de la CUT Provincial Coyhaique, Mauricio Mu\u00f1oz.<\/p>\n<\/div><\/section><\/div><div  style='height:50px' class='hr hr-invisible   avia-builder-el-6  el_after_av_one_full  el_before_av_social_share '><span class='hr-inner ' ><span class='hr-inner-style'><\/span><\/span><\/div><\/p>\n<div  class='av-social-sharing-box  avia-builder-el-7  el_after_av_hr  el_before_av_hr  '><div class='av-share-box'><h5 class='av-share-link-description av-no-toc '>Compartir esta noticia<\/h5><ul class='av-share-box-list noLightbox'><li class='av-share-link av-social-link-facebook' ><a target=\"_blank\" aria-label=\"Compartir en Facebook\" href='https:\/\/www.facebook.com\/sharer.php?u=https:\/\/radiorevelacionfm.cl\/?p=54657&#038;t=Se%20inaugura%20oficina%20de%20atenci%C3%B3n%20permanente%20de%20la%20Direcci%C3%B3n%20del%20Trabajo%20en%20Chile%20Chico' aria-hidden='false' data-av_icon='\ue8f3' data-av_iconfont='entypo-fontello' title='' data-avia-related-tooltip='Compartir en Facebook' rel=\"noopener\"><span class='avia_hidden_link_text'>Compartir en Facebook<\/span><\/a><\/li><li class='av-share-link av-social-link-twitter' ><a target=\"_blank\" aria-label=\"Compartir en Twitter\" href='https:\/\/twitter.com\/share?text=Se%20inaugura%20oficina%20de%20atenci%C3%B3n%20permanente%20de%20la%20Direcci%C3%B3n%20del%20Trabajo%20en%20Chile%20Chico&#038;url=https:\/\/radiorevelacionfm.cl\/?p=54657' aria-hidden='false' data-av_icon='\ue8f1' data-av_iconfont='entypo-fontello' title='' data-avia-related-tooltip='Compartir en Twitter' rel=\"noopener\"><span class='avia_hidden_link_text'>Compartir en Twitter<\/span><\/a><\/li><li class='av-share-link av-social-link-whatsapp' ><a target=\"_blank\" aria-label=\"Compartir en Whatsapp\" href='https:\/\/api.whatsapp.com\/send?text=https:\/\/radiorevelacionfm.cl\/?p=54657' aria-hidden='false' data-av_icon='\uf232' data-av_iconfont='entypo-fontello' title='' data-avia-related-tooltip='Compartir en Whatsapp' rel=\"noopener\"><span class='avia_hidden_link_text'>Compartir en Whatsapp<\/span><\/a><\/li><li class='av-share-link av-social-link-linkedin' ><a target=\"_blank\" aria-label=\"Compartir en LinkedIn\" href='https:\/\/linkedin.com\/shareArticle?mini=true&#038;title=Se%20inaugura%20oficina%20de%20atenci%C3%B3n%20permanente%20de%20la%20Direcci%C3%B3n%20del%20Trabajo%20en%20Chile%20Chico&#038;url=https:\/\/radiorevelacionfm.cl\/?p=54657' aria-hidden='false' data-av_icon='\ue8fc' data-av_iconfont='entypo-fontello' title='' data-avia-related-tooltip='Compartir en LinkedIn' rel=\"noopener\"><span class='avia_hidden_link_text'>Compartir en LinkedIn<\/span><\/a><\/li><li class='av-share-link av-social-link-mail' ><a  aria-label=\"Compartir por correo\" href='mailto:?subject=Se%20inaugura%20oficina%20de%20atenci%C3%B3n%20permanente%20de%20la%20Direcci%C3%B3n%20del%20Trabajo%20en%20Chile%20Chico&#038;body=https:\/\/radiorevelacionfm.cl\/?p=54657' aria-hidden='false' data-av_icon='\ue805' data-av_iconfont='entypo-fontello' title='' data-avia-related-tooltip='Compartir por correo'><span class='avia_hidden_link_text'>Compartir por correo<\/span><\/a><\/li><\/ul><\/div><\/div>\n<div  style='height:50px' class='hr hr-invisible   avia-builder-el-8  el_after_av_social_share  el_before_av_comments_list '><span class='hr-inner ' ><span class='hr-inner-style'><\/span><\/span><\/div>\n<div  class='av-buildercomment  av-blog-meta-html-info-disabled av-blog-meta-tag-disabled  '><\/div>\n","protected":false},"excerpt":{"rendered":"","protected":false},"author":1,"featured_media":54658,"comment_status":"closed","ping_status":"closed","sticky":false,"template":"","format":"standard","meta":{"footnotes":""},"categories":[56],"tags":[],"class_list":["post-54657","post","type-post","status-publish","format-standard","has-post-thumbnail","hentry","category-trabajo"],"jetpack_featured_media_url":"https:\/\/radiorevelacionfm.cl\/wp-content\/uploads\/2025\/05\/29.05.2025-Inspeccion-Provincial-del-Trabajo-General-Carrera-2-1-1.jpeg","_links":{"self":[{"href":"https:\/\/radiorevelacionfm.cl\/index.php?rest_route=\/wp\/v2\/posts\/54657","targetHints":{"allow":["GET"]}}],"collection":[{"href":"https:\/\/radiorevelacionfm.cl\/index.php?rest_route=\/wp\/v2\/posts"}],"about":[{"href":"https:\/\/radiorevelacionfm.cl\/index.php?rest_route=\/wp\/v2\/types\/post"}],"author":[{"embeddable":true,"href":"https:\/\/radiorevelacionfm.cl\/index.php?rest_route=\/wp\/v2\/users\/1"}],"replies":[{"embeddable":true,"href":"https:\/\/radiorevelacionfm.cl\/index.php?rest_route=%2Fwp%2Fv2%2Fcomments&post=54657"}],"version-history":[{"count":2,"href":"https:\/\/radiorevelacionfm.cl\/index.php?rest_route=\/wp\/v2\/posts\/54657\/revisions"}],"predecessor-version":[{"id":54661,"href":"https:\/\/radiorevelacionfm.cl\/index.php?rest_route=\/wp\/v2\/posts\/54657\/revisions\/54661"}],"wp:featuredmedia":[{"embeddable":true,"href":"https:\/\/radiorevelacionfm.cl\/index.php?rest_route=\/wp\/v2\/media\/54658"}],"wp:attachment":[{"href":"https:\/\/radiorevelacionfm.cl\/index.php?rest_route=%2Fwp%2Fv2%2Fmedia&parent=54657"}],"wp:term":[{"taxonomy":"category","embeddable":true,"href":"https:\/\/radiorevelacionfm.cl\/index.php?rest_route=%2Fwp%2Fv2%2Fcategories&post=54657"},{"taxonomy":"post_tag","embeddable":true,"href":"https:\/\/radiorevelacionfm.cl\/index.php?rest_route=%2Fwp%2Fv2%2Ftags&post=54657"}],"curies":[{"name":"wp","href":"https:\/\/api.w.org\/{rel}","templated":true}]}}