{"id":54647,"date":"2025-05-31T12:34:53","date_gmt":"2025-05-31T15:34:53","guid":{"rendered":"https:\/\/radiorevelacionfm.cl\/?p=54647"},"modified":"2025-05-31T12:34:53","modified_gmt":"2025-05-31T15:34:53","slug":"ministerios-de-vivienda-y-de-transportes-lanzan-encuesta-que-permitira-actualizar-el-plan-de-transporte-urbano-de-coyhaique","status":"publish","type":"post","link":"https:\/\/radiorevelacionfm.cl\/?p=54647","title":{"rendered":"Ministerios de Vivienda y de Transportes lanzan encuesta que permitir\u00e1 actualizar el Plan de Transporte Urbano de Coyhaique"},"content":{"rendered":"<div class=\"flex_column av_one_full  flex_column_div av-zero-column-padding first  avia-builder-el-0  el_before_av_one_full  avia-builder-el-first  \" style='border-radius:0px; '><div  class='avia-image-container  av-styling-    avia-builder-el-1  avia-builder-el-no-sibling  avia-align-center '  itemprop=\"image\" itemscope=\"itemscope\" itemtype=\"https:\/\/schema.org\/ImageObject\"  ><div class='avia-image-container-inner'><div class='avia-image-overlay-wrap'><img decoding=\"async\" class='wp-image-54648 avia-img-lazy-loading-not-54648 avia_image' src=\"https:\/\/radiorevelacionfm.cl\/wp-content\/uploads\/2025\/05\/participantes-en-hito-lanzamiento-encuesta-parapactualizar-plan-de-transportes-de-coyhaique-1_optimized.jpg\" alt='' title='participantes-en-hito-lanzamiento-encuesta-parapactualizar-plan-de-transportes-de-coyhaique-(1)_optimized' height=\"600\" width=\"900\"  itemprop=\"thumbnailUrl\" srcset=\"https:\/\/radiorevelacionfm.cl\/wp-content\/uploads\/2025\/05\/participantes-en-hito-lanzamiento-encuesta-parapactualizar-plan-de-transportes-de-coyhaique-1_optimized.jpg 900w, https:\/\/radiorevelacionfm.cl\/wp-content\/uploads\/2025\/05\/participantes-en-hito-lanzamiento-encuesta-parapactualizar-plan-de-transportes-de-coyhaique-1_optimized-300x200.jpg 300w, https:\/\/radiorevelacionfm.cl\/wp-content\/uploads\/2025\/05\/participantes-en-hito-lanzamiento-encuesta-parapactualizar-plan-de-transportes-de-coyhaique-1_optimized-768x512.jpg 768w, https:\/\/radiorevelacionfm.cl\/wp-content\/uploads\/2025\/05\/participantes-en-hito-lanzamiento-encuesta-parapactualizar-plan-de-transportes-de-coyhaique-1_optimized-705x470.jpg 705w, https:\/\/radiorevelacionfm.cl\/wp-content\/uploads\/2025\/05\/participantes-en-hito-lanzamiento-encuesta-parapactualizar-plan-de-transportes-de-coyhaique-1_optimized-450x300.jpg 450w, https:\/\/radiorevelacionfm.cl\/wp-content\/uploads\/2025\/05\/participantes-en-hito-lanzamiento-encuesta-parapactualizar-plan-de-transportes-de-coyhaique-1_optimized-600x400.jpg 600w\" sizes=\"(max-width: 900px) 100vw, 900px\" \/><\/div><\/div><\/div><\/div><div class=\"flex_column av_one_full  flex_column_div av-zero-column-padding first  avia-builder-el-2  el_after_av_one_full  el_before_av_one_full  column-top-margin\" style='border-radius:0px; '><section class=\"av_textblock_section \"  itemscope=\"itemscope\" itemtype=\"https:\/\/schema.org\/BlogPosting\" itemprop=\"blogPost\" ><div class='avia_textblock  '   itemprop=\"text\" ><p style=\"text-align: center;\"><span style=\"font-size: 18pt;\"><strong>Ministerios de Vivienda y de Transportes lanzan encuesta que permitir\u00e1 actualizar el Plan de Transporte Urbano de Coyhaique<\/strong><\/span><\/p>\n<div id=\"gtx-trans\" style=\"position: absolute; left: -50px; top: 4.31534px;\">\n<div class=\"gtx-trans-icon\"><\/div>\n<\/div>\n<\/div><\/section><\/div><div class=\"flex_column av_one_full  flex_column_div av-zero-column-padding first  avia-builder-el-4  el_after_av_one_full  el_before_av_hr  column-top-margin\" style='border-radius:0px; '><section class=\"av_textblock_section \"  itemscope=\"itemscope\" itemtype=\"https:\/\/schema.org\/BlogPosting\" itemprop=\"blogPost\" ><div class='avia_textblock  '   itemprop=\"text\" ><p style=\"text-align: justify;\"><em>Un total de mil 800 hogares de la capital regional ser\u00e1n visitados desde las pr\u00f3ximas semanas para aplicar la encuesta denominada <strong>\u201cOrigen \u2013 Destino\u201d<\/strong>, cuyo prop\u00f3sito es determinar c\u00f3mo se movilizan diariamente los habitantes de Coyhaique y detectar las necesidades del sistema de transporte en la ciudad.<\/em><\/p>\n<p style=\"text-align: justify;\">La encuesta, que se lanz\u00f3 este viernes con participaci\u00f3n de autoridades y representantes de la comunidad, forma parte del estudio <strong>\u201cActualizaci\u00f3n del Plan de Transporte Urbano de Coyhaique\u201d<\/strong>, iniciativa que es desarrollada y financiada con 419 millones de pesos por el Ministerio de Vivienda y Urbanismo (Minvu) a trav\u00e9s de su SEREMI y SERVIU regional, contando con el apoyo t\u00e9cnico del Ministerio de Transportes y Telecomunicaciones, mediante su SEREMI regional y la Secretar\u00eda de Planificaci\u00f3n y Transporte (SECTRA).<\/p>\n<p style=\"text-align: justify;\">En ese contexto, la Seremi de Vivienda y Urbanismo, Paulina Ruz, record\u00f3 que Coyhaique cuenta actualmente con una poblaci\u00f3n urbana que bordea los 57 mil habitantes, sin embargo, la ciudad no dispone de informaci\u00f3n actualizada sobre sus patrones de movilidad ni sobre las zonas que concentran la generaci\u00f3n y atracci\u00f3n de viajes, ya que el \u00faltimo estudio fue aplicado hace ya m\u00e1s de 20 a\u00f1os.<\/p>\n<p style=\"text-align: justify;\">\u201cEsta encuesta nos servir\u00e1 para conocer a cabalidad c\u00f3mo se desplazan las familias de Coyhaique, hacia d\u00f3nde se desplazan y por qu\u00e9 se desplazan. Hay que recalcar que la encuesta es de car\u00e1cter confidencial y se pretende visitar en cuatro meses a mil 800 hogares. Es importante para nosotros porque adem\u00e1s ser\u00e1n encuestadas personas del transporte p\u00fablico y usuarios, lo que nos permite tener una radiograf\u00eda, una herramienta fundamental que va a permitir proyectar la ciudad de Coyhaique respecto a las necesidades de la poblaci\u00f3n en materia de infraestructura, en materia de transporte y tambi\u00e9n por supuesto pensando en que la ciudad crece exponencialmente y que necesitamos una herramienta que sea de car\u00e1cter actualizado\u201d, afirm\u00f3.<\/p>\n<p style=\"text-align: justify;\">El hito de lanzamiento cont\u00f3 con la participaci\u00f3n del Subsecretario de Trasportes y Telecomunicaciones, Jorge Daza, quien indic\u00f3 que esta iniciativa forma parte de una estrategia nacional orientada a dotar a las principales ciudades del pa\u00eds de planes de desarrollo y gesti\u00f3n de sus sistemas de transporte, basados en criterios t\u00e9cnicos rigurosos y en la rentabilidad social. Para eso, destac\u00f3, es esencial disponer de informaci\u00f3n confiable y actualizada.<\/p>\n<p style=\"text-align: justify;\">\u201cEstamos muy contentos de poder lanzar esta encuesta de origen destino que se va a desarrollar dentro de los meses de mayo a septiembre de este 2025. Hay una inversi\u00f3n importante, con fondos sectoriales del Minvu, que nos ha colaborado con los recursos y para desarrollar esta encuesta de origen destino a trav\u00e9s de Sectra, del Ministerio de Transportes y Telecomunicaciones. Tambi\u00e9n vamos a encuestar a personas en la calle y a nuestros sistemas de transporte actuales para saber c\u00f3mo se movilizan, hacia d\u00f3nde se mueven, cu\u00e1les son los principales viajes que hacen durante un d\u00eda. Esta informaci\u00f3n es muy importante porque nos va a permitir proyectar mejoras de la infraestructura, por ejemplo, o nuevos sistemas de transporte\u201d, se\u00f1al\u00f3.<\/p>\n<p style=\"text-align: justify;\">Tambi\u00e9n el representante de la consultora a cargo del proceso, Mariano Pedraza, entreg\u00f3 detalles de la encuesta que se empezar\u00e1 aplicar en las pr\u00f3ximas semanas. \u201cB\u00e1sicamente la encuesta consiste en visitar los hogares en dos instancias. En una recopilamos informaci\u00f3n respecto de las caracter\u00edsticas del hogar, el n\u00famero de personas, sus actividades que realizan, y en una segunda etapa volvemos a visitar al hogar y le consultamos por los viajes que realizaron tanto en un d\u00eda laboral, un d\u00eda s\u00e1bado y un d\u00eda domingo. Todos nuestros encuestadores estar\u00e1n debidamente identificados con un traje, con un gorro, con credenciales, est\u00e1 todo montado en una p\u00e1gina web que van a poder visitar con toda la seguridad y todos los datos que se levantan son de car\u00e1cter confidencial, son solamente para efectos de este estudio de movilidad y que es la piedra angular sobre la cual se monta desde el punto de vista t\u00e9cnico todo un plan de transporte para Coyhaique\u201d, precis\u00f3.<\/p>\n<p style=\"text-align: justify;\">Finalmente, la Seremi de Vivienda y Urbanismo, y el Subsecretario de Transportes hicieron un llamado a la comunidad para que abran con confianza las puertas de sus hogares y compartan esta informaci\u00f3n que es tan relevante para la identificaci\u00f3n, dise\u00f1o y evaluaci\u00f3n econ\u00f3mica de proyectos y pol\u00edticas en transporte urbano. Lo anterior considerando sobre todo que los resultados de la encuesta permitir\u00e1n guiar pol\u00edticas p\u00fablicas de transporte y planificar futuros proyectos de inversi\u00f3n que optimicen el uso de la infraestructura vial existente en la ciudad de Coyhaique, fortaleciendo los distintos modos de transporte y promoviendo a la vez el desarrollo sustentable y el potencial tur\u00edstico de la ciudad.<\/p>\n<\/div><\/section><\/div><div  style='height:50px' class='hr hr-invisible   avia-builder-el-6  el_after_av_one_full  el_before_av_social_share '><span class='hr-inner ' ><span class='hr-inner-style'><\/span><\/span><\/div><\/p>\n<div  class='av-social-sharing-box  avia-builder-el-7  el_after_av_hr  el_before_av_hr  '><div class='av-share-box'><h5 class='av-share-link-description av-no-toc '>Compartir esta noticia<\/h5><ul class='av-share-box-list noLightbox'><li class='av-share-link av-social-link-facebook' ><a target=\"_blank\" aria-label=\"Compartir en Facebook\" href='https:\/\/www.facebook.com\/sharer.php?u=https:\/\/radiorevelacionfm.cl\/?p=54647&#038;t=Ministerios%20de%20Vivienda%20y%20de%20Transportes%20lanzan%20encuesta%20que%20permitir%C3%A1%20actualizar%20el%20Plan%20de%20Transporte%20Urbano%20de%20Coyhaique' aria-hidden='false' data-av_icon='\ue8f3' data-av_iconfont='entypo-fontello' title='' data-avia-related-tooltip='Compartir en Facebook' rel=\"noopener\"><span class='avia_hidden_link_text'>Compartir en Facebook<\/span><\/a><\/li><li class='av-share-link av-social-link-twitter' ><a target=\"_blank\" aria-label=\"Compartir en Twitter\" href='https:\/\/twitter.com\/share?text=Ministerios%20de%20Vivienda%20y%20de%20Transportes%20lanzan%20encuesta%20que%20permitir%C3%A1%20actualizar%20el%20Plan%20de%20Transporte%20Urbano%20de%20Coyhaique&#038;url=https:\/\/radiorevelacionfm.cl\/?p=54647' aria-hidden='false' data-av_icon='\ue8f1' data-av_iconfont='entypo-fontello' title='' data-avia-related-tooltip='Compartir en Twitter' rel=\"noopener\"><span class='avia_hidden_link_text'>Compartir en Twitter<\/span><\/a><\/li><li class='av-share-link av-social-link-whatsapp' ><a target=\"_blank\" aria-label=\"Compartir en Whatsapp\" href='https:\/\/api.whatsapp.com\/send?text=https:\/\/radiorevelacionfm.cl\/?p=54647' aria-hidden='false' data-av_icon='\uf232' data-av_iconfont='entypo-fontello' title='' data-avia-related-tooltip='Compartir en Whatsapp' rel=\"noopener\"><span class='avia_hidden_link_text'>Compartir en Whatsapp<\/span><\/a><\/li><li class='av-share-link av-social-link-linkedin' ><a target=\"_blank\" aria-label=\"Compartir en LinkedIn\" href='https:\/\/linkedin.com\/shareArticle?mini=true&#038;title=Ministerios%20de%20Vivienda%20y%20de%20Transportes%20lanzan%20encuesta%20que%20permitir%C3%A1%20actualizar%20el%20Plan%20de%20Transporte%20Urbano%20de%20Coyhaique&#038;url=https:\/\/radiorevelacionfm.cl\/?p=54647' aria-hidden='false' data-av_icon='\ue8fc' data-av_iconfont='entypo-fontello' title='' data-avia-related-tooltip='Compartir en LinkedIn' rel=\"noopener\"><span class='avia_hidden_link_text'>Compartir en LinkedIn<\/span><\/a><\/li><li class='av-share-link av-social-link-mail' ><a  aria-label=\"Compartir por correo\" href='mailto:?subject=Ministerios%20de%20Vivienda%20y%20de%20Transportes%20lanzan%20encuesta%20que%20permitir%C3%A1%20actualizar%20el%20Plan%20de%20Transporte%20Urbano%20de%20Coyhaique&#038;body=https:\/\/radiorevelacionfm.cl\/?p=54647' aria-hidden='false' data-av_icon='\ue805' data-av_iconfont='entypo-fontello' title='' data-avia-related-tooltip='Compartir por correo'><span class='avia_hidden_link_text'>Compartir por correo<\/span><\/a><\/li><\/ul><\/div><\/div>\n<div  style='height:50px' class='hr hr-invisible   avia-builder-el-8  el_after_av_social_share  el_before_av_comments_list '><span class='hr-inner ' ><span class='hr-inner-style'><\/span><\/span><\/div>\n<div  class='av-buildercomment  av-blog-meta-html-info-disabled av-blog-meta-tag-disabled  '><\/div>\n","protected":false},"excerpt":{"rendered":"","protected":false},"author":1,"featured_media":54648,"comment_status":"closed","ping_status":"closed","sticky":false,"template":"","format":"standard","meta":{"footnotes":""},"categories":[59],"tags":[],"class_list":["post-54647","post","type-post","status-publish","format-standard","has-post-thumbnail","hentry","category-transporte"],"jetpack_featured_media_url":"https:\/\/radiorevelacionfm.cl\/wp-content\/uploads\/2025\/05\/participantes-en-hito-lanzamiento-encuesta-parapactualizar-plan-de-transportes-de-coyhaique-1_optimized.jpg","_links":{"self":[{"href":"https:\/\/radiorevelacionfm.cl\/index.php?rest_route=\/wp\/v2\/posts\/54647","targetHints":{"allow":["GET"]}}],"collection":[{"href":"https:\/\/radiorevelacionfm.cl\/index.php?rest_route=\/wp\/v2\/posts"}],"about":[{"href":"https:\/\/radiorevelacionfm.cl\/index.php?rest_route=\/wp\/v2\/types\/post"}],"author":[{"embeddable":true,"href":"https:\/\/radiorevelacionfm.cl\/index.php?rest_route=\/wp\/v2\/users\/1"}],"replies":[{"embeddable":true,"href":"https:\/\/radiorevelacionfm.cl\/index.php?rest_route=%2Fwp%2Fv2%2Fcomments&post=54647"}],"version-history":[{"count":2,"href":"https:\/\/radiorevelacionfm.cl\/index.php?rest_route=\/wp\/v2\/posts\/54647\/revisions"}],"predecessor-version":[{"id":54650,"href":"https:\/\/radiorevelacionfm.cl\/index.php?rest_route=\/wp\/v2\/posts\/54647\/revisions\/54650"}],"wp:featuredmedia":[{"embeddable":true,"href":"https:\/\/radiorevelacionfm.cl\/index.php?rest_route=\/wp\/v2\/media\/54648"}],"wp:attachment":[{"href":"https:\/\/radiorevelacionfm.cl\/index.php?rest_route=%2Fwp%2Fv2%2Fmedia&parent=54647"}],"wp:term":[{"taxonomy":"category","embeddable":true,"href":"https:\/\/radiorevelacionfm.cl\/index.php?rest_route=%2Fwp%2Fv2%2Fcategories&post=54647"},{"taxonomy":"post_tag","embeddable":true,"href":"https:\/\/radiorevelacionfm.cl\/index.php?rest_route=%2Fwp%2Fv2%2Ftags&post=54647"}],"curies":[{"name":"wp","href":"https:\/\/api.w.org\/{rel}","templated":true}]}}