{"id":54644,"date":"2025-05-31T18:37:21","date_gmt":"2025-05-31T21:37:21","guid":{"rendered":"https:\/\/radiorevelacionfm.cl\/?p=54644"},"modified":"2025-05-31T18:37:21","modified_gmt":"2025-05-31T21:37:21","slug":"el-tribunal-estimo-que-la-medida-provisional-decretada-por-la-sma-fue-idonea-y-suficientemente-fundamentada","status":"publish","type":"post","link":"https:\/\/radiorevelacionfm.cl\/?p=54644","title":{"rendered":"El Tribunal estim\u00f3 que la medida provisional decretada por la SMA fue id\u00f3nea y suficientemente fundamentada."},"content":{"rendered":"<div class=\"flex_column av_one_full  flex_column_div av-zero-column-padding first  avia-builder-el-0  el_before_av_one_full  avia-builder-el-first  \" style='border-radius:0px; '><div  class='avia-image-container  av-styling-    avia-builder-el-1  avia-builder-el-no-sibling  avia-align-center '  itemprop=\"image\" itemscope=\"itemscope\" itemtype=\"https:\/\/schema.org\/ImageObject\"  ><div class='avia-image-container-inner'><div class='avia-image-overlay-wrap'><img decoding=\"async\" class='wp-image-54645 avia-img-lazy-loading-not-54645 avia_image' src=\"https:\/\/radiorevelacionfm.cl\/wp-content\/uploads\/2025\/05\/TercerTribunalAmbiental-1-1.jpg\" alt='' title='TercerTribunalAmbiental (1) (1)' height=\"600\" width=\"1067\"  itemprop=\"thumbnailUrl\" srcset=\"https:\/\/radiorevelacionfm.cl\/wp-content\/uploads\/2025\/05\/TercerTribunalAmbiental-1-1.jpg 1067w, https:\/\/radiorevelacionfm.cl\/wp-content\/uploads\/2025\/05\/TercerTribunalAmbiental-1-1-300x169.jpg 300w, https:\/\/radiorevelacionfm.cl\/wp-content\/uploads\/2025\/05\/TercerTribunalAmbiental-1-1-1030x579.jpg 1030w, https:\/\/radiorevelacionfm.cl\/wp-content\/uploads\/2025\/05\/TercerTribunalAmbiental-1-1-768x432.jpg 768w, https:\/\/radiorevelacionfm.cl\/wp-content\/uploads\/2025\/05\/TercerTribunalAmbiental-1-1-705x396.jpg 705w, https:\/\/radiorevelacionfm.cl\/wp-content\/uploads\/2025\/05\/TercerTribunalAmbiental-1-1-450x253.jpg 450w, https:\/\/radiorevelacionfm.cl\/wp-content\/uploads\/2025\/05\/TercerTribunalAmbiental-1-1-600x337.jpg 600w\" sizes=\"(max-width: 1067px) 100vw, 1067px\" \/><\/div><\/div><\/div><\/div><div class=\"flex_column av_one_full  flex_column_div av-zero-column-padding first  avia-builder-el-2  el_after_av_one_full  el_before_av_one_full  column-top-margin\" style='border-radius:0px; '><section class=\"av_textblock_section \"  itemscope=\"itemscope\" itemtype=\"https:\/\/schema.org\/BlogPosting\" itemprop=\"blogPost\" ><div class='avia_textblock  '   itemprop=\"text\" ><h2 class=\"title\" style=\"text-align: center;\"><span style=\"font-size: 18pt;\"><strong>El Tribunal estim\u00f3 que la medida provisional decretada por la SMA fue id\u00f3nea y suficientemente fundamentada.<\/strong><\/span><\/h2>\n<div id=\"gtx-trans\" style=\"position: absolute; left: -50px; top: 4.31534px;\">\n<div class=\"gtx-trans-icon\"><\/div>\n<\/div>\n<\/div><\/section><\/div><div class=\"flex_column av_one_full  flex_column_div av-zero-column-padding first  avia-builder-el-4  el_after_av_one_full  el_before_av_hr  column-top-margin\" style='border-radius:0px; '><section class=\"av_textblock_section \"  itemscope=\"itemscope\" itemtype=\"https:\/\/schema.org\/BlogPosting\" itemprop=\"blogPost\" ><div class='avia_textblock  '   itemprop=\"text\" ><p style=\"text-align: justify;\">La empresa Cooke Aquaculture Chile S.A interpuso una reclamaci\u00f3n de ilegalidad ante el Tercer Tribunal Ambiental en contra de la Superintendencia del Medio Ambiente (SMA), que por medio de la Res. Ex. N\u00ba 303, de 25 de febrero de 2025, orden\u00f3 la medida provisional procedimental que paraliz\u00f3 la siembra del Centro de Cultivo de Salmones \u00abHuillines 3\u00bb, en la Regi\u00f3n de Ays\u00e9n.<\/p>\n<p style=\"text-align: justify;\">La empresa aleg\u00f3 que la SMA habr\u00eda ocultado antecedentes que dar\u00edan cuenta de que la empresa no genera riesgo al medio ambiente, con el prop\u00f3sito de que el Tribunal<span class=\"gmail_default\">\u00a0<\/span>autorizara la medida. Agreg\u00f3 que la aplicaci\u00f3n de la medida no cumpl\u00eda con los requisitos establecidos por el legislador. Cabe recordar que la SMA formul\u00f3 cargos a Cooke Aquaculture, entre ellos uno por elusi\u00f3n al SEIA, el que fue calificado como grave. Mediante este cargo se imput\u00f3 a la empresa la\u00a0<i>\u201cModificaci\u00f3n del proyecto ejecutado en el CES Huillines 3, que no ha sido evaluada ambientalmente, y consistente en la producci\u00f3n de recursos hidrobiol\u00f3gicos de salmones, mediante un sistema de producci\u00f3n intensivo, mayor a 35 toneladas.\u201d<\/i><\/p>\n<\/div><\/section><\/div><div  style='height:50px' class='hr hr-invisible   avia-builder-el-6  el_after_av_one_full  el_before_av_social_share '><span class='hr-inner ' ><span class='hr-inner-style'><\/span><\/span><\/div><\/p>\n<div  class='av-social-sharing-box  avia-builder-el-7  el_after_av_hr  el_before_av_hr  '><div class='av-share-box'><h5 class='av-share-link-description av-no-toc '>Compartir esta noticia<\/h5><ul class='av-share-box-list noLightbox'><li class='av-share-link av-social-link-facebook' ><a target=\"_blank\" aria-label=\"Compartir en Facebook\" href='https:\/\/www.facebook.com\/sharer.php?u=https:\/\/radiorevelacionfm.cl\/?p=54644&#038;t=El%20Tribunal%20estim%C3%B3%20que%20la%20medida%20provisional%20decretada%20por%20la%20SMA%20fue%20id%C3%B3nea%20y%20suficientemente%20fundamentada.' aria-hidden='false' data-av_icon='\ue8f3' data-av_iconfont='entypo-fontello' title='' data-avia-related-tooltip='Compartir en Facebook' rel=\"noopener\"><span class='avia_hidden_link_text'>Compartir en Facebook<\/span><\/a><\/li><li class='av-share-link av-social-link-twitter' ><a target=\"_blank\" aria-label=\"Compartir en Twitter\" href='https:\/\/twitter.com\/share?text=El%20Tribunal%20estim%C3%B3%20que%20la%20medida%20provisional%20decretada%20por%20la%20SMA%20fue%20id%C3%B3nea%20y%20suficientemente%20fundamentada.&#038;url=https:\/\/radiorevelacionfm.cl\/?p=54644' aria-hidden='false' data-av_icon='\ue8f1' data-av_iconfont='entypo-fontello' title='' data-avia-related-tooltip='Compartir en Twitter' rel=\"noopener\"><span class='avia_hidden_link_text'>Compartir en Twitter<\/span><\/a><\/li><li class='av-share-link av-social-link-whatsapp' ><a target=\"_blank\" aria-label=\"Compartir en Whatsapp\" href='https:\/\/api.whatsapp.com\/send?text=https:\/\/radiorevelacionfm.cl\/?p=54644' aria-hidden='false' data-av_icon='\uf232' data-av_iconfont='entypo-fontello' title='' data-avia-related-tooltip='Compartir en Whatsapp' rel=\"noopener\"><span class='avia_hidden_link_text'>Compartir en Whatsapp<\/span><\/a><\/li><li class='av-share-link av-social-link-linkedin' ><a target=\"_blank\" aria-label=\"Compartir en LinkedIn\" href='https:\/\/linkedin.com\/shareArticle?mini=true&#038;title=El%20Tribunal%20estim%C3%B3%20que%20la%20medida%20provisional%20decretada%20por%20la%20SMA%20fue%20id%C3%B3nea%20y%20suficientemente%20fundamentada.&#038;url=https:\/\/radiorevelacionfm.cl\/?p=54644' aria-hidden='false' data-av_icon='\ue8fc' data-av_iconfont='entypo-fontello' title='' data-avia-related-tooltip='Compartir en LinkedIn' rel=\"noopener\"><span class='avia_hidden_link_text'>Compartir en LinkedIn<\/span><\/a><\/li><li class='av-share-link av-social-link-mail' ><a  aria-label=\"Compartir por correo\" href='mailto:?subject=El%20Tribunal%20estim%C3%B3%20que%20la%20medida%20provisional%20decretada%20por%20la%20SMA%20fue%20id%C3%B3nea%20y%20suficientemente%20fundamentada.&#038;body=https:\/\/radiorevelacionfm.cl\/?p=54644' aria-hidden='false' data-av_icon='\ue805' data-av_iconfont='entypo-fontello' title='' data-avia-related-tooltip='Compartir por correo'><span class='avia_hidden_link_text'>Compartir por correo<\/span><\/a><\/li><\/ul><\/div><\/div>\n<div  style='height:50px' class='hr hr-invisible   avia-builder-el-8  el_after_av_social_share  el_before_av_comments_list '><span class='hr-inner ' ><span class='hr-inner-style'><\/span><\/span><\/div>\n<div  class='av-buildercomment  av-blog-meta-html-info-disabled av-blog-meta-tag-disabled  '><\/div>\n","protected":false},"excerpt":{"rendered":"","protected":false},"author":1,"featured_media":54645,"comment_status":"closed","ping_status":"closed","sticky":false,"template":"","format":"standard","meta":{"footnotes":""},"categories":[39,60,38],"tags":[],"class_list":["post-54644","post","type-post","status-publish","format-standard","has-post-thumbnail","hentry","category-medio-ambiente","category-pesca","category-regional"],"jetpack_featured_media_url":"https:\/\/radiorevelacionfm.cl\/wp-content\/uploads\/2025\/05\/TercerTribunalAmbiental-1-1.jpg","_links":{"self":[{"href":"https:\/\/radiorevelacionfm.cl\/index.php?rest_route=\/wp\/v2\/posts\/54644","targetHints":{"allow":["GET"]}}],"collection":[{"href":"https:\/\/radiorevelacionfm.cl\/index.php?rest_route=\/wp\/v2\/posts"}],"about":[{"href":"https:\/\/radiorevelacionfm.cl\/index.php?rest_route=\/wp\/v2\/types\/post"}],"author":[{"embeddable":true,"href":"https:\/\/radiorevelacionfm.cl\/index.php?rest_route=\/wp\/v2\/users\/1"}],"replies":[{"embeddable":true,"href":"https:\/\/radiorevelacionfm.cl\/index.php?rest_route=%2Fwp%2Fv2%2Fcomments&post=54644"}],"version-history":[{"count":2,"href":"https:\/\/radiorevelacionfm.cl\/index.php?rest_route=\/wp\/v2\/posts\/54644\/revisions"}],"predecessor-version":[{"id":54660,"href":"https:\/\/radiorevelacionfm.cl\/index.php?rest_route=\/wp\/v2\/posts\/54644\/revisions\/54660"}],"wp:featuredmedia":[{"embeddable":true,"href":"https:\/\/radiorevelacionfm.cl\/index.php?rest_route=\/wp\/v2\/media\/54645"}],"wp:attachment":[{"href":"https:\/\/radiorevelacionfm.cl\/index.php?rest_route=%2Fwp%2Fv2%2Fmedia&parent=54644"}],"wp:term":[{"taxonomy":"category","embeddable":true,"href":"https:\/\/radiorevelacionfm.cl\/index.php?rest_route=%2Fwp%2Fv2%2Fcategories&post=54644"},{"taxonomy":"post_tag","embeddable":true,"href":"https:\/\/radiorevelacionfm.cl\/index.php?rest_route=%2Fwp%2Fv2%2Ftags&post=54644"}],"curies":[{"name":"wp","href":"https:\/\/api.w.org\/{rel}","templated":true}]}}