{"id":54641,"date":"2025-05-31T15:51:25","date_gmt":"2025-05-31T18:51:25","guid":{"rendered":"https:\/\/radiorevelacionfm.cl\/?p=54641"},"modified":"2025-05-31T15:51:25","modified_gmt":"2025-05-31T18:51:25","slug":"ministerio-del-interior-refuerza-coordinacion-con-delegados-presidenciales-previo-a-la-cuenta-publica-2025","status":"publish","type":"post","link":"https:\/\/radiorevelacionfm.cl\/?p=54641","title":{"rendered":"Ministerio del Interior refuerza coordinaci\u00f3n con delegados presidenciales previo a la Cuenta P\u00fablica 2025"},"content":{"rendered":"<div class=\"flex_column av_one_full  flex_column_div av-zero-column-padding first  avia-builder-el-0  el_before_av_one_full  avia-builder-el-first  \" style='border-radius:0px; '><div  class='avia-image-container  av-styling-    avia-builder-el-1  avia-builder-el-no-sibling  avia-align-center '  itemprop=\"image\" itemscope=\"itemscope\" itemtype=\"https:\/\/schema.org\/ImageObject\"  ><div class='avia-image-container-inner'><div class='avia-image-overlay-wrap'><img decoding=\"async\" class='wp-image-54642 avia-img-lazy-loading-not-54642 avia_image' src=\"https:\/\/radiorevelacionfm.cl\/wp-content\/uploads\/2025\/05\/501288338_1103422065146358_4722554811913055181_n-1-1.jpg\" alt='' title='501288338_1103422065146358_4722554811913055181_n (1) (1)' height=\"600\" width=\"900\"  itemprop=\"thumbnailUrl\" srcset=\"https:\/\/radiorevelacionfm.cl\/wp-content\/uploads\/2025\/05\/501288338_1103422065146358_4722554811913055181_n-1-1.jpg 900w, https:\/\/radiorevelacionfm.cl\/wp-content\/uploads\/2025\/05\/501288338_1103422065146358_4722554811913055181_n-1-1-300x200.jpg 300w, https:\/\/radiorevelacionfm.cl\/wp-content\/uploads\/2025\/05\/501288338_1103422065146358_4722554811913055181_n-1-1-768x512.jpg 768w, https:\/\/radiorevelacionfm.cl\/wp-content\/uploads\/2025\/05\/501288338_1103422065146358_4722554811913055181_n-1-1-705x470.jpg 705w, https:\/\/radiorevelacionfm.cl\/wp-content\/uploads\/2025\/05\/501288338_1103422065146358_4722554811913055181_n-1-1-450x300.jpg 450w, https:\/\/radiorevelacionfm.cl\/wp-content\/uploads\/2025\/05\/501288338_1103422065146358_4722554811913055181_n-1-1-600x400.jpg 600w\" sizes=\"(max-width: 900px) 100vw, 900px\" \/><\/div><\/div><\/div><\/div><div class=\"flex_column av_one_full  flex_column_div av-zero-column-padding first  avia-builder-el-2  el_after_av_one_full  el_before_av_one_full  column-top-margin\" style='border-radius:0px; '><section class=\"av_textblock_section \"  itemscope=\"itemscope\" itemtype=\"https:\/\/schema.org\/BlogPosting\" itemprop=\"blogPost\" ><div class='avia_textblock  '   itemprop=\"text\" ><h2 class=\"title\" style=\"text-align: center;\"><span style=\"font-size: 18pt;\"><b>Ministerio del Interior refuerza coordinaci\u00f3n con delegados presidenciales previo a la Cuenta P\u00fablica 2025<\/b><\/span><\/h2>\n<div id=\"gtx-trans\" style=\"position: absolute; left: -50px; top: 4.31534px;\">\n<div class=\"gtx-trans-icon\"><\/div>\n<\/div>\n<\/div><\/section><\/div><div class=\"flex_column av_one_full  flex_column_div av-zero-column-padding first  avia-builder-el-4  el_after_av_one_full  el_before_av_hr  column-top-margin\" style='border-radius:0px; '><section class=\"av_textblock_section \"  itemscope=\"itemscope\" itemtype=\"https:\/\/schema.org\/BlogPosting\" itemprop=\"blogPost\" ><div class='avia_textblock  '   itemprop=\"text\" ><p style=\"font-weight: 400; text-align: justify;\">El ministro del Interior, \u00c1lvaro Elizalde, junto al subsecretario de la cartera, V\u00edctor Ramos, y su par de Desarrollo Regional, Francisca Perales, lideraron dos jornadas de trabajo en el Palacio de La Moneda con los delegados y delegadas presidenciales regionales, con el fin de abordar los objetivos de la Cuenta P\u00fablica 2025 del Presidente Gabriel Boric Font.<\/p>\n<p style=\"font-weight: 400; text-align: justify;\">Durante el encuentro, realizado en las dependencias de la cartera en la sede del Ejecutivo, las autoridades transmitieron la importancia de que los representantes regionales desplieguen un di\u00e1logo abierto en los territorios y contin\u00faen fortaleciendo el cumplimiento de los objetivos del \u00faltimo a\u00f1o de gobierno.<\/p>\n<p style=\"font-weight: 400; text-align: justify;\">Al respecto, el jefe de gabinete coment\u00f3 que \u201cnos reunimos con los delegados y delegadas para conversar sobre los distintos avances en sus regiones y tambi\u00e9n para abordar los desaf\u00edos de estos pr\u00f3ximos meses. Para que los proyectos que lleva adelante el Gobierno se sigan transformando en hechos concretos, es fundamental la coordinaci\u00f3n con las delegaciones y los servicios p\u00fablicos, y as\u00ed seguir trabajando en mejorar la calidad de vida de todos y todas\u201d.<\/p>\n<p style=\"font-weight: 400; text-align: justify;\">El Delegado Presidencial Regional de Ays\u00e9n, Jorge D\u00edaz Guzm\u00e1n, destac\u00f3 la importancia de la coordinaci\u00f3n interinstitucional para facilitar la gesti\u00f3n descentralizada al servicio de las comunidades en los diferentes territorios.<\/p>\n<p style=\"font-weight: 400; text-align: justify;\">\u201cEl trabajo que realizamos como delegaciones presidenciales regionales es la coordinaci\u00f3n de los servicios. Nosotros tenemos el Plan de Desarrollo de Zonas Extremas. Tenemos un gran trabajo en ese sentido y tenemos que sacar adelante una cartera de proyectos, que tiene m\u00e1s de 2.000 millones de d\u00f3lares destinados, con obras p\u00fablicas como eje principal, porque ese es el trabajo que tenemos que desarrollar en la Regi\u00f3n de Ays\u00e9n\u201d, indic\u00f3.<\/p>\n<p style=\"font-weight: 400; text-align: justify;\">Asimismo, en la jornada de trabajo tambi\u00e9n se reforz\u00f3 el rol de las delegaciones en la prevenci\u00f3n y respuesta ante desastres y emergencias.<\/p>\n<p style=\"font-weight: 400; text-align: justify;\">\u201cEstamos enfocados en responder de forma \u00e1gil a los desastres socioambientales que afectan a los chilenos y chilenas. Es por eso que transmitimos a los delegados la relevancia de su liderazgo en coordinar a todos los servicios p\u00fablicos y los esfuerzos del \u00e1mbito privado que contribuyan a ofrecer certezas y tranquilidad a las personas. La mejor manera de ejercer ese liderazgo es ofrecer informaci\u00f3n concisa, r\u00e1pida y facilitar todo el apoyo del Estado, tal como ocurri\u00f3 con el reciente fen\u00f3meno clim\u00e1tico que afect\u00f3 a Puerto Varas\u201d, transmiti\u00f3 el subsecretario V\u00edctor Ramos.<\/p>\n<p style=\"font-weight: 400; text-align: justify;\">Adem\u00e1s, en el contexto de las pr\u00f3ximas elecciones parlamentarias y presidenciales, las autoridades de Interior reforzaron la relevancia de cumplir con el Instructivo Presidencial de Prescindencia emitido por el Gobierno a inicios de mayo, e instruir su aplicaci\u00f3n a todos los funcionarios p\u00fablicos.<\/p>\n<\/div><\/section><\/div><div  style='height:50px' class='hr hr-invisible   avia-builder-el-6  el_after_av_one_full  el_before_av_social_share '><span class='hr-inner ' ><span class='hr-inner-style'><\/span><\/span><\/div><\/p>\n<div  class='av-social-sharing-box  avia-builder-el-7  el_after_av_hr  el_before_av_hr  '><div class='av-share-box'><h5 class='av-share-link-description av-no-toc '>Compartir esta noticia<\/h5><ul class='av-share-box-list noLightbox'><li class='av-share-link av-social-link-facebook' ><a target=\"_blank\" aria-label=\"Compartir en Facebook\" href='https:\/\/www.facebook.com\/sharer.php?u=https:\/\/radiorevelacionfm.cl\/?p=54641&#038;t=Ministerio%20del%20Interior%20refuerza%20coordinaci%C3%B3n%20con%20delegados%20presidenciales%20previo%20a%20la%20Cuenta%20P%C3%BAblica%202025' aria-hidden='false' data-av_icon='\ue8f3' data-av_iconfont='entypo-fontello' title='' data-avia-related-tooltip='Compartir en Facebook' rel=\"noopener\"><span class='avia_hidden_link_text'>Compartir en Facebook<\/span><\/a><\/li><li class='av-share-link av-social-link-twitter' ><a target=\"_blank\" aria-label=\"Compartir en Twitter\" href='https:\/\/twitter.com\/share?text=Ministerio%20del%20Interior%20refuerza%20coordinaci%C3%B3n%20con%20delegados%20presidenciales%20previo%20a%20la%20Cuenta%20P%C3%BAblica%202025&#038;url=https:\/\/radiorevelacionfm.cl\/?p=54641' aria-hidden='false' data-av_icon='\ue8f1' data-av_iconfont='entypo-fontello' title='' data-avia-related-tooltip='Compartir en Twitter' rel=\"noopener\"><span class='avia_hidden_link_text'>Compartir en Twitter<\/span><\/a><\/li><li class='av-share-link av-social-link-whatsapp' ><a target=\"_blank\" aria-label=\"Compartir en Whatsapp\" href='https:\/\/api.whatsapp.com\/send?text=https:\/\/radiorevelacionfm.cl\/?p=54641' aria-hidden='false' data-av_icon='\uf232' data-av_iconfont='entypo-fontello' title='' data-avia-related-tooltip='Compartir en Whatsapp' rel=\"noopener\"><span class='avia_hidden_link_text'>Compartir en Whatsapp<\/span><\/a><\/li><li class='av-share-link av-social-link-linkedin' ><a target=\"_blank\" aria-label=\"Compartir en LinkedIn\" href='https:\/\/linkedin.com\/shareArticle?mini=true&#038;title=Ministerio%20del%20Interior%20refuerza%20coordinaci%C3%B3n%20con%20delegados%20presidenciales%20previo%20a%20la%20Cuenta%20P%C3%BAblica%202025&#038;url=https:\/\/radiorevelacionfm.cl\/?p=54641' aria-hidden='false' data-av_icon='\ue8fc' data-av_iconfont='entypo-fontello' title='' data-avia-related-tooltip='Compartir en LinkedIn' rel=\"noopener\"><span class='avia_hidden_link_text'>Compartir en LinkedIn<\/span><\/a><\/li><li class='av-share-link av-social-link-mail' ><a  aria-label=\"Compartir por correo\" href='mailto:?subject=Ministerio%20del%20Interior%20refuerza%20coordinaci%C3%B3n%20con%20delegados%20presidenciales%20previo%20a%20la%20Cuenta%20P%C3%BAblica%202025&#038;body=https:\/\/radiorevelacionfm.cl\/?p=54641' aria-hidden='false' data-av_icon='\ue805' data-av_iconfont='entypo-fontello' title='' data-avia-related-tooltip='Compartir por correo'><span class='avia_hidden_link_text'>Compartir por correo<\/span><\/a><\/li><\/ul><\/div><\/div>\n<div  style='height:50px' class='hr hr-invisible   avia-builder-el-8  el_after_av_social_share  el_before_av_comments_list '><span class='hr-inner ' ><span class='hr-inner-style'><\/span><\/span><\/div>\n<div  class='av-buildercomment  av-blog-meta-html-info-disabled av-blog-meta-tag-disabled  '><\/div>\n","protected":false},"excerpt":{"rendered":"","protected":false},"author":1,"featured_media":54642,"comment_status":"closed","ping_status":"closed","sticky":false,"template":"","format":"standard","meta":{"footnotes":""},"categories":[35],"tags":[],"class_list":["post-54641","post","type-post","status-publish","format-standard","has-post-thumbnail","hentry","category-politica"],"jetpack_featured_media_url":"https:\/\/radiorevelacionfm.cl\/wp-content\/uploads\/2025\/05\/501288338_1103422065146358_4722554811913055181_n-1-1.jpg","_links":{"self":[{"href":"https:\/\/radiorevelacionfm.cl\/index.php?rest_route=\/wp\/v2\/posts\/54641","targetHints":{"allow":["GET"]}}],"collection":[{"href":"https:\/\/radiorevelacionfm.cl\/index.php?rest_route=\/wp\/v2\/posts"}],"about":[{"href":"https:\/\/radiorevelacionfm.cl\/index.php?rest_route=\/wp\/v2\/types\/post"}],"author":[{"embeddable":true,"href":"https:\/\/radiorevelacionfm.cl\/index.php?rest_route=\/wp\/v2\/users\/1"}],"replies":[{"embeddable":true,"href":"https:\/\/radiorevelacionfm.cl\/index.php?rest_route=%2Fwp%2Fv2%2Fcomments&post=54641"}],"version-history":[{"count":2,"href":"https:\/\/radiorevelacionfm.cl\/index.php?rest_route=\/wp\/v2\/posts\/54641\/revisions"}],"predecessor-version":[{"id":54656,"href":"https:\/\/radiorevelacionfm.cl\/index.php?rest_route=\/wp\/v2\/posts\/54641\/revisions\/54656"}],"wp:featuredmedia":[{"embeddable":true,"href":"https:\/\/radiorevelacionfm.cl\/index.php?rest_route=\/wp\/v2\/media\/54642"}],"wp:attachment":[{"href":"https:\/\/radiorevelacionfm.cl\/index.php?rest_route=%2Fwp%2Fv2%2Fmedia&parent=54641"}],"wp:term":[{"taxonomy":"category","embeddable":true,"href":"https:\/\/radiorevelacionfm.cl\/index.php?rest_route=%2Fwp%2Fv2%2Fcategories&post=54641"},{"taxonomy":"post_tag","embeddable":true,"href":"https:\/\/radiorevelacionfm.cl\/index.php?rest_route=%2Fwp%2Fv2%2Ftags&post=54641"}],"curies":[{"name":"wp","href":"https:\/\/api.w.org\/{rel}","templated":true}]}}