{"id":5464,"date":"2021-06-19T16:18:38","date_gmt":"2021-06-19T19:18:38","guid":{"rendered":"https:\/\/radiorevelacionfm.cl\/?p=5464"},"modified":"2021-06-19T16:18:38","modified_gmt":"2021-06-19T19:18:38","slug":"mineduc-envia-proyecto-de-ley-para-recuperar-a-estudiantes-que-han-salido-del-sistema","status":"publish","type":"post","link":"https:\/\/radiorevelacionfm.cl\/?p=5464","title":{"rendered":"Mineduc env\u00eda proyecto de ley para recuperar a estudiantes que han salido del sistema"},"content":{"rendered":"<div class=\"flex_column av_one_full  flex_column_div av-zero-column-padding first  avia-builder-el-0  el_before_av_one_full  avia-builder-el-first  \" style='border-radius:0px; '><div  class='avia-image-container  av-styling-    avia-builder-el-1  avia-builder-el-no-sibling  avia-align-center '  itemprop=\"image\" itemscope=\"itemscope\" itemtype=\"https:\/\/schema.org\/ImageObject\"  ><div class='avia-image-container-inner'><div class='avia-image-overlay-wrap'><img decoding=\"async\" class='wp-image-5465 avia-img-lazy-loading-not-5465 avia_image' src=\"https:\/\/radiorevelacionfm.cl\/wp-content\/uploads\/2021\/06\/Estudiantes1.1-1-1.jpg\" alt='' title='Estudiantes1.1 (1) (1)' height=\"600\" width=\"900\"  itemprop=\"thumbnailUrl\" srcset=\"https:\/\/radiorevelacionfm.cl\/wp-content\/uploads\/2021\/06\/Estudiantes1.1-1-1.jpg 900w, https:\/\/radiorevelacionfm.cl\/wp-content\/uploads\/2021\/06\/Estudiantes1.1-1-1-300x200.jpg 300w, https:\/\/radiorevelacionfm.cl\/wp-content\/uploads\/2021\/06\/Estudiantes1.1-1-1-768x512.jpg 768w, https:\/\/radiorevelacionfm.cl\/wp-content\/uploads\/2021\/06\/Estudiantes1.1-1-1-705x470.jpg 705w, https:\/\/radiorevelacionfm.cl\/wp-content\/uploads\/2021\/06\/Estudiantes1.1-1-1-600x400.jpg 600w\" sizes=\"(max-width: 900px) 100vw, 900px\" \/><\/div><\/div><\/div><\/div><div class=\"flex_column av_one_full  flex_column_div av-zero-column-padding first  avia-builder-el-2  el_after_av_one_full  el_before_av_one_full  column-top-margin\" style='border-radius:0px; '><section class=\"av_textblock_section \"  itemscope=\"itemscope\" itemtype=\"https:\/\/schema.org\/BlogPosting\" itemprop=\"blogPost\" ><div class='avia_textblock  '   itemprop=\"text\" ><p style=\"text-align: center;\"><span style=\"font-size: 18pt;\"><b>Mineduc env\u00eda proyecto de ley para recuperar a estudiantes que han salido del sistema<\/b><\/span><\/p>\n<div id=\"gtx-trans\" style=\"position: absolute; left: -50px; top: 4.31534px;\">\n<div class=\"gtx-trans-icon\"><\/div>\n<\/div>\n<\/div><\/section><\/div><div class=\"flex_column av_one_full  flex_column_div av-zero-column-padding first  avia-builder-el-4  el_after_av_one_full  el_before_av_hr  column-top-margin\" style='border-radius:0px; '><section class=\"av_textblock_section \"  itemscope=\"itemscope\" itemtype=\"https:\/\/schema.org\/BlogPosting\" itemprop=\"blogPost\" ><div class='avia_textblock  '   itemprop=\"text\" ><p class=\"v1MsoNormal\" style=\"text-align: justify;\">La deserci\u00f3n escolar es una de las preocupaciones permanentes del Ministerio de Educaci\u00f3n, y lo es a\u00fan m\u00e1s en el contexto de pandemia. Aunque se han implementado una serie de mecanismos que han permitido recuperar estudiantes y que evitaron que la deserci\u00f3n no aumentara dram\u00e1ticamente entre 2020 y 2021, la amenaza latente de que nuevos ni\u00f1os, ni\u00f1as y j\u00f3venes queden excluidos del sistema motiv\u00f3 al gobierno a poner mayor urgencia al ingreso del proyecto que crea una<b>\u00a0<\/b>Nueva Modalidad Educativa de Reingreso Escolar.<b><\/b><\/p>\n<p class=\"v1MsoNormal\" style=\"text-align: justify;\">Esta iniciativa se ven\u00eda trabajando desde fines de 2018 entre el Ministerio de Educaci\u00f3n y el Consejo Nacional de Educaci\u00f3n (CNED), con el objeto de crear un nuevo espacio que disminuyera las dificultades de adaptaci\u00f3n que enfrentan hoy los estudiantes excluidos -de entre 12 y 21 a\u00f1os- al tener la educaci\u00f3n de adultos como \u00fanica opci\u00f3n para completar su trayectoria educativa.<\/p>\n<p class=\"v1MsoNormal\" style=\"text-align: justify;\">\u00abSe crea por primera vez una modalidad especialmente dise\u00f1ada para los ni\u00f1os y j\u00f3venes excluidos del sistema escolar. Hasta ahora solo ten\u00edan la posibilidad de incorporarse a la educaci\u00f3n de adultos si quer\u00edan terminar su trayectoria escolar, por lo que las necesidades propias de estos estudiantes quedaban desatendidas. Esta nueva modalidad se hace cargo de ese obst\u00e1culo generando espacios propios con apoyos pedag\u00f3gicos, socioemocionales y t\u00e9cnicos dise\u00f1ados espec\u00edficamente para ellos\u00bb, explic\u00f3 el ministro de Educaci\u00f3n, Ra\u00fal Figueroa.<\/p>\n<p class=\"v1MsoNormal\" style=\"text-align: justify;\">Tras el anuncio de la creaci\u00f3n de la modalidad educativa de reingreso escolar, la directora ejecutiva de la Fundaci\u00f3n S\u00famate, Liliana Cort\u00e9s, quien lleva trabajando un largo tiempo en este proyecto coment\u00f3 que esto ser\u00e1 una mejora para todo el sistema educativo, espec\u00edficamente porque\u00a0<span lang=\"ES\">\u00abestos j\u00f3venes invisibilizados por nuestra sociedad ya no pueden seguir esperando, hoy sabemos que por efectos de la pandemia muchos j\u00f3venes tambi\u00e9n se nos est\u00e1n quedando atr\u00e1s, por lo tanto post pandemia tener la creaci\u00f3n de la modalidad de reingreso y tener este proyecto de ley aprobado en t\u00e9rminos de financiamiento, va a dar reales oportunidades y posibilidades para que ellos vuelvan, recuperen sus trayectorias educativas y sigan proyectando su futuro\u00bb.<\/span><\/p>\n<p class=\"v1MsoNormal\" style=\"text-align: justify;\"><span lang=\"ES\">Sobre esta iniciativa, el Seremi de Educaci\u00f3n de Ays\u00e9n, Sergio Becerra Mera record\u00f3 que en la Regi\u00f3n de Ays\u00e9n hay\u00a0<\/span>926 j\u00f3venes que est\u00e1n fuera del sistema escolar.<\/p>\n<p class=\"v1MsoNormal\" style=\"text-align: justify;\">\u00abEn nuestra regi\u00f3n la reinserci\u00f3n escolar ha tenido avances destacables que esperamos se consoliden con este proyecto anunciado por el Ministro Ra\u00fal Figueroa. En Ays\u00e9n se ha adjudicado un proyecto de Reinserci\u00f3n y uno de Reingreso Escolar el Centro de Educaci\u00f3n Integrada de Adultos CEIA Josefina M\u00e9ndez de Coyhaique, instituci\u00f3n que\u00a0 atiende 190 estudiantes en reingreso y 30 menores en reinserci\u00f3n, los cuales se incorporar\u00e1n\u00a0 a establecimientos regulares seg\u00fan sus niveles educativos. Ha sido una experiencia muy destacable y de gran impacto social\u00bb.<\/p>\n<p class=\"v1MsoNormal\" style=\"text-align: justify;\"><b><span lang=\"ES\">\u00bfQui\u00e9nes podr\u00e1n acceder a esta nueva modalidad?<\/span><\/b><\/p>\n<p class=\"v1MsoNormal\" style=\"text-align: justify;\"><span lang=\"ES\">Todos los ni\u00f1os, ni\u00f1as y adolescentes entre 12 y 21 a\u00f1os que, habiendo estado matriculados previamente en el sistema escolar chileno\u00a0<b>se encuentran hoy fuera del sistema escolar<\/b>\u00a0<b>por m\u00e1s de dos a\u00f1os<\/b>\u00a0por diversos motivos asociados a contextos de vulnerabilidad personal, familiar y\/o exclusi\u00f3n social.<\/span><\/p>\n<p class=\"v1MsoNormal\" style=\"text-align: justify;\"><span lang=\"ES\">Estos estudiantes, que son cerca de 99 mil ni\u00f1os, ni\u00f1as y j\u00f3venes de entre 12 y 21 a\u00f1os, que forman parte de los m\u00e1s de 180 mil que se encuentran excluidos del sistema escolar desde los 5 a los 21 a\u00f1os, pueden ingresar a dos programas de la modalidad:<\/span><\/p>\n<p class=\"v1MsoNormal\" style=\"text-align: justify;\"><b>Recompromiso<\/b>\u00a0<b>Educativo<\/b>: Busca restaurar el v\u00ednculo educativo del estudiante para que contin\u00fae con su proceso educativo. Est\u00e1 dirigido a estudiantes entre 12 y 21 a\u00f1os que podr\u00e1n reingresar en la educaci\u00f3n regular o continuar su proceso educativo en el programa de reingreso escolar.<\/p>\n<p class=\"v1MsoNormal\" style=\"text-align: justify;\"><b>Reingreso<\/b>\u00a0<b>Escolar<\/b>: Est\u00e1 orientado a estudiantes de entre 16 y 21 a\u00f1os y tiene por finalidad\u00a0<b>permitir a los estudiantes completar su educaci\u00f3n escolar<\/b>, ofreciendo distintos subprogramas de formaci\u00f3n que pueden ser human\u00edstico-cient\u00edfico, t\u00e9cnico profesional, de oficio o de certificaci\u00f3n de competencias.<\/p>\n<p class=\"v1MsoNormal\" style=\"text-align: justify;\">La subvenci\u00f3n por estudiante ser\u00e1 de m\u00e1s de $130 mil en estos nuevos espacios, que se constituir\u00e1n en una jornada diferenciada en los Centros de Educaci\u00f3n Integrada de Adultos (CEIA), o en aulas de reingreso ubicadas en establecimientos de educaci\u00f3n regular.<\/p>\n<\/div><\/section><\/div><div  style='height:50px' class='hr hr-invisible   avia-builder-el-6  el_after_av_one_full  el_before_av_social_share '><span class='hr-inner ' ><span class='hr-inner-style'><\/span><\/span><\/div><\/p>\n<div  class='av-social-sharing-box  avia-builder-el-7  el_after_av_hr  el_before_av_hr  '><div class='av-share-box'><h5 class='av-share-link-description av-no-toc '>Compartir esta noticia<\/h5><ul class='av-share-box-list noLightbox'><li class='av-share-link av-social-link-facebook' ><a target=\"_blank\" aria-label=\"Compartir en Facebook\" href='https:\/\/www.facebook.com\/sharer.php?u=https:\/\/radiorevelacionfm.cl\/?p=5464&#038;t=Mineduc%20env%C3%ADa%20proyecto%20de%20ley%20para%20recuperar%20a%20estudiantes%20que%20han%20salido%20del%20sistema' aria-hidden='false' data-av_icon='\ue8f3' data-av_iconfont='entypo-fontello' title='' data-avia-related-tooltip='Compartir en Facebook' rel=\"noopener\"><span class='avia_hidden_link_text'>Compartir en Facebook<\/span><\/a><\/li><li class='av-share-link av-social-link-twitter' ><a target=\"_blank\" aria-label=\"Compartir en Twitter\" href='https:\/\/twitter.com\/share?text=Mineduc%20env%C3%ADa%20proyecto%20de%20ley%20para%20recuperar%20a%20estudiantes%20que%20han%20salido%20del%20sistema&#038;url=https:\/\/radiorevelacionfm.cl\/?p=5464' aria-hidden='false' data-av_icon='\ue8f1' data-av_iconfont='entypo-fontello' title='' data-avia-related-tooltip='Compartir en Twitter' rel=\"noopener\"><span class='avia_hidden_link_text'>Compartir en Twitter<\/span><\/a><\/li><li class='av-share-link av-social-link-whatsapp' ><a target=\"_blank\" aria-label=\"Compartir en Whatsapp\" href='https:\/\/api.whatsapp.com\/send?text=https:\/\/radiorevelacionfm.cl\/?p=5464' aria-hidden='false' data-av_icon='\uf232' data-av_iconfont='entypo-fontello' title='' data-avia-related-tooltip='Compartir en Whatsapp' rel=\"noopener\"><span class='avia_hidden_link_text'>Compartir en Whatsapp<\/span><\/a><\/li><li class='av-share-link av-social-link-linkedin' ><a target=\"_blank\" aria-label=\"Compartir en LinkedIn\" href='https:\/\/linkedin.com\/shareArticle?mini=true&#038;title=Mineduc%20env%C3%ADa%20proyecto%20de%20ley%20para%20recuperar%20a%20estudiantes%20que%20han%20salido%20del%20sistema&#038;url=https:\/\/radiorevelacionfm.cl\/?p=5464' aria-hidden='false' data-av_icon='\ue8fc' data-av_iconfont='entypo-fontello' title='' data-avia-related-tooltip='Compartir en LinkedIn' rel=\"noopener\"><span class='avia_hidden_link_text'>Compartir en LinkedIn<\/span><\/a><\/li><li class='av-share-link av-social-link-mail' ><a  aria-label=\"Compartir por correo\" href='mailto:?subject=Mineduc%20env%C3%ADa%20proyecto%20de%20ley%20para%20recuperar%20a%20estudiantes%20que%20han%20salido%20del%20sistema&#038;body=https:\/\/radiorevelacionfm.cl\/?p=5464' aria-hidden='false' data-av_icon='\ue805' data-av_iconfont='entypo-fontello' title='' data-avia-related-tooltip='Compartir por correo'><span class='avia_hidden_link_text'>Compartir por correo<\/span><\/a><\/li><\/ul><\/div><\/div>\n<div  style='height:50px' class='hr hr-invisible   avia-builder-el-8  el_after_av_social_share  el_before_av_comments_list '><span class='hr-inner ' ><span class='hr-inner-style'><\/span><\/span><\/div>\n<div  class='av-buildercomment  av-blog-meta-html-info-disabled av-blog-meta-tag-disabled  '><\/div>\n","protected":false},"excerpt":{"rendered":"","protected":false},"author":1,"featured_media":5465,"comment_status":"open","ping_status":"open","sticky":false,"template":"","format":"standard","meta":{"footnotes":""},"categories":[49],"tags":[],"class_list":["post-5464","post","type-post","status-publish","format-standard","has-post-thumbnail","hentry","category-educacion"],"jetpack_featured_media_url":"https:\/\/radiorevelacionfm.cl\/wp-content\/uploads\/2021\/06\/Estudiantes1.1-1-1.jpg","_links":{"self":[{"href":"https:\/\/radiorevelacionfm.cl\/index.php?rest_route=\/wp\/v2\/posts\/5464","targetHints":{"allow":["GET"]}}],"collection":[{"href":"https:\/\/radiorevelacionfm.cl\/index.php?rest_route=\/wp\/v2\/posts"}],"about":[{"href":"https:\/\/radiorevelacionfm.cl\/index.php?rest_route=\/wp\/v2\/types\/post"}],"author":[{"embeddable":true,"href":"https:\/\/radiorevelacionfm.cl\/index.php?rest_route=\/wp\/v2\/users\/1"}],"replies":[{"embeddable":true,"href":"https:\/\/radiorevelacionfm.cl\/index.php?rest_route=%2Fwp%2Fv2%2Fcomments&post=5464"}],"version-history":[{"count":1,"href":"https:\/\/radiorevelacionfm.cl\/index.php?rest_route=\/wp\/v2\/posts\/5464\/revisions"}],"predecessor-version":[{"id":5466,"href":"https:\/\/radiorevelacionfm.cl\/index.php?rest_route=\/wp\/v2\/posts\/5464\/revisions\/5466"}],"wp:featuredmedia":[{"embeddable":true,"href":"https:\/\/radiorevelacionfm.cl\/index.php?rest_route=\/wp\/v2\/media\/5465"}],"wp:attachment":[{"href":"https:\/\/radiorevelacionfm.cl\/index.php?rest_route=%2Fwp%2Fv2%2Fmedia&parent=5464"}],"wp:term":[{"taxonomy":"category","embeddable":true,"href":"https:\/\/radiorevelacionfm.cl\/index.php?rest_route=%2Fwp%2Fv2%2Fcategories&post=5464"},{"taxonomy":"post_tag","embeddable":true,"href":"https:\/\/radiorevelacionfm.cl\/index.php?rest_route=%2Fwp%2Fv2%2Ftags&post=5464"}],"curies":[{"name":"wp","href":"https:\/\/api.w.org\/{rel}","templated":true}]}}