{"id":54637,"date":"2025-05-31T12:17:47","date_gmt":"2025-05-31T15:17:47","guid":{"rendered":"https:\/\/radiorevelacionfm.cl\/?p=54637"},"modified":"2025-05-31T12:17:47","modified_gmt":"2025-05-31T15:17:47","slug":"mtt-inaugura-servicio-de-transporte-subsidiado-que-conecta-puerto-rio-tranquilo-con-coyhaique","status":"publish","type":"post","link":"https:\/\/radiorevelacionfm.cl\/?p=54637","title":{"rendered":"MTT Inaugura servicio de transporte subsidiado que conecta Puerto R\u00edo Tranquilo con Coyhaique"},"content":{"rendered":"<div class=\"flex_column av_one_full  flex_column_div av-zero-column-padding first  avia-builder-el-0  el_before_av_one_full  avia-builder-el-first  \" style='border-radius:0px; '><div  class='avia-image-container  av-styling-    avia-builder-el-1  avia-builder-el-no-sibling  avia-align-center '  itemprop=\"image\" itemscope=\"itemscope\" itemtype=\"https:\/\/schema.org\/ImageObject\"  ><div class='avia-image-container-inner'><div class='avia-image-overlay-wrap'><img decoding=\"async\" class='wp-image-54638 avia-img-lazy-loading-not-54638 avia_image' src=\"https:\/\/radiorevelacionfm.cl\/wp-content\/uploads\/2025\/05\/dsc_0026-2-1_optimized.jpg\" alt='' title='dsc_0026-(2)-(1)_optimized' height=\"600\" width=\"903\"  itemprop=\"thumbnailUrl\" srcset=\"https:\/\/radiorevelacionfm.cl\/wp-content\/uploads\/2025\/05\/dsc_0026-2-1_optimized.jpg 903w, https:\/\/radiorevelacionfm.cl\/wp-content\/uploads\/2025\/05\/dsc_0026-2-1_optimized-300x199.jpg 300w, https:\/\/radiorevelacionfm.cl\/wp-content\/uploads\/2025\/05\/dsc_0026-2-1_optimized-768x510.jpg 768w, https:\/\/radiorevelacionfm.cl\/wp-content\/uploads\/2025\/05\/dsc_0026-2-1_optimized-705x468.jpg 705w, https:\/\/radiorevelacionfm.cl\/wp-content\/uploads\/2025\/05\/dsc_0026-2-1_optimized-450x299.jpg 450w, https:\/\/radiorevelacionfm.cl\/wp-content\/uploads\/2025\/05\/dsc_0026-2-1_optimized-600x399.jpg 600w\" sizes=\"(max-width: 903px) 100vw, 903px\" \/><\/div><\/div><\/div><\/div><div class=\"flex_column av_one_full  flex_column_div av-zero-column-padding first  avia-builder-el-2  el_after_av_one_full  el_before_av_one_full  column-top-margin\" style='border-radius:0px; '><section class=\"av_textblock_section \"  itemscope=\"itemscope\" itemtype=\"https:\/\/schema.org\/BlogPosting\" itemprop=\"blogPost\" ><div class='avia_textblock  '   itemprop=\"text\" ><p style=\"text-align: center;\"><span style=\"font-size: 18pt;\"><strong>MTT Inaugura servicio de transporte subsidiado que conecta Puerto R\u00edo Tranquilo con Coyhaique<\/strong><\/span><\/p>\n<div id=\"gtx-trans\" style=\"position: absolute; left: -50px; top: 4.31534px;\">\n<div class=\"gtx-trans-icon\"><\/div>\n<\/div>\n<\/div><\/section><\/div><div class=\"flex_column av_one_full  flex_column_div av-zero-column-padding first  avia-builder-el-4  el_after_av_one_full  el_before_av_hr  column-top-margin\" style='border-radius:0px; '><section class=\"av_textblock_section \"  itemscope=\"itemscope\" itemtype=\"https:\/\/schema.org\/BlogPosting\" itemprop=\"blogPost\" ><div class='avia_textblock  '   itemprop=\"text\" ><p style=\"text-align: justify;\"><em>Considera un trayecto de 440 kil\u00f3metros ida y vuelta, beneficiando a cerca de 1.500 habitantes de localidades rurales de la regi\u00f3n de Ays\u00e9n.<\/em><\/p>\n<p style=\"text-align: justify;\"><em>Se har\u00e1n dos viajes semanales en temporada baja y tres en temporada alta, potenciando tambi\u00e9n el turismo en la zona.<\/em><\/p>\n<p style=\"text-align: justify;\">La localidad de Puerto R\u00edo Tranquilo, en la regi\u00f3n de Ays\u00e9n, cuenta con un nuevo servicio de transporte terrestre subsidiado por el Ministerio de Transportes y Telecomunicaciones (MTT), que la conectar\u00e1 con la ciudad de Coyhaique, a partir del pr\u00f3ximo lunes 2 junio.<\/p>\n<p style=\"text-align: justify;\">La iniciativa corresponde a un contrato gestionado por la Divisi\u00f3n de Transporte P\u00fablico Regional del MTT, para la operaci\u00f3n de un veh\u00edculo de transporte de pasajeros que realizar\u00e1 un trayecto de 440 kil\u00f3metros ida y vuelta, beneficiando a cerca de 1.500 habitantes de las localidades de Bah\u00eda Murta, Villa Cerro Castillo y Puerto R\u00edo Tranquilo.<\/p>\n<p style=\"text-align: justify;\">El recorrido fue inaugurado por el subsecretario de Transportes, Jorge Daza, junto al delegado presidencial de la provincia de General Carrera, Crist\u00f3bal Barcel\u00f3, autoridades locales y vecinos y vecinas de las comunidades beneficiadas.<\/p>\n<p style=\"text-align: justify;\">El subsecretario Daza destac\u00f3 que este servicio \u201ces un ejemplo del intenso trabajo que estamos llevando adelante como Gobierno, a trav\u00e9s del Ministerio de Transportes y Telecomunicaciones, para mejorar la conectividad de las comunidades rurales y aisladas en las distintas regiones de nuestro pa\u00eds, lo que permite fortalecer las posibilidades de desarrollo y bienestar de sus habitantes. Por eso, estamos satisfechos y contentos por dar inicio a este extenso recorrido ac\u00e1 en Puerto R\u00edo Tranquilo, que simboliza la importancia de la inversi\u00f3n p\u00fablica y del rol del Estado para hacer posible que estos servicios, que mejoran la calidad de vida de las personas, puedan implementarse\u201d.<\/p>\n<p style=\"text-align: justify;\">El delegado Crist\u00f3bal Barcel\u00f3, en tanto, destac\u00f3 que \u201cen un tiempo muy acotado, muy abreviado, se logr\u00f3 obtener este servicio subsidiado que va a beneficiar a toda la comunidad de Puerto R\u00edo Tranquilo, que antes utilizaba otros servicios que ven\u00edan de m\u00e1s lejos, desde el sur, para llegar a la capital regional y que muchas veces les significaba no tener los cupos. Hoy van a tener un servicio exclusivo para Puerto R\u00edo Tranquilo, que adem\u00e1s beneficiar\u00e1 a Bah\u00eda Murta. Esto tambi\u00e9n se realza y se refuerza con la visita de nuestro subsecretario, que viene a conocer el terreno, a estar con la comunidad y lo que habla muy bien tambi\u00e9n del proceso y del cumplimiento del mandato de descentralizaci\u00f3n que nos da el presidente Gabriel Boric\u201d.<\/p>\n<p style=\"text-align: justify;\">El presidente de la junta de vecinos de Puerto R\u00edo Tranquilo, Guido Jaramillo, manifest\u00f3 que el nuevo servicio \u201cera algo muy necesario para nuestra localidad, sobre todo para la gente de menores ingresos y los adultos mayores, porque hay que viajar a Coyhaique a hacer tr\u00e1mites. Y qu\u00e9 mejor que poder hacerlo en un servicio que est\u00e1 subvencionado, a un precio bastante m\u00f3dico y que va a permitir que la gente pueda ir en el transcurso del d\u00eda y volver el mismo d\u00eda a su localidad. As\u00ed que yo creo que hay que reconocer estos importantes avances, estos logros, que son producto de la uni\u00f3n de la comunidad\u201d.<\/p>\n<p style=\"text-align: justify;\">El contrato establece un subsidio mensual de $2.270.000 para la operaci\u00f3n de un veh\u00edculo de 17 asientos, que considera tres viajes semanales, ida y vuelta, en temporada alta (noviembre a abril) y dos en temporada baja (mayo a septiembre).<\/p>\n<p style=\"text-align: justify;\">La tarifa para el trayecto entre Puerto R\u00edo Tranquilo y Coyhaique ser\u00e1 de $8.000, mientras que el tramo entre Puerto R\u00edo Tranquilo y Cruce Murta costar\u00e1 $3.000. En tanto, entre Puerto R\u00edo Tranquilo y Villa Cerro Castillo el valor del pasaje ser\u00e1 de $5.000.<\/p>\n<p style=\"text-align: justify;\">Las y los adultos de 65 a\u00f1os o m\u00e1s tendr\u00e1n gratuidad, al igual que personas con discapacidad, estudiantes de educaci\u00f3n b\u00e1sica y menores de 7 a\u00f1os. En tanto, las y los estudiantes de educaci\u00f3n media y superior tendr\u00e1n una rebaja de un 33% en el valor del pasaje.<\/p>\n<\/div><\/section><\/div><div  style='height:50px' class='hr hr-invisible   avia-builder-el-6  el_after_av_one_full  el_before_av_social_share '><span class='hr-inner ' ><span class='hr-inner-style'><\/span><\/span><\/div><\/p>\n<div  class='av-social-sharing-box  avia-builder-el-7  el_after_av_hr  el_before_av_hr  '><div class='av-share-box'><h5 class='av-share-link-description av-no-toc '>Compartir esta noticia<\/h5><ul class='av-share-box-list noLightbox'><li class='av-share-link av-social-link-facebook' ><a target=\"_blank\" aria-label=\"Compartir en Facebook\" href='https:\/\/www.facebook.com\/sharer.php?u=https:\/\/radiorevelacionfm.cl\/?p=54637&#038;t=MTT%20Inaugura%20servicio%20de%20transporte%20subsidiado%20que%20conecta%20Puerto%20R%C3%ADo%20Tranquilo%20con%20Coyhaique' aria-hidden='false' data-av_icon='\ue8f3' data-av_iconfont='entypo-fontello' title='' data-avia-related-tooltip='Compartir en Facebook' rel=\"noopener\"><span class='avia_hidden_link_text'>Compartir en Facebook<\/span><\/a><\/li><li class='av-share-link av-social-link-twitter' ><a target=\"_blank\" aria-label=\"Compartir en Twitter\" href='https:\/\/twitter.com\/share?text=MTT%20Inaugura%20servicio%20de%20transporte%20subsidiado%20que%20conecta%20Puerto%20R%C3%ADo%20Tranquilo%20con%20Coyhaique&#038;url=https:\/\/radiorevelacionfm.cl\/?p=54637' aria-hidden='false' data-av_icon='\ue8f1' data-av_iconfont='entypo-fontello' title='' data-avia-related-tooltip='Compartir en Twitter' rel=\"noopener\"><span class='avia_hidden_link_text'>Compartir en Twitter<\/span><\/a><\/li><li class='av-share-link av-social-link-whatsapp' ><a target=\"_blank\" aria-label=\"Compartir en Whatsapp\" href='https:\/\/api.whatsapp.com\/send?text=https:\/\/radiorevelacionfm.cl\/?p=54637' aria-hidden='false' data-av_icon='\uf232' data-av_iconfont='entypo-fontello' title='' data-avia-related-tooltip='Compartir en Whatsapp' rel=\"noopener\"><span class='avia_hidden_link_text'>Compartir en Whatsapp<\/span><\/a><\/li><li class='av-share-link av-social-link-linkedin' ><a target=\"_blank\" aria-label=\"Compartir en LinkedIn\" href='https:\/\/linkedin.com\/shareArticle?mini=true&#038;title=MTT%20Inaugura%20servicio%20de%20transporte%20subsidiado%20que%20conecta%20Puerto%20R%C3%ADo%20Tranquilo%20con%20Coyhaique&#038;url=https:\/\/radiorevelacionfm.cl\/?p=54637' aria-hidden='false' data-av_icon='\ue8fc' data-av_iconfont='entypo-fontello' title='' data-avia-related-tooltip='Compartir en LinkedIn' rel=\"noopener\"><span class='avia_hidden_link_text'>Compartir en LinkedIn<\/span><\/a><\/li><li class='av-share-link av-social-link-mail' ><a  aria-label=\"Compartir por correo\" href='mailto:?subject=MTT%20Inaugura%20servicio%20de%20transporte%20subsidiado%20que%20conecta%20Puerto%20R%C3%ADo%20Tranquilo%20con%20Coyhaique&#038;body=https:\/\/radiorevelacionfm.cl\/?p=54637' aria-hidden='false' data-av_icon='\ue805' data-av_iconfont='entypo-fontello' title='' data-avia-related-tooltip='Compartir por correo'><span class='avia_hidden_link_text'>Compartir por correo<\/span><\/a><\/li><\/ul><\/div><\/div>\n<div  style='height:50px' class='hr hr-invisible   avia-builder-el-8  el_after_av_social_share  el_before_av_comments_list '><span class='hr-inner ' ><span class='hr-inner-style'><\/span><\/span><\/div>\n<div  class='av-buildercomment  av-blog-meta-html-info-disabled av-blog-meta-tag-disabled  '><\/div>\n","protected":false},"excerpt":{"rendered":"","protected":false},"author":1,"featured_media":54638,"comment_status":"closed","ping_status":"closed","sticky":false,"template":"","format":"standard","meta":{"footnotes":""},"categories":[59],"tags":[],"class_list":["post-54637","post","type-post","status-publish","format-standard","has-post-thumbnail","hentry","category-transporte"],"jetpack_featured_media_url":"https:\/\/radiorevelacionfm.cl\/wp-content\/uploads\/2025\/05\/dsc_0026-2-1_optimized.jpg","_links":{"self":[{"href":"https:\/\/radiorevelacionfm.cl\/index.php?rest_route=\/wp\/v2\/posts\/54637","targetHints":{"allow":["GET"]}}],"collection":[{"href":"https:\/\/radiorevelacionfm.cl\/index.php?rest_route=\/wp\/v2\/posts"}],"about":[{"href":"https:\/\/radiorevelacionfm.cl\/index.php?rest_route=\/wp\/v2\/types\/post"}],"author":[{"embeddable":true,"href":"https:\/\/radiorevelacionfm.cl\/index.php?rest_route=\/wp\/v2\/users\/1"}],"replies":[{"embeddable":true,"href":"https:\/\/radiorevelacionfm.cl\/index.php?rest_route=%2Fwp%2Fv2%2Fcomments&post=54637"}],"version-history":[{"count":2,"href":"https:\/\/radiorevelacionfm.cl\/index.php?rest_route=\/wp\/v2\/posts\/54637\/revisions"}],"predecessor-version":[{"id":54640,"href":"https:\/\/radiorevelacionfm.cl\/index.php?rest_route=\/wp\/v2\/posts\/54637\/revisions\/54640"}],"wp:featuredmedia":[{"embeddable":true,"href":"https:\/\/radiorevelacionfm.cl\/index.php?rest_route=\/wp\/v2\/media\/54638"}],"wp:attachment":[{"href":"https:\/\/radiorevelacionfm.cl\/index.php?rest_route=%2Fwp%2Fv2%2Fmedia&parent=54637"}],"wp:term":[{"taxonomy":"category","embeddable":true,"href":"https:\/\/radiorevelacionfm.cl\/index.php?rest_route=%2Fwp%2Fv2%2Fcategories&post=54637"},{"taxonomy":"post_tag","embeddable":true,"href":"https:\/\/radiorevelacionfm.cl\/index.php?rest_route=%2Fwp%2Fv2%2Ftags&post=54637"}],"curies":[{"name":"wp","href":"https:\/\/api.w.org\/{rel}","templated":true}]}}