{"id":54629,"date":"2025-05-30T22:12:23","date_gmt":"2025-05-31T01:12:23","guid":{"rendered":"https:\/\/radiorevelacionfm.cl\/?p=54629"},"modified":"2025-05-30T22:12:48","modified_gmt":"2025-05-31T01:12:48","slug":"se-recupera-la-ocupacion-formal-regional-con-reactivacion-del-sector-construccion-y-educacion","status":"publish","type":"post","link":"https:\/\/radiorevelacionfm.cl\/?p=54629","title":{"rendered":"Se recupera la ocupaci\u00f3n formal regional con reactivaci\u00f3n del sector construcci\u00f3n y educaci\u00f3n"},"content":{"rendered":"<div class=\"flex_column av_one_full  flex_column_div av-zero-column-padding first  avia-builder-el-0  el_before_av_one_full  avia-builder-el-first  \" style='border-radius:0px; '><div  class='avia-image-container  av-styling-    avia-builder-el-1  avia-builder-el-no-sibling  avia-align-center '  itemprop=\"image\" itemscope=\"itemscope\" itemtype=\"https:\/\/schema.org\/ImageObject\"  ><div class='avia-image-container-inner'><div class='avia-image-overlay-wrap'><img decoding=\"async\" class='wp-image-54630 avia-img-lazy-loading-not-54630 avia_image' src=\"https:\/\/radiorevelacionfm.cl\/wp-content\/uploads\/2025\/05\/6-11-3_optimized-2.jpg\" alt='' title='6-11-3_optimized-2' height=\"600\" width=\"900\"  itemprop=\"thumbnailUrl\" srcset=\"https:\/\/radiorevelacionfm.cl\/wp-content\/uploads\/2025\/05\/6-11-3_optimized-2.jpg 900w, https:\/\/radiorevelacionfm.cl\/wp-content\/uploads\/2025\/05\/6-11-3_optimized-2-300x200.jpg 300w, https:\/\/radiorevelacionfm.cl\/wp-content\/uploads\/2025\/05\/6-11-3_optimized-2-768x512.jpg 768w, https:\/\/radiorevelacionfm.cl\/wp-content\/uploads\/2025\/05\/6-11-3_optimized-2-705x470.jpg 705w, https:\/\/radiorevelacionfm.cl\/wp-content\/uploads\/2025\/05\/6-11-3_optimized-2-450x300.jpg 450w, https:\/\/radiorevelacionfm.cl\/wp-content\/uploads\/2025\/05\/6-11-3_optimized-2-600x400.jpg 600w\" sizes=\"(max-width: 900px) 100vw, 900px\" \/><\/div><\/div><\/div><\/div><div class=\"flex_column av_one_full  flex_column_div av-zero-column-padding first  avia-builder-el-2  el_after_av_one_full  el_before_av_one_full  column-top-margin\" style='border-radius:0px; '><section class=\"av_textblock_section \"  itemscope=\"itemscope\" itemtype=\"https:\/\/schema.org\/BlogPosting\" itemprop=\"blogPost\" ><div class='avia_textblock  '   itemprop=\"text\" ><p style=\"text-align: center;\"><span style=\"font-size: 18pt;\"><b><span lang=\"ES\">Se recupera la ocupaci\u00f3n formal regional con reactivaci\u00f3n del sector construcci\u00f3n y educaci\u00f3n<\/span><\/b><\/span><\/p>\n<div id=\"gtx-trans\" style=\"position: absolute; left: -50px; top: 4.31534px;\">\n<div class=\"gtx-trans-icon\"><\/div>\n<\/div>\n<\/div><\/section><\/div><div class=\"flex_column av_one_full  flex_column_div av-zero-column-padding first  avia-builder-el-4  el_after_av_one_full  el_before_av_hr  column-top-margin\" style='border-radius:0px; '><section class=\"av_textblock_section \"  itemscope=\"itemscope\" itemtype=\"https:\/\/schema.org\/BlogPosting\" itemprop=\"blogPost\" ><div class='avia_textblock  '   itemprop=\"text\" ><p class=\"v1gmail-MsoListParagraphCxSpMiddle\" style=\"text-align: justify;\"><i>En el trimestre febrero &#8211; abril de 2025, la tasa de desocupaci\u00f3n regional fue 4,2%, disminuyendo 1,7 puntos porcentuales (pp.) a igual periodo del a\u00f1o 2024.<\/i><\/p>\n<p class=\"v1gmail-MsoListParagraphCxSpLast\" style=\"text-align: justify;\"><span lang=\"ES-MX\">En Instituto Nacional de Estad\u00edsticas, INE, entreg\u00f3 este jueves las cifras de l<\/span>a Encuesta Nacional de Empleo, ENE, del trimestre m\u00f3vil febrero- abril 2025, donde la Regi\u00f3n de Ays\u00e9n tiene una recuperaci\u00f3n en el empleo, con una disminuci\u00f3n de la desocupaci\u00f3n laboral si se compara con el mismo periodo del a\u00f1o anterior.<\/p>\n<p class=\"v1MsoNormal\" style=\"text-align: justify;\"><span lang=\"ES-MX\">As\u00ed lo afirm\u00f3 la Seremi del Trabajo y Previsi\u00f3n Social, Camila Covarrubias, \u00abHoy conocimos las cifras del INE sobre ocupaci\u00f3n y desocupaci\u00f3n laboral en nuestra Regi\u00f3n de Ays\u00e9n y tenemos buenas noticias, ya que <\/span>la tasa de desocupaci\u00f3n regional fue de un 4,2%, disminuyendo 1,7 puntos porcentuales (pp.) en igual periodo del a\u00f1o 2024. Uno de los temas que nos alegra es que aument\u00f3 la poblaci\u00f3n ocupada formal y disminuy\u00f3 la informalidad, que se situ\u00f3 en 30,4%, disminuyendo 0,7 pp. respecto al mismo trimestre del a\u00f1o anterior, lo cual significa que son cada vez m\u00e1s las y los trabajadores con contratos formales, con derechos laborales y seguridad social. Tenemos a\u00fan desaf\u00edos en la informalidad, pero la econom\u00eda se est\u00e1 recuperando y esperamos que con el impulso que se est\u00e1 dando en sectores como construcci\u00f3n, continuemos con buenas cifras, para as\u00ed tener una mejor calidad de vida para los habitantes de la Regi\u00f3n de Ays\u00e9n\u00bb.<\/p>\n<p class=\"v1MsoNormal\" style=\"text-align: justify;\">Otros detalles de este bolet\u00edn los entreg\u00f3 el Seremi de Econom\u00eda, Fomento y Turismo, Felipe Rojas, quien lidera junto al Delegado Presidencial Regional, la mesa de reactivaci\u00f3n econ\u00f3mica, \u00abDesde Ma\u00f1ihuales queremos contarles muy buenas noticias en el mercado laboral, el empleo en la Regi\u00f3n de Ays\u00e9n entre el periodo febrero y abril de este a\u00f1o creci\u00f3 un 4,9%. \u00bfEn qu\u00e9 \u00e1reas? principalmente en hombres y mujeres, en asalariados formales y en sectores econ\u00f3micos tan relevantes para la regi\u00f3n como construcci\u00f3n y ense\u00f1anza. Eso da cuenta que la inversi\u00f3n p\u00fablica est\u00e1 creando empleo y adem\u00e1s el sector privado est\u00e1n empujando la reactivaci\u00f3n y el crecimiento de nuestra regi\u00f3n\u00bb.<\/p>\n<p class=\"v1MsoNormal\" style=\"text-align: justify;\">En este sentido, la Seremi de Obras P\u00fablicas, Paloma Jara, dio cuenta de la reactivaci\u00f3n en el sector de la construcci\u00f3n, que est\u00e1n generando las obras impulsadas por su cartera, \u00abComo Ministerio de Obras P\u00fablicas estamos muy felices de que nuestras obras hayan ayudado a recuperar el empleo en nuestra regi\u00f3n. Han sido tiempos complejos para el mundo de la construcci\u00f3n, pero luego del 2022, cuando ya hemos empezado a recuperar nuestras obras, vemos c\u00f3mo esto tiene un impacto en el empleo local. Esperamos que en los a\u00f1os venideros podamos seguir aportando a ello con los proyectos que van a llegar a nuestra regi\u00f3n y que van a cambiar la cara de la infraestructura y tambi\u00e9n de c\u00f3mo se vive en la Regi\u00f3n de Ays\u00e9n\u00bb.<\/p>\n<p class=\"v1MsoNormal\" style=\"text-align: justify;\">Hace algunos d\u00edas la Seremi de Obras P\u00fablicas dio a conocer el calendario de procesos de licitaci\u00f3n de m\u00e1s de 50 obras durante este 2025 en una presentaci\u00f3n dirigida a autoridades, la C\u00e1mara Chilena de la Construcci\u00f3n Coyhaique y empresas del rubro, lo cual se espera que potencie a\u00fan m\u00e1s el empleo regional.<\/p>\n<p class=\"v1MsoNormal\" style=\"text-align: justify;\"><span lang=\"ES-MX\">\u00a0<\/span><\/p>\n<\/div><\/section><\/div><div  style='height:50px' class='hr hr-invisible   avia-builder-el-6  el_after_av_one_full  el_before_av_social_share '><span class='hr-inner ' ><span class='hr-inner-style'><\/span><\/span><\/div><\/p>\n<div  class='av-social-sharing-box  avia-builder-el-7  el_after_av_hr  el_before_av_hr  '><div class='av-share-box'><h5 class='av-share-link-description av-no-toc '>Compartir esta noticia<\/h5><ul class='av-share-box-list noLightbox'><li class='av-share-link av-social-link-facebook' ><a target=\"_blank\" aria-label=\"Compartir en Facebook\" href='https:\/\/www.facebook.com\/sharer.php?u=https:\/\/radiorevelacionfm.cl\/?p=54629&#038;t=Se%20recupera%20la%20ocupaci%C3%B3n%20formal%20regional%20con%20reactivaci%C3%B3n%20del%20sector%20construcci%C3%B3n%20y%20educaci%C3%B3n' aria-hidden='false' data-av_icon='\ue8f3' data-av_iconfont='entypo-fontello' title='' data-avia-related-tooltip='Compartir en Facebook' rel=\"noopener\"><span class='avia_hidden_link_text'>Compartir en Facebook<\/span><\/a><\/li><li class='av-share-link av-social-link-twitter' ><a target=\"_blank\" aria-label=\"Compartir en Twitter\" href='https:\/\/twitter.com\/share?text=Se%20recupera%20la%20ocupaci%C3%B3n%20formal%20regional%20con%20reactivaci%C3%B3n%20del%20sector%20construcci%C3%B3n%20y%20educaci%C3%B3n&#038;url=https:\/\/radiorevelacionfm.cl\/?p=54629' aria-hidden='false' data-av_icon='\ue8f1' data-av_iconfont='entypo-fontello' title='' data-avia-related-tooltip='Compartir en Twitter' rel=\"noopener\"><span class='avia_hidden_link_text'>Compartir en Twitter<\/span><\/a><\/li><li class='av-share-link av-social-link-whatsapp' ><a target=\"_blank\" aria-label=\"Compartir en Whatsapp\" href='https:\/\/api.whatsapp.com\/send?text=https:\/\/radiorevelacionfm.cl\/?p=54629' aria-hidden='false' data-av_icon='\uf232' data-av_iconfont='entypo-fontello' title='' data-avia-related-tooltip='Compartir en Whatsapp' rel=\"noopener\"><span class='avia_hidden_link_text'>Compartir en Whatsapp<\/span><\/a><\/li><li class='av-share-link av-social-link-linkedin' ><a target=\"_blank\" aria-label=\"Compartir en LinkedIn\" href='https:\/\/linkedin.com\/shareArticle?mini=true&#038;title=Se%20recupera%20la%20ocupaci%C3%B3n%20formal%20regional%20con%20reactivaci%C3%B3n%20del%20sector%20construcci%C3%B3n%20y%20educaci%C3%B3n&#038;url=https:\/\/radiorevelacionfm.cl\/?p=54629' aria-hidden='false' data-av_icon='\ue8fc' data-av_iconfont='entypo-fontello' title='' data-avia-related-tooltip='Compartir en LinkedIn' rel=\"noopener\"><span class='avia_hidden_link_text'>Compartir en LinkedIn<\/span><\/a><\/li><li class='av-share-link av-social-link-mail' ><a  aria-label=\"Compartir por correo\" href='mailto:?subject=Se%20recupera%20la%20ocupaci%C3%B3n%20formal%20regional%20con%20reactivaci%C3%B3n%20del%20sector%20construcci%C3%B3n%20y%20educaci%C3%B3n&#038;body=https:\/\/radiorevelacionfm.cl\/?p=54629' aria-hidden='false' data-av_icon='\ue805' data-av_iconfont='entypo-fontello' title='' data-avia-related-tooltip='Compartir por correo'><span class='avia_hidden_link_text'>Compartir por correo<\/span><\/a><\/li><\/ul><\/div><\/div>\n<div  style='height:50px' class='hr hr-invisible   avia-builder-el-8  el_after_av_social_share  el_before_av_comments_list '><span class='hr-inner ' ><span class='hr-inner-style'><\/span><\/span><\/div>\n<div  class='av-buildercomment  av-blog-meta-html-info-disabled av-blog-meta-tag-disabled  '><\/div>\n","protected":false},"excerpt":{"rendered":"","protected":false},"author":1,"featured_media":54630,"comment_status":"closed","ping_status":"closed","sticky":false,"template":"","format":"standard","meta":{"footnotes":""},"categories":[56],"tags":[],"class_list":["post-54629","post","type-post","status-publish","format-standard","has-post-thumbnail","hentry","category-trabajo"],"jetpack_featured_media_url":"https:\/\/radiorevelacionfm.cl\/wp-content\/uploads\/2025\/05\/6-11-3_optimized-2.jpg","_links":{"self":[{"href":"https:\/\/radiorevelacionfm.cl\/index.php?rest_route=\/wp\/v2\/posts\/54629","targetHints":{"allow":["GET"]}}],"collection":[{"href":"https:\/\/radiorevelacionfm.cl\/index.php?rest_route=\/wp\/v2\/posts"}],"about":[{"href":"https:\/\/radiorevelacionfm.cl\/index.php?rest_route=\/wp\/v2\/types\/post"}],"author":[{"embeddable":true,"href":"https:\/\/radiorevelacionfm.cl\/index.php?rest_route=\/wp\/v2\/users\/1"}],"replies":[{"embeddable":true,"href":"https:\/\/radiorevelacionfm.cl\/index.php?rest_route=%2Fwp%2Fv2%2Fcomments&post=54629"}],"version-history":[{"count":2,"href":"https:\/\/radiorevelacionfm.cl\/index.php?rest_route=\/wp\/v2\/posts\/54629\/revisions"}],"predecessor-version":[{"id":54632,"href":"https:\/\/radiorevelacionfm.cl\/index.php?rest_route=\/wp\/v2\/posts\/54629\/revisions\/54632"}],"wp:featuredmedia":[{"embeddable":true,"href":"https:\/\/radiorevelacionfm.cl\/index.php?rest_route=\/wp\/v2\/media\/54630"}],"wp:attachment":[{"href":"https:\/\/radiorevelacionfm.cl\/index.php?rest_route=%2Fwp%2Fv2%2Fmedia&parent=54629"}],"wp:term":[{"taxonomy":"category","embeddable":true,"href":"https:\/\/radiorevelacionfm.cl\/index.php?rest_route=%2Fwp%2Fv2%2Fcategories&post=54629"},{"taxonomy":"post_tag","embeddable":true,"href":"https:\/\/radiorevelacionfm.cl\/index.php?rest_route=%2Fwp%2Fv2%2Ftags&post=54629"}],"curies":[{"name":"wp","href":"https:\/\/api.w.org\/{rel}","templated":true}]}}