{"id":54618,"date":"2025-05-30T21:22:28","date_gmt":"2025-05-31T00:22:28","guid":{"rendered":"https:\/\/radiorevelacionfm.cl\/?p=54618"},"modified":"2025-05-30T21:34:40","modified_gmt":"2025-05-31T00:34:40","slug":"camara-de-turismo-de-puerto-rio-tranquilo-invita-a-disfrutar-del-territorio-en-invierno","status":"publish","type":"post","link":"https:\/\/radiorevelacionfm.cl\/?p=54618","title":{"rendered":"C\u00e1mara de Turismo de Puerto Rio Tranquilo invita a disfrutar del territorio en invierno"},"content":{"rendered":"<div class=\"flex_column av_one_full  flex_column_div av-zero-column-padding first  avia-builder-el-0  el_before_av_one_full  avia-builder-el-first  \" style='border-radius:0px; '><div  class='avia-image-container  av-styling-    avia-builder-el-1  avia-builder-el-no-sibling  avia-align-center '  itemprop=\"image\" itemscope=\"itemscope\" itemtype=\"https:\/\/schema.org\/ImageObject\"  ><div class='avia-image-container-inner'><div class='avia-image-overlay-wrap'><img decoding=\"async\" class='wp-image-54623 avia-img-lazy-loading-not-54623 avia_image' src=\"https:\/\/radiorevelacionfm.cl\/wp-content\/uploads\/2025\/05\/turismo-tranquilo-2-2_optimized-2.jpeg\" alt='' title='turismo-tranquilo-2-2_optimized-2' height=\"600\" width=\"888\"  itemprop=\"thumbnailUrl\" srcset=\"https:\/\/radiorevelacionfm.cl\/wp-content\/uploads\/2025\/05\/turismo-tranquilo-2-2_optimized-2.jpeg 888w, https:\/\/radiorevelacionfm.cl\/wp-content\/uploads\/2025\/05\/turismo-tranquilo-2-2_optimized-2-300x203.jpeg 300w, https:\/\/radiorevelacionfm.cl\/wp-content\/uploads\/2025\/05\/turismo-tranquilo-2-2_optimized-2-768x519.jpeg 768w, https:\/\/radiorevelacionfm.cl\/wp-content\/uploads\/2025\/05\/turismo-tranquilo-2-2_optimized-2-705x476.jpeg 705w, https:\/\/radiorevelacionfm.cl\/wp-content\/uploads\/2025\/05\/turismo-tranquilo-2-2_optimized-2-450x304.jpeg 450w, https:\/\/radiorevelacionfm.cl\/wp-content\/uploads\/2025\/05\/turismo-tranquilo-2-2_optimized-2-600x405.jpeg 600w\" sizes=\"(max-width: 888px) 100vw, 888px\" \/><\/div><\/div><\/div><\/div><div class=\"flex_column av_one_full  flex_column_div av-zero-column-padding first  avia-builder-el-2  el_after_av_one_full  el_before_av_one_full  column-top-margin\" style='border-radius:0px; '><section class=\"av_textblock_section \"  itemscope=\"itemscope\" itemtype=\"https:\/\/schema.org\/BlogPosting\" itemprop=\"blogPost\" ><div class='avia_textblock  '   itemprop=\"text\" ><p style=\"text-align: center;\"><strong><span style=\"font-size: 18pt;\">C\u00e1mara de Turismo de Puerto Rio Tranquilo invita a disfrutar del territorio en invierno<\/span><\/strong><\/p>\n<div id=\"gtx-trans\" style=\"position: absolute; left: -50px; top: 4.31534px;\">\n<div class=\"gtx-trans-icon\"><\/div>\n<\/div>\n<\/div><\/section><\/div><\/p>\n<div class=\"flex_column av_one_full  flex_column_div av-zero-column-padding first  avia-builder-el-4  el_after_av_one_full  el_before_av_hr  column-top-margin\" style='border-radius:0px; '><section class=\"av_textblock_section \"  itemscope=\"itemscope\" itemtype=\"https:\/\/schema.org\/BlogPosting\" itemprop=\"blogPost\" ><div class='avia_textblock  '   itemprop=\"text\" ><p style=\"text-align: justify;\"><em>En una nueva reuni\u00f3n del gremio presentaron la campa\u00f1a, \u201cPuerto R\u00edo Tranquilo Todo el A\u00f1o: Naturaleza, Aventura y Emoci\u00f3n en cada Estaci\u00f3n\u201d.<\/em><\/p>\n<p style=\"text-align: justify;\">Esta semana, se llev\u00f3 a cabo una nueva sesi\u00f3n de la C\u00e1mara de Turismo y Comercio de Puerto R\u00edo Tranquilo, donde se present\u00f3 oficialmente la campa\u00f1a, \u201cPuerto R\u00edo Tranquilo Todo el A\u00f1o: Naturaleza, Aventura y Emoci\u00f3n en Cada Estaci\u00f3n\u201d, que busca posicionar a nuestra localidad como un destino activo tambi\u00e9n durante oto\u00f1o e invierno.<\/p>\n<p style=\"text-align: justify;\">La actividad, realizada en el acogedor Caf\u00e9 Sabores del Sur, cont\u00f3 con la participaci\u00f3n de una veintena de socias y socios, representantes de diversos emprendimientos locales. La campa\u00f1a fue presentada por Omar Ruiz y Josefina San Juan, con el apoyo de la presidenta de la C\u00e1mara, Carina Briones.<\/p>\n<p style=\"text-align: justify;\">Gracias al levantamiento de informaci\u00f3n entre los socios, Puerto R\u00edo Tranquilo ofrece experiencias tur\u00edsticas todo el a\u00f1o, incluyendo: \u00a0Hostales, caba\u00f1as y camping disponibles, gastronom\u00eda local con identidad, actividades como kayak, tours a las Cavernas de M\u00e1rmol, Laguna San Rafael, trekking en el Glaciar Exploradores y en el Parque Nacional Exploradores, espacios de relajo como sauna y tinajas al aire libre y un activo comercio local que acompa\u00f1a la experiencia del visitante.<\/p>\n<p style=\"text-align: justify;\">El encuentro de la c\u00e1mara de turismo, fue clave para seguir articulando esfuerzos y fortalecer la red de turismo local, apostando por un desarrollo sustentable y colaborativo, invitando a la comunidad regional, a los visitantes nacionales y extranjeros a ser parte de nuevas experiencias en Puerto Rio Tranquilo en la \u00e9poca de invierno, donde los colores, el paisaje y la naturaleza entregan otras opciones para hacer turismo en la localidad.<\/p>\n<\/div><\/section><\/div>\n<div  style='height:50px' class='hr hr-invisible   avia-builder-el-6  el_after_av_one_full  el_before_av_social_share '><span class='hr-inner ' ><span class='hr-inner-style'><\/span><\/span><\/div>\n<div  class='av-social-sharing-box  avia-builder-el-7  el_after_av_hr  el_before_av_hr  '><div class='av-share-box'><h5 class='av-share-link-description av-no-toc '>Compartir esta noticia<\/h5><ul class='av-share-box-list noLightbox'><li class='av-share-link av-social-link-facebook' ><a target=\"_blank\" aria-label=\"Compartir en Facebook\" href='https:\/\/www.facebook.com\/sharer.php?u=https:\/\/radiorevelacionfm.cl\/?p=54618&#038;t=C%C3%A1mara%20de%20Turismo%20de%20Puerto%20Rio%20Tranquilo%20invita%20a%20disfrutar%20del%20territorio%20en%20invierno' aria-hidden='false' data-av_icon='\ue8f3' data-av_iconfont='entypo-fontello' title='' data-avia-related-tooltip='Compartir en Facebook' rel=\"noopener\"><span class='avia_hidden_link_text'>Compartir en Facebook<\/span><\/a><\/li><li class='av-share-link av-social-link-twitter' ><a target=\"_blank\" aria-label=\"Compartir en Twitter\" href='https:\/\/twitter.com\/share?text=C%C3%A1mara%20de%20Turismo%20de%20Puerto%20Rio%20Tranquilo%20invita%20a%20disfrutar%20del%20territorio%20en%20invierno&#038;url=https:\/\/radiorevelacionfm.cl\/?p=54618' aria-hidden='false' data-av_icon='\ue8f1' data-av_iconfont='entypo-fontello' title='' data-avia-related-tooltip='Compartir en Twitter' rel=\"noopener\"><span class='avia_hidden_link_text'>Compartir en Twitter<\/span><\/a><\/li><li class='av-share-link av-social-link-whatsapp' ><a target=\"_blank\" aria-label=\"Compartir en Whatsapp\" href='https:\/\/api.whatsapp.com\/send?text=https:\/\/radiorevelacionfm.cl\/?p=54618' aria-hidden='false' data-av_icon='\uf232' data-av_iconfont='entypo-fontello' title='' data-avia-related-tooltip='Compartir en Whatsapp' rel=\"noopener\"><span class='avia_hidden_link_text'>Compartir en Whatsapp<\/span><\/a><\/li><li class='av-share-link av-social-link-linkedin' ><a target=\"_blank\" aria-label=\"Compartir en LinkedIn\" href='https:\/\/linkedin.com\/shareArticle?mini=true&#038;title=C%C3%A1mara%20de%20Turismo%20de%20Puerto%20Rio%20Tranquilo%20invita%20a%20disfrutar%20del%20territorio%20en%20invierno&#038;url=https:\/\/radiorevelacionfm.cl\/?p=54618' aria-hidden='false' data-av_icon='\ue8fc' data-av_iconfont='entypo-fontello' title='' data-avia-related-tooltip='Compartir en LinkedIn' rel=\"noopener\"><span class='avia_hidden_link_text'>Compartir en LinkedIn<\/span><\/a><\/li><li class='av-share-link av-social-link-mail' ><a  aria-label=\"Compartir por correo\" href='mailto:?subject=C%C3%A1mara%20de%20Turismo%20de%20Puerto%20Rio%20Tranquilo%20invita%20a%20disfrutar%20del%20territorio%20en%20invierno&#038;body=https:\/\/radiorevelacionfm.cl\/?p=54618' aria-hidden='false' data-av_icon='\ue805' data-av_iconfont='entypo-fontello' title='' data-avia-related-tooltip='Compartir por correo'><span class='avia_hidden_link_text'>Compartir por correo<\/span><\/a><\/li><\/ul><\/div><\/div>\n<div  style='height:50px' class='hr hr-invisible   avia-builder-el-8  el_after_av_social_share  el_before_av_comments_list '><span class='hr-inner ' ><span class='hr-inner-style'><\/span><\/span><\/div>\n<div  class='av-buildercomment  av-blog-meta-html-info-disabled av-blog-meta-tag-disabled  '><\/div>\n","protected":false},"excerpt":{"rendered":"","protected":false},"author":1,"featured_media":54623,"comment_status":"closed","ping_status":"closed","sticky":false,"template":"","format":"standard","meta":{"footnotes":""},"categories":[54],"tags":[],"class_list":["post-54618","post","type-post","status-publish","format-standard","has-post-thumbnail","hentry","category-turismo"],"jetpack_featured_media_url":"https:\/\/radiorevelacionfm.cl\/wp-content\/uploads\/2025\/05\/turismo-tranquilo-2-2_optimized-2.jpeg","_links":{"self":[{"href":"https:\/\/radiorevelacionfm.cl\/index.php?rest_route=\/wp\/v2\/posts\/54618","targetHints":{"allow":["GET"]}}],"collection":[{"href":"https:\/\/radiorevelacionfm.cl\/index.php?rest_route=\/wp\/v2\/posts"}],"about":[{"href":"https:\/\/radiorevelacionfm.cl\/index.php?rest_route=\/wp\/v2\/types\/post"}],"author":[{"embeddable":true,"href":"https:\/\/radiorevelacionfm.cl\/index.php?rest_route=\/wp\/v2\/users\/1"}],"replies":[{"embeddable":true,"href":"https:\/\/radiorevelacionfm.cl\/index.php?rest_route=%2Fwp%2Fv2%2Fcomments&post=54618"}],"version-history":[{"count":4,"href":"https:\/\/radiorevelacionfm.cl\/index.php?rest_route=\/wp\/v2\/posts\/54618\/revisions"}],"predecessor-version":[{"id":54622,"href":"https:\/\/radiorevelacionfm.cl\/index.php?rest_route=\/wp\/v2\/posts\/54618\/revisions\/54622"}],"wp:featuredmedia":[{"embeddable":true,"href":"https:\/\/radiorevelacionfm.cl\/index.php?rest_route=\/wp\/v2\/media\/54623"}],"wp:attachment":[{"href":"https:\/\/radiorevelacionfm.cl\/index.php?rest_route=%2Fwp%2Fv2%2Fmedia&parent=54618"}],"wp:term":[{"taxonomy":"category","embeddable":true,"href":"https:\/\/radiorevelacionfm.cl\/index.php?rest_route=%2Fwp%2Fv2%2Fcategories&post=54618"},{"taxonomy":"post_tag","embeddable":true,"href":"https:\/\/radiorevelacionfm.cl\/index.php?rest_route=%2Fwp%2Fv2%2Ftags&post=54618"}],"curies":[{"name":"wp","href":"https:\/\/api.w.org\/{rel}","templated":true}]}}