{"id":54615,"date":"2025-05-30T21:35:59","date_gmt":"2025-05-31T00:35:59","guid":{"rendered":"https:\/\/radiorevelacionfm.cl\/?p=54615"},"modified":"2025-05-30T21:47:44","modified_gmt":"2025-05-31T00:47:44","slug":"exitoso-municipio-en-terreno-se-desarrollo-en-islas-huichas","status":"publish","type":"post","link":"https:\/\/radiorevelacionfm.cl\/?p=54615","title":{"rendered":"Exitoso \u201cmunicipio en terreno\u201d se desarroll\u00f3 en Islas Huichas"},"content":{"rendered":"<div class=\"flex_column av_one_full  flex_column_div av-zero-column-padding first  avia-builder-el-0  el_before_av_one_full  avia-builder-el-first  \" style='border-radius:0px; '><div  class='avia-image-container  av-styling-    avia-builder-el-1  avia-builder-el-no-sibling  avia-align-center '  itemprop=\"image\" itemscope=\"itemscope\" itemtype=\"https:\/\/schema.org\/ImageObject\"  ><div class='avia-image-container-inner'><div class='avia-image-overlay-wrap'><img decoding=\"async\" class='wp-image-54626 avia-img-lazy-loading-not-54626 avia_image' src=\"https:\/\/radiorevelacionfm.cl\/wp-content\/uploads\/2025\/05\/Imagen-de-WhatsApp-2025-05-28-a-las-15.58.27_74954d35-2-2.jpg\" alt='' title='Imagen de WhatsApp 2025-05-28 a las 15.58.27_74954d35-2-2' height=\"600\" width=\"898\"  itemprop=\"thumbnailUrl\" srcset=\"https:\/\/radiorevelacionfm.cl\/wp-content\/uploads\/2025\/05\/Imagen-de-WhatsApp-2025-05-28-a-las-15.58.27_74954d35-2-2.jpg 898w, https:\/\/radiorevelacionfm.cl\/wp-content\/uploads\/2025\/05\/Imagen-de-WhatsApp-2025-05-28-a-las-15.58.27_74954d35-2-2-300x200.jpg 300w, https:\/\/radiorevelacionfm.cl\/wp-content\/uploads\/2025\/05\/Imagen-de-WhatsApp-2025-05-28-a-las-15.58.27_74954d35-2-2-768x513.jpg 768w, https:\/\/radiorevelacionfm.cl\/wp-content\/uploads\/2025\/05\/Imagen-de-WhatsApp-2025-05-28-a-las-15.58.27_74954d35-2-2-705x471.jpg 705w, https:\/\/radiorevelacionfm.cl\/wp-content\/uploads\/2025\/05\/Imagen-de-WhatsApp-2025-05-28-a-las-15.58.27_74954d35-2-2-450x301.jpg 450w, https:\/\/radiorevelacionfm.cl\/wp-content\/uploads\/2025\/05\/Imagen-de-WhatsApp-2025-05-28-a-las-15.58.27_74954d35-2-2-600x401.jpg 600w\" sizes=\"(max-width: 898px) 100vw, 898px\" \/><\/div><\/div><\/div><\/div><div class=\"flex_column av_one_full  flex_column_div av-zero-column-padding first  avia-builder-el-2  el_after_av_one_full  el_before_av_one_full  column-top-margin\" style='border-radius:0px; '><section class=\"av_textblock_section \"  itemscope=\"itemscope\" itemtype=\"https:\/\/schema.org\/BlogPosting\" itemprop=\"blogPost\" ><div class='avia_textblock  '   itemprop=\"text\" ><p style=\"text-align: center;\"><span style=\"font-size: 18pt;\"><strong>Exitoso \u201cmunicipio en terreno\u201d se desarroll\u00f3 en Islas Huichas<\/strong><\/span><\/p>\n<div id=\"gtx-trans\" style=\"position: absolute; left: -50px; top: 4.31534px;\">\n<div class=\"gtx-trans-icon\"><\/div>\n<\/div>\n<\/div><\/section><\/div><\/p>\n<div class=\"flex_column av_one_full  flex_column_div av-zero-column-padding first  avia-builder-el-4  el_after_av_one_full  el_before_av_hr  column-top-margin\" style='border-radius:0px; '><section class=\"av_textblock_section \"  itemscope=\"itemscope\" itemtype=\"https:\/\/schema.org\/BlogPosting\" itemprop=\"blogPost\" ><div class='avia_textblock  '   itemprop=\"text\" ><p style=\"text-align: justify;\">Hasta Islas Huichas se traslad\u00f3 durante tres d\u00edas el equipo municipal de Ays\u00e9n en el marco del \u201cmunicipio en terreno\u201d. Iniciativa que busca acercar los servicios a la comunidad, y atender a los vecinos, sin que \u00e9stos deban desplazarse hasta la capital comunal.<\/p>\n<p style=\"text-align: justify;\">Delegaci\u00f3n encabezada por el alcalde, Luis Mart\u00ednez Gallardo, y el concejal de la comuna, Luis Otth; quienes aprovecharon las jornadas para reunirse con las diversas organizaciones de la Isla, en este trabajo en terreno, tal cual ha sido su sello como administraci\u00f3n, y que fue acompa\u00f1ado por directores y funcionarios de las diversas reparticiones municipales, con quienes se procedi\u00f3 a levantar una serie de iniciativas, as\u00ed como dar respuesta a aquellos requerimientos surgidos de la comunidad.<\/p>\n<p style=\"text-align: justify;\">Juntas de vecinos, clubes deportivos, clubes de adultos mayores, fueron parte de las reuniones atendidas en este recorrido que, adem\u00e1s, incluy\u00f3 instituciones como son la Armada y establecimientos educacionales, entre otros.<\/p>\n<p style=\"text-align: justify;\">\u201cFue una linda instancia. En el caso de Caleta Andrade, conversamos con el club de adultos mayores \u201cLas Rosas\u201d, que hoy tienen su directiva al d\u00eda, con quien se aprovech\u00f3 de firmar convenio y ver el camino que permita avanzar hacia la licitaci\u00f3n este a\u00f1o para una nueva sede, que es lo que m\u00e1s requieren\u201d, explic\u00f3 el edil aysenino, agregando que \u201cen el caso de \u201cPedro Aguirre Cerda\u201d, club de Puerto Aguirre, est\u00e1n \u00e1vidos de tener su directiva al d\u00eda, as\u00ed como contar con la informaci\u00f3n necesaria sobre c\u00f3mo postular a diversos fondos e iniciativas\u201d.<\/p>\n<p style=\"text-align: justify;\">En este sentido, Patricia Aravena, presidenta CAM Pedro Aguirre Cerda, que congrega a alrededor de 20 socios y social, relev\u00f3 este espacio se\u00f1alando que \u201cfue muy fruct\u00edfero porque pudimos comentar nuestras inquietudes, plantear nuestras ideas, y creo que tuvimos bien buenos resultados. Somos un grupo que est\u00e1 reci\u00e9n comenzando a trabajar, entonces est\u00e1bamos un poco perdidos sobre lo que es la programaci\u00f3n los fondos a los que podemos postular. Y ellos nos van a ir guiando, indic\u00e1ndonos c\u00f3mo hacerlo, as\u00ed que yo creo que vamos en buen pie\u201d.<\/p>\n<p style=\"text-align: justify;\">Asimismo, fueron parte del terreno, la Secretar\u00eda Comunal de Planificaci\u00f3n, SECPLAN, quienes realizaron un levantamiento topogr\u00e1fico en el sector donde se emplaza el estadio en Puerto Aguirre, que permita afinar detalles de cara a lo que ser\u00e1 el dise\u00f1o de esta iniciativa. \u201cNos reunimos con la gente del deporte para indicarle en qu\u00e9 va el proyecto del estadio, que esperamos ingresar as la MIDESO entre agosto o septiembre de este a\u00f1o, y necesit\u00e1bamos tomar algunas definiciones respecto al terreno. Nos comprometimos a finales de junio presentarles el proyecto para considerar las ultimas observaciones que puedan tener\u201d, indic\u00f3 el alcalde, Luis Mart\u00ednez.<\/p>\n<p style=\"text-align: justify;\">Por su parte, los profesionales de la Direcci\u00f3n de Obras Municipales, DOM, tambi\u00e9n hicieron trabajos topogr\u00e1ficos, con el fin de establecer lineamientos y analizar la viabilidad que permita futuros proyectos, de cara al crecimiento y desarrollo del sector isle\u00f1o de nuestra comuna.<\/p>\n<p style=\"text-align: justify;\">La Direcci\u00f3n de Desarrollo Comunitario, DIDECO, fue parte esencial de este \u201cmunicipio en terreno\u201d, que, a trav\u00e9s de sus diversos profesionales, visitaron en total a m\u00e1s de 60 vecinos y vecinas. Uno de ellos, fue la oficina de la Discapacidad que, en el marco de la ejecuci\u00f3n de la Estrategia de Desarrollo Local Inclusivo, EDLI, visit\u00f3 a los 16 usuarios de este programa que residen en el sector isle\u00f1o.<\/p>\n<p style=\"text-align: justify;\">La Oficina Local de la Ni\u00f1ez, OLN, tambi\u00e9n se hizo presente a trav\u00e9s de la realizaci\u00f3n de talleres de promoci\u00f3n de derechos de los ni\u00f1os, ni\u00f1as y adolescentes; dirigidos a estudiantes del liceo Pedro Aguirre Cerda y la escuela Carlos Condell. Adem\u00e1s, lograron una importante convocatoria a su llamado a la primera mesa intersectorial en la localidad, hasta la cual concurrieron representantes de los diversos organismos e instituciones existentes en la isla, logrando de esta manera articular la red de protecci\u00f3n de la ni\u00f1ez, esta vez en Huichas.<\/p>\n<p style=\"text-align: justify;\">De forma paralela, el programa Habilitaci\u00f3n de Espacios P\u00fablicos Infantiles, HEPI Crianza, present\u00f3 en diversos establecimientos educacionales, el teatro de t\u00edteres \u00abLa ensalada de Crispina\u00bb, en el marco de la actividad Trotamundi, que busca llevar este arte a toda la comuna.<\/p>\n<p style=\"text-align: justify;\">La Direcci\u00f3n de Aseo, Ornato y Medio Ambiente, DAOMA, arrib\u00f3 hasta Huichas con sus unidades de Operaciones, \u00c1reas Verdes y Limpiafosas, y Alumbrado P\u00fablico. Estos \u00faltimos, con una importante labor que permiti\u00f3 el recambio de luminarias y reparaci\u00f3n de las mismas como una forma de mejorar la luminosidad y entregar mayor seguridad a los vecinos y vecinas. Tarea que se suma al proceso de reposici\u00f3n de luminarias que se est\u00e1 ejecutando en las diversas localidades de la comuna.<\/p>\n<p style=\"text-align: justify;\">En el \u00e1mbito deportivo, Mart\u00ednez Gallardo, destac\u00f3 que \u201cestamos comprando m\u00e1s de 20 millones de pesos en m\u00e1quinas y elementos para traspasar nuestro gimnasio Demetrio C\u00e1rdenas a la Corporaci\u00f3n del Deporte, y poder funcionar casi como con la administraci\u00f3n de Polideportivo. Este mes ya estamos completando nuestro equipo de gente para comenzar con las clases dirigidas, y otras actividades, y as\u00ed avanzar hacia un desarrollo deportivo en la Isla\u201d.<\/p>\n<p style=\"text-align: justify;\">\u201cNos trajimos harta tarea, sabemos el problema de trabajo que hoy existe en Huichas. Sabemos que se ha avanzado poco en lo de CONAF. Sabemos que los planes de empleo no avanzan como quisi\u00e9ramos, y eso lo hemos transparentarlo a los vecinos, relevando que lo fundamental es decir las cosas claras y directamente, y por supuesto la cercan\u00eda con la comunidad. As\u00ed que agradecidos de la recepci\u00f3n, y esperamos volver con buena parte de los requerimientos cumplidos en un par de semanas\u201d, finaliz\u00f3 la autoridad comunal de Ays\u00e9n.<\/p>\n<\/div><\/section><\/div>\n<div  style='height:50px' class='hr hr-invisible   avia-builder-el-6  el_after_av_one_full  el_before_av_social_share '><span class='hr-inner ' ><span class='hr-inner-style'><\/span><\/span><\/div>\n<div  class='av-social-sharing-box  avia-builder-el-7  el_after_av_hr  el_before_av_hr  '><div class='av-share-box'><h5 class='av-share-link-description av-no-toc '>Compartir esta noticia<\/h5><ul class='av-share-box-list noLightbox'><li class='av-share-link av-social-link-facebook' ><a target=\"_blank\" aria-label=\"Compartir en Facebook\" href='https:\/\/www.facebook.com\/sharer.php?u=https:\/\/radiorevelacionfm.cl\/?p=54615&#038;t=Exitoso%20%E2%80%9Cmunicipio%20en%20terreno%E2%80%9D%20se%20desarroll%C3%B3%20en%20Islas%20Huichas' aria-hidden='false' data-av_icon='\ue8f3' data-av_iconfont='entypo-fontello' title='' data-avia-related-tooltip='Compartir en Facebook' rel=\"noopener\"><span class='avia_hidden_link_text'>Compartir en Facebook<\/span><\/a><\/li><li class='av-share-link av-social-link-twitter' ><a target=\"_blank\" aria-label=\"Compartir en Twitter\" href='https:\/\/twitter.com\/share?text=Exitoso%20%E2%80%9Cmunicipio%20en%20terreno%E2%80%9D%20se%20desarroll%C3%B3%20en%20Islas%20Huichas&#038;url=https:\/\/radiorevelacionfm.cl\/?p=54615' aria-hidden='false' data-av_icon='\ue8f1' data-av_iconfont='entypo-fontello' title='' data-avia-related-tooltip='Compartir en Twitter' rel=\"noopener\"><span class='avia_hidden_link_text'>Compartir en Twitter<\/span><\/a><\/li><li class='av-share-link av-social-link-whatsapp' ><a target=\"_blank\" aria-label=\"Compartir en Whatsapp\" href='https:\/\/api.whatsapp.com\/send?text=https:\/\/radiorevelacionfm.cl\/?p=54615' aria-hidden='false' data-av_icon='\uf232' data-av_iconfont='entypo-fontello' title='' data-avia-related-tooltip='Compartir en Whatsapp' rel=\"noopener\"><span class='avia_hidden_link_text'>Compartir en Whatsapp<\/span><\/a><\/li><li class='av-share-link av-social-link-linkedin' ><a target=\"_blank\" aria-label=\"Compartir en LinkedIn\" href='https:\/\/linkedin.com\/shareArticle?mini=true&#038;title=Exitoso%20%E2%80%9Cmunicipio%20en%20terreno%E2%80%9D%20se%20desarroll%C3%B3%20en%20Islas%20Huichas&#038;url=https:\/\/radiorevelacionfm.cl\/?p=54615' aria-hidden='false' data-av_icon='\ue8fc' data-av_iconfont='entypo-fontello' title='' data-avia-related-tooltip='Compartir en LinkedIn' rel=\"noopener\"><span class='avia_hidden_link_text'>Compartir en LinkedIn<\/span><\/a><\/li><li class='av-share-link av-social-link-mail' ><a  aria-label=\"Compartir por correo\" href='mailto:?subject=Exitoso%20%E2%80%9Cmunicipio%20en%20terreno%E2%80%9D%20se%20desarroll%C3%B3%20en%20Islas%20Huichas&#038;body=https:\/\/radiorevelacionfm.cl\/?p=54615' aria-hidden='false' data-av_icon='\ue805' data-av_iconfont='entypo-fontello' title='' data-avia-related-tooltip='Compartir por correo'><span class='avia_hidden_link_text'>Compartir por correo<\/span><\/a><\/li><\/ul><\/div><\/div>\n<div  style='height:50px' class='hr hr-invisible   avia-builder-el-8  el_after_av_social_share  el_before_av_comments_list '><span class='hr-inner ' ><span class='hr-inner-style'><\/span><\/span><\/div>\n<div  class='av-buildercomment  av-blog-meta-html-info-disabled av-blog-meta-tag-disabled  '><\/div>\n","protected":false},"excerpt":{"rendered":"","protected":false},"author":1,"featured_media":54626,"comment_status":"closed","ping_status":"closed","sticky":false,"template":"","format":"standard","meta":{"footnotes":""},"categories":[38],"tags":[],"class_list":["post-54615","post","type-post","status-publish","format-standard","has-post-thumbnail","hentry","category-regional"],"jetpack_featured_media_url":"https:\/\/radiorevelacionfm.cl\/wp-content\/uploads\/2025\/05\/Imagen-de-WhatsApp-2025-05-28-a-las-15.58.27_74954d35-2-2.jpg","_links":{"self":[{"href":"https:\/\/radiorevelacionfm.cl\/index.php?rest_route=\/wp\/v2\/posts\/54615","targetHints":{"allow":["GET"]}}],"collection":[{"href":"https:\/\/radiorevelacionfm.cl\/index.php?rest_route=\/wp\/v2\/posts"}],"about":[{"href":"https:\/\/radiorevelacionfm.cl\/index.php?rest_route=\/wp\/v2\/types\/post"}],"author":[{"embeddable":true,"href":"https:\/\/radiorevelacionfm.cl\/index.php?rest_route=\/wp\/v2\/users\/1"}],"replies":[{"embeddable":true,"href":"https:\/\/radiorevelacionfm.cl\/index.php?rest_route=%2Fwp%2Fv2%2Fcomments&post=54615"}],"version-history":[{"count":2,"href":"https:\/\/radiorevelacionfm.cl\/index.php?rest_route=\/wp\/v2\/posts\/54615\/revisions"}],"predecessor-version":[{"id":54627,"href":"https:\/\/radiorevelacionfm.cl\/index.php?rest_route=\/wp\/v2\/posts\/54615\/revisions\/54627"}],"wp:featuredmedia":[{"embeddable":true,"href":"https:\/\/radiorevelacionfm.cl\/index.php?rest_route=\/wp\/v2\/media\/54626"}],"wp:attachment":[{"href":"https:\/\/radiorevelacionfm.cl\/index.php?rest_route=%2Fwp%2Fv2%2Fmedia&parent=54615"}],"wp:term":[{"taxonomy":"category","embeddable":true,"href":"https:\/\/radiorevelacionfm.cl\/index.php?rest_route=%2Fwp%2Fv2%2Fcategories&post=54615"},{"taxonomy":"post_tag","embeddable":true,"href":"https:\/\/radiorevelacionfm.cl\/index.php?rest_route=%2Fwp%2Fv2%2Ftags&post=54615"}],"curies":[{"name":"wp","href":"https:\/\/api.w.org\/{rel}","templated":true}]}}