{"id":54612,"date":"2025-05-30T21:53:23","date_gmt":"2025-05-31T00:53:23","guid":{"rendered":"https:\/\/radiorevelacionfm.cl\/?p=54612"},"modified":"2025-05-30T21:53:23","modified_gmt":"2025-05-31T00:53:23","slug":"dia-del-juego-ninas-y-ninos-de-coyhaique-fueron-los-protagonistas-de-la-feria-de-innovacion-educativa-ludus-aprender-jugando-crecer-avanzando","status":"publish","type":"post","link":"https:\/\/radiorevelacionfm.cl\/?p=54612","title":{"rendered":"D\u00eda del Juego: Ni\u00f1as y ni\u00f1os de Coyhaique fueron los protagonistas de la Feria de Innovaci\u00f3n Educativa LUDUS: Aprender jugando, crecer avanzando"},"content":{"rendered":"<div class=\"flex_column av_one_full  flex_column_div av-zero-column-padding first  avia-builder-el-0  el_before_av_one_full  avia-builder-el-first  \" style='border-radius:0px; '><div  class='avia-image-container  av-styling-    avia-builder-el-1  avia-builder-el-no-sibling  avia-align-center '  itemprop=\"image\" itemscope=\"itemscope\" itemtype=\"https:\/\/schema.org\/ImageObject\"  ><div class='avia-image-container-inner'><div class='avia-image-overlay-wrap'><img decoding=\"async\" class='wp-image-54613 avia-img-lazy-loading-not-54613 avia_image' src=\"https:\/\/radiorevelacionfm.cl\/wp-content\/uploads\/2025\/05\/8-9-1-1.jpeg\" alt='' title='8 (9) (1) (1)' height=\"600\" width=\"898\"  itemprop=\"thumbnailUrl\" srcset=\"https:\/\/radiorevelacionfm.cl\/wp-content\/uploads\/2025\/05\/8-9-1-1.jpeg 898w, https:\/\/radiorevelacionfm.cl\/wp-content\/uploads\/2025\/05\/8-9-1-1-300x200.jpeg 300w, https:\/\/radiorevelacionfm.cl\/wp-content\/uploads\/2025\/05\/8-9-1-1-768x513.jpeg 768w, https:\/\/radiorevelacionfm.cl\/wp-content\/uploads\/2025\/05\/8-9-1-1-705x471.jpeg 705w, https:\/\/radiorevelacionfm.cl\/wp-content\/uploads\/2025\/05\/8-9-1-1-450x301.jpeg 450w, https:\/\/radiorevelacionfm.cl\/wp-content\/uploads\/2025\/05\/8-9-1-1-600x401.jpeg 600w\" sizes=\"(max-width: 898px) 100vw, 898px\" \/><\/div><\/div><\/div><\/div><div class=\"flex_column av_one_full  flex_column_div av-zero-column-padding first  avia-builder-el-2  el_after_av_one_full  el_before_av_one_full  column-top-margin\" style='border-radius:0px; '><section class=\"av_textblock_section \"  itemscope=\"itemscope\" itemtype=\"https:\/\/schema.org\/BlogPosting\" itemprop=\"blogPost\" ><div class='avia_textblock  '   itemprop=\"text\" ><h2 class=\"title\" style=\"text-align: center;\"><span style=\"font-size: 18pt;\"><b><span lang=\"X-NONE\">D\u00eda del Juego: Ni\u00f1as y ni\u00f1os de Coyhaique fueron los protagonistas de la Feria de Innovaci\u00f3n Educativa LUDUS: Aprender jugando, crecer avanzando<\/span><\/b><\/span><\/h2>\n<div id=\"gtx-trans\" style=\"position: absolute; left: -50px; top: 4.31534px;\">\n<div class=\"gtx-trans-icon\"><\/div>\n<\/div>\n<\/div><\/section><\/div><div class=\"flex_column av_one_full  flex_column_div av-zero-column-padding first  avia-builder-el-4  el_after_av_one_full  el_before_av_hr  column-top-margin\" style='border-radius:0px; '><section class=\"av_textblock_section \"  itemscope=\"itemscope\" itemtype=\"https:\/\/schema.org\/BlogPosting\" itemprop=\"blogPost\" ><div class='avia_textblock  '   itemprop=\"text\" ><p class=\"v1MsoNormal\" style=\"text-align: justify;\"><span lang=\"ES\">El Centro Cultural Coyhaique fue el escenario\u00a0 de una concurrida jornada, la primera Feria de Innovaci\u00f3n Educativa LUDUS: Aprender Jugando, Crecer Avanzando realizada el mi\u00e9rcoles 28 en la capital regional.<\/span><\/p>\n<p class=\"v1MsoNormal\" style=\"text-align: justify;\"><span lang=\"ES\">El encuentro forma parte del Plan Regional de Educaci\u00f3n y fue convocado por la Secretaria Regional Ministerial de Educaci\u00f3n de Ays\u00e9n, la Subsecretar\u00eda de Educaci\u00f3n Parvularia y en colaboraci\u00f3n con la Universidad de Ays\u00e9n. Tuvo como objetivos promover y resguardar el derecho al juego de ni\u00f1os, ni\u00f1as y adolescentes resguardando las trayectorias educativas, potenciar el desarrollo integral de ni\u00f1os, ni\u00f1as y j\u00f3venes en el contexto educativo y dar a conocer estrategias y elementos del juego aplicado a actividades l\u00fadicas y no l\u00fadicas, para motivar, aumentar la participaci\u00f3n y compromiso de las y los estudiantes en contextos educativos.\u00a0<\/span>Cont\u00f3 con la participaci\u00f3n de expositores de Junji Ays\u00e9n, Fundaci\u00f3n Integra, PEIB del Establecimiento Educacional Ricardo Navarrete y Esc. Baquedano, Liceo Juan Pablo II, Universidad de Ays\u00e9n, CFT Estatal de Ays\u00e9n, UACh Campus Patagonia, CECREA, Biblioteca Regional, Jard\u00edn Infantil Bambin Gesu de Puerto Ays\u00e9n, y Caf\u00e9 Gamer Blue Dragon Coyhaique,\u00a0y fue visitada durante la ma\u00f1ana por colegios p\u00fablicos y particulares subvencionados de\u00a0<a href=\"https:\/\/www.facebook.com\/hashtag\/coyhaique?__eep__=6&amp;__cft__%5b0%5d=AZVLj8uSyVKkMLHxkz5StzbESVpEXUDT_8g76nN-4QoHlKJq-bYKN80OvGPyjwfQQz8UQ4hTw1CRDffnMFvfyd4IRAUOBmNejtF73yaFfeR7RL8gHBnPAzo4S8RmBBuHA78nbSU5W9Ubv9baazcKJ2ex9NwUk0BRnGpvC_fjq67qTLgz0pSp5XSl5AZd3K6PANmuRg8LthHVQYSWyENqD3wF&amp;__tn__=*NK-R\" target=\"_blank\" rel=\"noopener noreferrer\">Coyhaique<\/a><span lang=\"ES\">, las cuales realizaron itinerancia por todos los espacios l\u00fadicos dispuestos en dependencias del Centro Cultural que fue facilitado por la Corporaci\u00f3n Cultural de la Municipalidad de Coyhaique.<\/span><\/p>\n<p class=\"v1MsoNormal\" style=\"text-align: justify;\"><span lang=\"ES\">Durante la tarde se realiz\u00f3 la charla magistral \u201cGamificaci\u00f3n Educativa y su impacto en la calidad de los aprendizajes\u201d, a cargo del profesor de Ingl\u00e9s y\u00a0 acad\u00e9mico.<\/span><span lang=\"ES\">\u00a0<\/span><span lang=\"ES\">Sebasti\u00e1n Tejos Araya y posteriormente el Conversatorio \u201cPensamiento L\u00fadico y Educaci\u00f3n\u201d, a cargo del Sic\u00f3logo y Magister en Convivencia Escolar Gonzalo Espinoza Gonz\u00e1lez.<\/span><\/p>\n<p class=\"v1MsoNormal\" style=\"text-align: justify;\"><span lang=\"ES\">Tras inaugurar la Feria Ludus, la Seremi de Educaci\u00f3n Katherine Miqueles destac\u00f3 que \u201cEl Juego no solo es un derecho que tienen ni\u00f1as ni\u00f1os y adolescentes, tambi\u00e9n es una potente estrategia de aprendizaje. La invitaci\u00f3n hoy a partir de este espacio es a jugar siempre a trav\u00e9s de toda nuestra trayectoria educativa incluso como adultos, que el juego nos acompa\u00f1e durante toda nuestra vida\u201d.<\/span><\/p>\n<p class=\"v1MsoNormal\" style=\"text-align: justify;\"><span lang=\"ES\">En esa misma l\u00ednea, Leticia Araya, directora regional de Fundaci\u00f3n Integra manifest\u00f3 que \u201cEl juego es una instancia natural de aprendizaje de los ni\u00f1os y ni\u00f1as y los debe acompa\u00f1ar en toda su trayectoria educativa. El juego nace en la primera infancia y se va desarrollando y haciendo m\u00e1s rico y se hace importante como un espacio de convivencia grupal y aprendizajes significativos. Es en los jardines infantiles, espacios protegidos y amorosos donde ni\u00f1as y ni\u00f1os ejercen el derecho a jugar\u201d.<\/span><\/p>\n<p class=\"v1MsoNormal\" style=\"text-align: justify;\"><b>D\u00eda Internacional del Juego<\/b><\/p>\n<p class=\"v1MsoNormal\" style=\"text-align: justify;\">El D\u00eda Internacional del Juego se conmemora desde 1998, los 28 de mayo, recordando la Declaraci\u00f3n de los Derechos del Ni\u00f1o y la Ni\u00f1a en 1958, y la Convenci\u00f3n en 1989.<\/p>\n<p class=\"v1MsoNormal\" style=\"text-align: justify;\">Con este d\u00eda se pretende rescatar la importancia de la actividad l\u00fadica, f\u00edsica y al mismo tiempo el componente educativo e infinitas posibilidades que ofrece el juego.<\/p>\n<\/div><\/section><\/div><div  style='height:50px' class='hr hr-invisible   avia-builder-el-6  el_after_av_one_full  el_before_av_social_share '><span class='hr-inner ' ><span class='hr-inner-style'><\/span><\/span><\/div><\/p>\n<div  class='av-social-sharing-box  avia-builder-el-7  el_after_av_hr  el_before_av_hr  '><div class='av-share-box'><h5 class='av-share-link-description av-no-toc '>Compartir esta noticia<\/h5><ul class='av-share-box-list noLightbox'><li class='av-share-link av-social-link-facebook' ><a target=\"_blank\" aria-label=\"Compartir en Facebook\" href='https:\/\/www.facebook.com\/sharer.php?u=https:\/\/radiorevelacionfm.cl\/?p=54612&#038;t=D%C3%ADa%20del%20Juego%3A%20Ni%C3%B1as%20y%20ni%C3%B1os%20de%20Coyhaique%20fueron%20los%20protagonistas%20de%20la%20Feria%20de%20Innovaci%C3%B3n%20Educativa%20LUDUS%3A%20Aprender%20jugando%2C%20crecer%20avanzando' aria-hidden='false' data-av_icon='\ue8f3' data-av_iconfont='entypo-fontello' title='' data-avia-related-tooltip='Compartir en Facebook' rel=\"noopener\"><span class='avia_hidden_link_text'>Compartir en Facebook<\/span><\/a><\/li><li class='av-share-link av-social-link-twitter' ><a target=\"_blank\" aria-label=\"Compartir en Twitter\" href='https:\/\/twitter.com\/share?text=D%C3%ADa%20del%20Juego%3A%20Ni%C3%B1as%20y%20ni%C3%B1os%20de%20Coyhaique%20fueron%20los%20protagonistas%20de%20la%20Feria%20de%20Innovaci%C3%B3n%20Educativa%20LUDUS%3A%20Aprender%20jugando%2C%20crecer%20avanzando&#038;url=https:\/\/radiorevelacionfm.cl\/?p=54612' aria-hidden='false' data-av_icon='\ue8f1' data-av_iconfont='entypo-fontello' title='' data-avia-related-tooltip='Compartir en Twitter' rel=\"noopener\"><span class='avia_hidden_link_text'>Compartir en Twitter<\/span><\/a><\/li><li class='av-share-link av-social-link-whatsapp' ><a target=\"_blank\" aria-label=\"Compartir en Whatsapp\" href='https:\/\/api.whatsapp.com\/send?text=https:\/\/radiorevelacionfm.cl\/?p=54612' aria-hidden='false' data-av_icon='\uf232' data-av_iconfont='entypo-fontello' title='' data-avia-related-tooltip='Compartir en Whatsapp' rel=\"noopener\"><span class='avia_hidden_link_text'>Compartir en Whatsapp<\/span><\/a><\/li><li class='av-share-link av-social-link-linkedin' ><a target=\"_blank\" aria-label=\"Compartir en LinkedIn\" href='https:\/\/linkedin.com\/shareArticle?mini=true&#038;title=D%C3%ADa%20del%20Juego%3A%20Ni%C3%B1as%20y%20ni%C3%B1os%20de%20Coyhaique%20fueron%20los%20protagonistas%20de%20la%20Feria%20de%20Innovaci%C3%B3n%20Educativa%20LUDUS%3A%20Aprender%20jugando%2C%20crecer%20avanzando&#038;url=https:\/\/radiorevelacionfm.cl\/?p=54612' aria-hidden='false' data-av_icon='\ue8fc' data-av_iconfont='entypo-fontello' title='' data-avia-related-tooltip='Compartir en LinkedIn' rel=\"noopener\"><span class='avia_hidden_link_text'>Compartir en LinkedIn<\/span><\/a><\/li><li class='av-share-link av-social-link-mail' ><a  aria-label=\"Compartir por correo\" href='mailto:?subject=D%C3%ADa%20del%20Juego%3A%20Ni%C3%B1as%20y%20ni%C3%B1os%20de%20Coyhaique%20fueron%20los%20protagonistas%20de%20la%20Feria%20de%20Innovaci%C3%B3n%20Educativa%20LUDUS%3A%20Aprender%20jugando%2C%20crecer%20avanzando&#038;body=https:\/\/radiorevelacionfm.cl\/?p=54612' aria-hidden='false' data-av_icon='\ue805' data-av_iconfont='entypo-fontello' title='' data-avia-related-tooltip='Compartir por correo'><span class='avia_hidden_link_text'>Compartir por correo<\/span><\/a><\/li><\/ul><\/div><\/div>\n<div  style='height:50px' class='hr hr-invisible   avia-builder-el-8  el_after_av_social_share  el_before_av_comments_list '><span class='hr-inner ' ><span class='hr-inner-style'><\/span><\/span><\/div>\n<div  class='av-buildercomment  av-blog-meta-html-info-disabled av-blog-meta-tag-disabled  '><\/div>\n","protected":false},"excerpt":{"rendered":"","protected":false},"author":1,"featured_media":54613,"comment_status":"closed","ping_status":"closed","sticky":false,"template":"","format":"standard","meta":{"footnotes":""},"categories":[49],"tags":[],"class_list":["post-54612","post","type-post","status-publish","format-standard","has-post-thumbnail","hentry","category-educacion"],"jetpack_featured_media_url":"https:\/\/radiorevelacionfm.cl\/wp-content\/uploads\/2025\/05\/8-9-1-1.jpeg","_links":{"self":[{"href":"https:\/\/radiorevelacionfm.cl\/index.php?rest_route=\/wp\/v2\/posts\/54612","targetHints":{"allow":["GET"]}}],"collection":[{"href":"https:\/\/radiorevelacionfm.cl\/index.php?rest_route=\/wp\/v2\/posts"}],"about":[{"href":"https:\/\/radiorevelacionfm.cl\/index.php?rest_route=\/wp\/v2\/types\/post"}],"author":[{"embeddable":true,"href":"https:\/\/radiorevelacionfm.cl\/index.php?rest_route=\/wp\/v2\/users\/1"}],"replies":[{"embeddable":true,"href":"https:\/\/radiorevelacionfm.cl\/index.php?rest_route=%2Fwp%2Fv2%2Fcomments&post=54612"}],"version-history":[{"count":2,"href":"https:\/\/radiorevelacionfm.cl\/index.php?rest_route=\/wp\/v2\/posts\/54612\/revisions"}],"predecessor-version":[{"id":54628,"href":"https:\/\/radiorevelacionfm.cl\/index.php?rest_route=\/wp\/v2\/posts\/54612\/revisions\/54628"}],"wp:featuredmedia":[{"embeddable":true,"href":"https:\/\/radiorevelacionfm.cl\/index.php?rest_route=\/wp\/v2\/media\/54613"}],"wp:attachment":[{"href":"https:\/\/radiorevelacionfm.cl\/index.php?rest_route=%2Fwp%2Fv2%2Fmedia&parent=54612"}],"wp:term":[{"taxonomy":"category","embeddable":true,"href":"https:\/\/radiorevelacionfm.cl\/index.php?rest_route=%2Fwp%2Fv2%2Fcategories&post=54612"},{"taxonomy":"post_tag","embeddable":true,"href":"https:\/\/radiorevelacionfm.cl\/index.php?rest_route=%2Fwp%2Fv2%2Ftags&post=54612"}],"curies":[{"name":"wp","href":"https:\/\/api.w.org\/{rel}","templated":true}]}}