{"id":54604,"date":"2025-05-30T22:39:31","date_gmt":"2025-05-31T01:39:31","guid":{"rendered":"https:\/\/radiorevelacionfm.cl\/?p=54604"},"modified":"2025-05-30T22:39:31","modified_gmt":"2025-05-31T01:39:31","slug":"gobierno-acerca-servicios-publicos-a-mas-de-60-vecinos-y-vecinas-de-manihuales","status":"publish","type":"post","link":"https:\/\/radiorevelacionfm.cl\/?p=54604","title":{"rendered":"Gobierno acerca servicios p\u00fablicos a m\u00e1s de 60 vecinos y vecinas de Ma\u00f1ihuales"},"content":{"rendered":"<div class=\"flex_column av_one_full  flex_column_div av-zero-column-padding first  avia-builder-el-0  el_before_av_one_full  avia-builder-el-first  \" style='border-radius:0px; '><div  class='avia-image-container  av-styling-    avia-builder-el-1  avia-builder-el-no-sibling  avia-align-center '  itemprop=\"image\" itemscope=\"itemscope\" itemtype=\"https:\/\/schema.org\/ImageObject\"  ><div class='avia-image-container-inner'><div class='avia-image-overlay-wrap'><img decoding=\"async\" class='wp-image-54633 avia-img-lazy-loading-not-54633 avia_image' src=\"https:\/\/radiorevelacionfm.cl\/wp-content\/uploads\/2025\/05\/image-163-2_optimized.jpg\" alt='' title='image-163-2_optimized' height=\"629\" width=\"806\"  itemprop=\"thumbnailUrl\" srcset=\"https:\/\/radiorevelacionfm.cl\/wp-content\/uploads\/2025\/05\/image-163-2_optimized.jpg 806w, https:\/\/radiorevelacionfm.cl\/wp-content\/uploads\/2025\/05\/image-163-2_optimized-300x234.jpg 300w, https:\/\/radiorevelacionfm.cl\/wp-content\/uploads\/2025\/05\/image-163-2_optimized-768x599.jpg 768w, https:\/\/radiorevelacionfm.cl\/wp-content\/uploads\/2025\/05\/image-163-2_optimized-705x550.jpg 705w, https:\/\/radiorevelacionfm.cl\/wp-content\/uploads\/2025\/05\/image-163-2_optimized-450x351.jpg 450w, https:\/\/radiorevelacionfm.cl\/wp-content\/uploads\/2025\/05\/image-163-2_optimized-600x468.jpg 600w\" sizes=\"(max-width: 806px) 100vw, 806px\" \/><\/div><\/div><\/div><\/div><div class=\"flex_column av_one_full  flex_column_div av-zero-column-padding first  avia-builder-el-2  el_after_av_one_full  el_before_av_one_full  column-top-margin\" style='border-radius:0px; '><section class=\"av_textblock_section \"  itemscope=\"itemscope\" itemtype=\"https:\/\/schema.org\/BlogPosting\" itemprop=\"blogPost\" ><div class='avia_textblock  '   itemprop=\"text\" ><p style=\"text-align: center;\"><span style=\"font-size: 18pt;\"><strong>Gobierno acerca servicios p\u00fablicos a m\u00e1s de 60 vecinos y vecinas de Ma\u00f1ihuales<\/strong><\/span><\/p>\n<div id=\"gtx-trans\" style=\"position: absolute; left: -50px; top: 4.31534px;\">\n<div class=\"gtx-trans-icon\"><\/div>\n<\/div>\n<\/div><\/section><\/div><\/p>\n<div class=\"flex_column av_one_full  flex_column_div av-zero-column-padding first  avia-builder-el-4  el_after_av_one_full  el_before_av_hr  column-top-margin\" style='border-radius:0px; '><section class=\"av_textblock_section \"  itemscope=\"itemscope\" itemtype=\"https:\/\/schema.org\/BlogPosting\" itemprop=\"blogPost\" ><div class='avia_textblock  '   itemprop=\"text\" ><p style=\"text-align: justify;\">En el marco del compromiso del Gobierno del Presidente Gabriel Boric Font de acercar el Estado a los territorios, este jueves se realiz\u00f3 en Ma\u00f1ihuales una nueva jornada de la Feria de Servicios MovilizaDOS y Gobierno en Terreno, organizada por la Seremi de Gobierno y la Delegaci\u00f3n Presidencial Provincial de Ays\u00e9n.<\/p>\n<p style=\"text-align: justify;\">M\u00e1s de 60 personas participaron de esta instancia ciudadana desarrollada en el Liceo de Ma\u00f1ihuales, donde diversos servicios p\u00fablicos entregaron orientaci\u00f3n, resolvieron tr\u00e1mites y dialogaron con la comunidad. Estuvieron presentes Segegob, Registro Civil, Indap, Conadi, Tesorer\u00eda, SII, Fosis, Sercotec, Senama, Injuv, Conaf y SLEP.<\/p>\n<p style=\"text-align: justify;\">El objetivo de estas actividades es fortalecer el v\u00ednculo entre el Estado y las comunidades, especialmente en zonas aisladas o de dif\u00edcil acceso.<\/p>\n<p style=\"text-align: justify;\">\u201cEl Presidente nos ha pedido estar en terreno, cerca de las personas, para responder a los problemas que los aquejan. Avanzamos junto a la comunidad de Ays\u00e9n, porque este trabajo es el que nos permitir\u00e1 dar respuestas concretas a sus inquietudes\u201d, se\u00f1al\u00f3 la Seremi de Gobierno.<\/p>\n<p style=\"text-align: justify;\">Desde la comunidad, la vecina Marta Opazo valor\u00f3 la jornada: \u201cLes agradezco mucho, creo que es una necesidad, espero que lo sigan haciendo, pues en lo personal he resuelto varias dudas que de haber asistido a Ays\u00e9n a las oficinas, habr\u00eda empleado mucho tiempo en cada una de ellas. Ac\u00e1 fue muy expedito, fueron muy amables, hay mucho profesionalismo y est\u00e1 todo muy bien programado y me voy contenta\u201d.<\/p>\n<p style=\"text-align: justify;\">La jornada cont\u00f3 con la presencia del Delegado Presidencial Provincial de Ays\u00e9n, Rodrigo Moreno; la Seremi de Gobierno, \u00darsula Mix Jim\u00e9nez, el Seremi de Econom\u00eda, Felipe Rojas; la directora regional de Senama, Claudia Andahur; y la jefa de \u00e1rea de Indap en Puerto Ays\u00e9n, N\u00e9lida Mu\u00f1oz.<\/p>\n<p style=\"text-align: justify;\">Al t\u00e9rmino de la actividad, el Delegado Provincial de Ays\u00e9n, Rodrigo Moreno, se\u00f1al\u00f3: \u201cEstamos muy contentos. Hemos finalizado nuestro Gobierno en Terreno en la localidad de Ma\u00f1ihuales, tuvimos una excelente convocatoria, hemos podido conversar con la comunidad, recogimos necesidades respecto a educaci\u00f3n, salud, y particularmente del colegio, por lo mismo vamos a volver, seguiremos trabajando, estaremos nuevamente por Ma\u00f1ihuales por algunos compromisos adquiridos y seguiremos presentes en terreno junto a la comunidad\u201d.<\/p>\n<\/div><\/section><\/div>\n<div  style='height:50px' class='hr hr-invisible   avia-builder-el-6  el_after_av_one_full  el_before_av_social_share '><span class='hr-inner ' ><span class='hr-inner-style'><\/span><\/span><\/div>\n<div  class='av-social-sharing-box  avia-builder-el-7  el_after_av_hr  el_before_av_hr  '><div class='av-share-box'><h5 class='av-share-link-description av-no-toc '>Compartir esta noticia<\/h5><ul class='av-share-box-list noLightbox'><li class='av-share-link av-social-link-facebook' ><a target=\"_blank\" aria-label=\"Compartir en Facebook\" href='https:\/\/www.facebook.com\/sharer.php?u=https:\/\/radiorevelacionfm.cl\/?p=54604&#038;t=Gobierno%20acerca%20servicios%20p%C3%BAblicos%20a%20m%C3%A1s%20de%2060%20vecinos%20y%20vecinas%20de%20Ma%C3%B1ihuales' aria-hidden='false' data-av_icon='\ue8f3' data-av_iconfont='entypo-fontello' title='' data-avia-related-tooltip='Compartir en Facebook' rel=\"noopener\"><span class='avia_hidden_link_text'>Compartir en Facebook<\/span><\/a><\/li><li class='av-share-link av-social-link-twitter' ><a target=\"_blank\" aria-label=\"Compartir en Twitter\" href='https:\/\/twitter.com\/share?text=Gobierno%20acerca%20servicios%20p%C3%BAblicos%20a%20m%C3%A1s%20de%2060%20vecinos%20y%20vecinas%20de%20Ma%C3%B1ihuales&#038;url=https:\/\/radiorevelacionfm.cl\/?p=54604' aria-hidden='false' data-av_icon='\ue8f1' data-av_iconfont='entypo-fontello' title='' data-avia-related-tooltip='Compartir en Twitter' rel=\"noopener\"><span class='avia_hidden_link_text'>Compartir en Twitter<\/span><\/a><\/li><li class='av-share-link av-social-link-whatsapp' ><a target=\"_blank\" aria-label=\"Compartir en Whatsapp\" href='https:\/\/api.whatsapp.com\/send?text=https:\/\/radiorevelacionfm.cl\/?p=54604' aria-hidden='false' data-av_icon='\uf232' data-av_iconfont='entypo-fontello' title='' data-avia-related-tooltip='Compartir en Whatsapp' rel=\"noopener\"><span class='avia_hidden_link_text'>Compartir en Whatsapp<\/span><\/a><\/li><li class='av-share-link av-social-link-linkedin' ><a target=\"_blank\" aria-label=\"Compartir en LinkedIn\" href='https:\/\/linkedin.com\/shareArticle?mini=true&#038;title=Gobierno%20acerca%20servicios%20p%C3%BAblicos%20a%20m%C3%A1s%20de%2060%20vecinos%20y%20vecinas%20de%20Ma%C3%B1ihuales&#038;url=https:\/\/radiorevelacionfm.cl\/?p=54604' aria-hidden='false' data-av_icon='\ue8fc' data-av_iconfont='entypo-fontello' title='' data-avia-related-tooltip='Compartir en LinkedIn' rel=\"noopener\"><span class='avia_hidden_link_text'>Compartir en LinkedIn<\/span><\/a><\/li><li class='av-share-link av-social-link-mail' ><a  aria-label=\"Compartir por correo\" href='mailto:?subject=Gobierno%20acerca%20servicios%20p%C3%BAblicos%20a%20m%C3%A1s%20de%2060%20vecinos%20y%20vecinas%20de%20Ma%C3%B1ihuales&#038;body=https:\/\/radiorevelacionfm.cl\/?p=54604' aria-hidden='false' data-av_icon='\ue805' data-av_iconfont='entypo-fontello' title='' data-avia-related-tooltip='Compartir por correo'><span class='avia_hidden_link_text'>Compartir por correo<\/span><\/a><\/li><\/ul><\/div><\/div>\n<div  style='height:50px' class='hr hr-invisible   avia-builder-el-8  el_after_av_social_share  el_before_av_comments_list '><span class='hr-inner ' ><span class='hr-inner-style'><\/span><\/span><\/div>\n<div  class='av-buildercomment  av-blog-meta-html-info-disabled av-blog-meta-tag-disabled  '><\/div>\n","protected":false},"excerpt":{"rendered":"","protected":false},"author":1,"featured_media":54633,"comment_status":"closed","ping_status":"closed","sticky":false,"template":"","format":"standard","meta":{"footnotes":""},"categories":[38],"tags":[],"class_list":["post-54604","post","type-post","status-publish","format-standard","has-post-thumbnail","hentry","category-regional"],"jetpack_featured_media_url":"https:\/\/radiorevelacionfm.cl\/wp-content\/uploads\/2025\/05\/image-163-2_optimized.jpg","_links":{"self":[{"href":"https:\/\/radiorevelacionfm.cl\/index.php?rest_route=\/wp\/v2\/posts\/54604","targetHints":{"allow":["GET"]}}],"collection":[{"href":"https:\/\/radiorevelacionfm.cl\/index.php?rest_route=\/wp\/v2\/posts"}],"about":[{"href":"https:\/\/radiorevelacionfm.cl\/index.php?rest_route=\/wp\/v2\/types\/post"}],"author":[{"embeddable":true,"href":"https:\/\/radiorevelacionfm.cl\/index.php?rest_route=\/wp\/v2\/users\/1"}],"replies":[{"embeddable":true,"href":"https:\/\/radiorevelacionfm.cl\/index.php?rest_route=%2Fwp%2Fv2%2Fcomments&post=54604"}],"version-history":[{"count":3,"href":"https:\/\/radiorevelacionfm.cl\/index.php?rest_route=\/wp\/v2\/posts\/54604\/revisions"}],"predecessor-version":[{"id":54636,"href":"https:\/\/radiorevelacionfm.cl\/index.php?rest_route=\/wp\/v2\/posts\/54604\/revisions\/54636"}],"wp:featuredmedia":[{"embeddable":true,"href":"https:\/\/radiorevelacionfm.cl\/index.php?rest_route=\/wp\/v2\/media\/54633"}],"wp:attachment":[{"href":"https:\/\/radiorevelacionfm.cl\/index.php?rest_route=%2Fwp%2Fv2%2Fmedia&parent=54604"}],"wp:term":[{"taxonomy":"category","embeddable":true,"href":"https:\/\/radiorevelacionfm.cl\/index.php?rest_route=%2Fwp%2Fv2%2Fcategories&post=54604"},{"taxonomy":"post_tag","embeddable":true,"href":"https:\/\/radiorevelacionfm.cl\/index.php?rest_route=%2Fwp%2Fv2%2Ftags&post=54604"}],"curies":[{"name":"wp","href":"https:\/\/api.w.org\/{rel}","templated":true}]}}