{"id":54593,"date":"2025-05-30T14:43:31","date_gmt":"2025-05-30T17:43:31","guid":{"rendered":"https:\/\/radiorevelacionfm.cl\/?p=54593"},"modified":"2025-05-30T14:43:31","modified_gmt":"2025-05-30T17:43:31","slug":"inacap-coyhaique-se-suma-a-la-conformacion-de-la-mesa-regional-de-capital-humano-en-turismo-de-aysen","status":"publish","type":"post","link":"https:\/\/radiorevelacionfm.cl\/?p=54593","title":{"rendered":"INACAP Coyhaique se suma a la conformaci\u00f3n de la Mesa Regional de Capital Humano en Turismo de Ays\u00e9n"},"content":{"rendered":"<div class=\"flex_column av_one_full  flex_column_div av-zero-column-padding first  avia-builder-el-0  el_before_av_one_full  avia-builder-el-first  \" style='border-radius:0px; '><div  class='avia-image-container  av-styling-    avia-builder-el-1  avia-builder-el-no-sibling  avia-align-center '  itemprop=\"image\" itemscope=\"itemscope\" itemtype=\"https:\/\/schema.org\/ImageObject\"  ><div class='avia-image-container-inner'><div class='avia-image-overlay-wrap'><img decoding=\"async\" class='wp-image-54594 avia-img-lazy-loading-not-54594 avia_image' src=\"https:\/\/radiorevelacionfm.cl\/wp-content\/uploads\/2025\/05\/497835465_996150979356756_492339624481896729_n-2.jpg\" alt='' title='497835465_996150979356756_492339624481896729_n-2' height=\"600\" width=\"898\"  itemprop=\"thumbnailUrl\" srcset=\"https:\/\/radiorevelacionfm.cl\/wp-content\/uploads\/2025\/05\/497835465_996150979356756_492339624481896729_n-2.jpg 898w, https:\/\/radiorevelacionfm.cl\/wp-content\/uploads\/2025\/05\/497835465_996150979356756_492339624481896729_n-2-300x200.jpg 300w, https:\/\/radiorevelacionfm.cl\/wp-content\/uploads\/2025\/05\/497835465_996150979356756_492339624481896729_n-2-768x513.jpg 768w, https:\/\/radiorevelacionfm.cl\/wp-content\/uploads\/2025\/05\/497835465_996150979356756_492339624481896729_n-2-705x471.jpg 705w, https:\/\/radiorevelacionfm.cl\/wp-content\/uploads\/2025\/05\/497835465_996150979356756_492339624481896729_n-2-450x301.jpg 450w, https:\/\/radiorevelacionfm.cl\/wp-content\/uploads\/2025\/05\/497835465_996150979356756_492339624481896729_n-2-600x401.jpg 600w\" sizes=\"(max-width: 898px) 100vw, 898px\" \/><\/div><\/div><\/div><\/div><div class=\"flex_column av_one_full  flex_column_div av-zero-column-padding first  avia-builder-el-2  el_after_av_one_full  el_before_av_one_full  column-top-margin\" style='border-radius:0px; '><section class=\"av_textblock_section \"  itemscope=\"itemscope\" itemtype=\"https:\/\/schema.org\/BlogPosting\" itemprop=\"blogPost\" ><div class='avia_textblock  '   itemprop=\"text\" ><p style=\"text-align: center;\"><strong><span style=\"font-size: 18pt;\">INACAP Coyhaique se suma a la conformaci\u00f3n de la Mesa Regional de Capital Humano en Turismo de Ays\u00e9n<\/span><\/strong><\/p>\n<div id=\"gtx-trans\" style=\"position: absolute; left: -50px; top: 4.31534px;\">\n<div class=\"gtx-trans-icon\"><\/div>\n<\/div>\n<\/div><\/section><\/div><div class=\"flex_column av_one_full  flex_column_div av-zero-column-padding first  avia-builder-el-4  el_after_av_one_full  el_before_av_hr  column-top-margin\" style='border-radius:0px; '><section class=\"av_textblock_section \"  itemscope=\"itemscope\" itemtype=\"https:\/\/schema.org\/BlogPosting\" itemprop=\"blogPost\" ><div class='avia_textblock  '   itemprop=\"text\" ><p style=\"text-align: justify;\">La instancia busca dise\u00f1ar una hoja de ruta colaborativa que fortalezca la competitividad del sector tur\u00edstico en la regi\u00f3n, con una activa participaci\u00f3n de actores p\u00fablicos, privados y del mundo acad\u00e9mico.<\/p>\n<p style=\"text-align: justify;\">Con el objetivo de establecer una gobernanza regional que permita proyectar estrat\u00e9gicamente el desarrollo del turismo en Ays\u00e9n, se llev\u00f3 a cabo la <strong>Jornada de conformaci\u00f3n de la Mesa Regional de Capital Humano en Turismo<\/strong>, una instancia convocada por SERNATUR que reuni\u00f3 a diversas instituciones y representantes del ecosistema tur\u00edstico local.<\/p>\n<p style=\"text-align: justify;\">En la jornada particip\u00f3 activamente <strong>Carlos Rodr\u00edguez, Gestor de Vinculaci\u00f3n con el Medio de INACAP Sede Coyhaique<\/strong>, representando a la instituci\u00f3n como uno de los actores clave en la formaci\u00f3n de capital humano y el fortalecimiento del v\u00ednculo entre la educaci\u00f3n superior y el sector productivo.<\/p>\n<p style=\"text-align: justify;\">El trabajo de esta mesa ser\u00e1 fundamental para dise\u00f1ar, en conjunto, una hoja de ruta y un plan de acci\u00f3n a largo plazo, con el prop\u00f3sito de <strong>aumentar la competitividad del destino Ays\u00e9n y consolidarlo como un polo tur\u00edstico sustentable y de calidad.<\/strong><\/p>\n<p style=\"text-align: justify;\">La sesi\u00f3n fue guiada por <strong>Cristian Encina, Encargado Nacional de Capital Humano de SERNATUR<\/strong>, quien lider\u00f3 un espacio de di\u00e1logo sectorial con mirada m\u00faltiple. Entre los participantes destacaron representantes del Gobierno Regional, gremios y asociaciones de turismo, instituciones de educaci\u00f3n superior como INACAP, el CFT Estatal y la Universidad Austral de Chile, adem\u00e1s de organismos como SERCOTEC, SENCE, SERNAMEG, CORFO y la Municipalidad de Coyhaique, entre otros.<\/p>\n<p style=\"text-align: justify;\">Carlos Rodr\u00edguez, Gestor de Vinculaci\u00f3n con el Medio de INACAP Sede Coyhaique se\u00f1alo la importancia el ser parte de esta iniciativa \u201cLa participaci\u00f3n en esta mesa es una oportunidad concreta para aportar desde INACAP al dise\u00f1o de pol\u00edticas regionales que vinculen la formaci\u00f3n t\u00e9cnica con las reales necesidades del sector tur\u00edstico. Es clave que la educaci\u00f3n superior est\u00e9 conectada con el desarrollo local y los desaf\u00edos del territorio\u201d.<\/p>\n<p style=\"text-align: justify;\">La creaci\u00f3n de esta mesa regional representa un paso relevante para alinear esfuerzos en torno a la formaci\u00f3n de talento humano especializado y al impulso de un turismo con identidad territorial, inclusivo y sostenible.<\/p>\n<\/div><\/section><\/div><div  style='height:50px' class='hr hr-invisible   avia-builder-el-6  el_after_av_one_full  el_before_av_social_share '><span class='hr-inner ' ><span class='hr-inner-style'><\/span><\/span><\/div><\/p>\n<div  class='av-social-sharing-box  avia-builder-el-7  el_after_av_hr  el_before_av_hr  '><div class='av-share-box'><h5 class='av-share-link-description av-no-toc '>Compartir esta noticia<\/h5><ul class='av-share-box-list noLightbox'><li class='av-share-link av-social-link-facebook' ><a target=\"_blank\" aria-label=\"Compartir en Facebook\" href='https:\/\/www.facebook.com\/sharer.php?u=https:\/\/radiorevelacionfm.cl\/?p=54593&#038;t=INACAP%20Coyhaique%20se%20suma%20a%20la%20conformaci%C3%B3n%20de%20la%20Mesa%20Regional%20de%20Capital%20Humano%20en%20Turismo%20de%20Ays%C3%A9n' aria-hidden='false' data-av_icon='\ue8f3' data-av_iconfont='entypo-fontello' title='' data-avia-related-tooltip='Compartir en Facebook' rel=\"noopener\"><span class='avia_hidden_link_text'>Compartir en Facebook<\/span><\/a><\/li><li class='av-share-link av-social-link-twitter' ><a target=\"_blank\" aria-label=\"Compartir en Twitter\" href='https:\/\/twitter.com\/share?text=INACAP%20Coyhaique%20se%20suma%20a%20la%20conformaci%C3%B3n%20de%20la%20Mesa%20Regional%20de%20Capital%20Humano%20en%20Turismo%20de%20Ays%C3%A9n&#038;url=https:\/\/radiorevelacionfm.cl\/?p=54593' aria-hidden='false' data-av_icon='\ue8f1' data-av_iconfont='entypo-fontello' title='' data-avia-related-tooltip='Compartir en Twitter' rel=\"noopener\"><span class='avia_hidden_link_text'>Compartir en Twitter<\/span><\/a><\/li><li class='av-share-link av-social-link-whatsapp' ><a target=\"_blank\" aria-label=\"Compartir en Whatsapp\" href='https:\/\/api.whatsapp.com\/send?text=https:\/\/radiorevelacionfm.cl\/?p=54593' aria-hidden='false' data-av_icon='\uf232' data-av_iconfont='entypo-fontello' title='' data-avia-related-tooltip='Compartir en Whatsapp' rel=\"noopener\"><span class='avia_hidden_link_text'>Compartir en Whatsapp<\/span><\/a><\/li><li class='av-share-link av-social-link-linkedin' ><a target=\"_blank\" aria-label=\"Compartir en LinkedIn\" href='https:\/\/linkedin.com\/shareArticle?mini=true&#038;title=INACAP%20Coyhaique%20se%20suma%20a%20la%20conformaci%C3%B3n%20de%20la%20Mesa%20Regional%20de%20Capital%20Humano%20en%20Turismo%20de%20Ays%C3%A9n&#038;url=https:\/\/radiorevelacionfm.cl\/?p=54593' aria-hidden='false' data-av_icon='\ue8fc' data-av_iconfont='entypo-fontello' title='' data-avia-related-tooltip='Compartir en LinkedIn' rel=\"noopener\"><span class='avia_hidden_link_text'>Compartir en LinkedIn<\/span><\/a><\/li><li class='av-share-link av-social-link-mail' ><a  aria-label=\"Compartir por correo\" href='mailto:?subject=INACAP%20Coyhaique%20se%20suma%20a%20la%20conformaci%C3%B3n%20de%20la%20Mesa%20Regional%20de%20Capital%20Humano%20en%20Turismo%20de%20Ays%C3%A9n&#038;body=https:\/\/radiorevelacionfm.cl\/?p=54593' aria-hidden='false' data-av_icon='\ue805' data-av_iconfont='entypo-fontello' title='' data-avia-related-tooltip='Compartir por correo'><span class='avia_hidden_link_text'>Compartir por correo<\/span><\/a><\/li><\/ul><\/div><\/div>\n<div  style='height:50px' class='hr hr-invisible   avia-builder-el-8  el_after_av_social_share  el_before_av_comments_list '><span class='hr-inner ' ><span class='hr-inner-style'><\/span><\/span><\/div>\n<div  class='av-buildercomment  av-blog-meta-html-info-disabled av-blog-meta-tag-disabled  '><\/div>\n","protected":false},"excerpt":{"rendered":"","protected":false},"author":1,"featured_media":54594,"comment_status":"closed","ping_status":"closed","sticky":false,"template":"","format":"standard","meta":{"footnotes":""},"categories":[38],"tags":[],"class_list":["post-54593","post","type-post","status-publish","format-standard","has-post-thumbnail","hentry","category-regional"],"jetpack_featured_media_url":"https:\/\/radiorevelacionfm.cl\/wp-content\/uploads\/2025\/05\/497835465_996150979356756_492339624481896729_n-2.jpg","_links":{"self":[{"href":"https:\/\/radiorevelacionfm.cl\/index.php?rest_route=\/wp\/v2\/posts\/54593","targetHints":{"allow":["GET"]}}],"collection":[{"href":"https:\/\/radiorevelacionfm.cl\/index.php?rest_route=\/wp\/v2\/posts"}],"about":[{"href":"https:\/\/radiorevelacionfm.cl\/index.php?rest_route=\/wp\/v2\/types\/post"}],"author":[{"embeddable":true,"href":"https:\/\/radiorevelacionfm.cl\/index.php?rest_route=\/wp\/v2\/users\/1"}],"replies":[{"embeddable":true,"href":"https:\/\/radiorevelacionfm.cl\/index.php?rest_route=%2Fwp%2Fv2%2Fcomments&post=54593"}],"version-history":[{"count":2,"href":"https:\/\/radiorevelacionfm.cl\/index.php?rest_route=\/wp\/v2\/posts\/54593\/revisions"}],"predecessor-version":[{"id":54596,"href":"https:\/\/radiorevelacionfm.cl\/index.php?rest_route=\/wp\/v2\/posts\/54593\/revisions\/54596"}],"wp:featuredmedia":[{"embeddable":true,"href":"https:\/\/radiorevelacionfm.cl\/index.php?rest_route=\/wp\/v2\/media\/54594"}],"wp:attachment":[{"href":"https:\/\/radiorevelacionfm.cl\/index.php?rest_route=%2Fwp%2Fv2%2Fmedia&parent=54593"}],"wp:term":[{"taxonomy":"category","embeddable":true,"href":"https:\/\/radiorevelacionfm.cl\/index.php?rest_route=%2Fwp%2Fv2%2Fcategories&post=54593"},{"taxonomy":"post_tag","embeddable":true,"href":"https:\/\/radiorevelacionfm.cl\/index.php?rest_route=%2Fwp%2Fv2%2Ftags&post=54593"}],"curies":[{"name":"wp","href":"https:\/\/api.w.org\/{rel}","templated":true}]}}