{"id":54589,"date":"2025-05-30T14:29:04","date_gmt":"2025-05-30T17:29:04","guid":{"rendered":"https:\/\/radiorevelacionfm.cl\/?p=54589"},"modified":"2025-05-30T14:29:04","modified_gmt":"2025-05-30T17:29:04","slug":"estudiantes-trasladan-al-interior-de-la-universidad-de-aysen-reflexion-sobre-pasivos-ambientales-mineros","status":"publish","type":"post","link":"https:\/\/radiorevelacionfm.cl\/?p=54589","title":{"rendered":"Estudiantes trasladan al interior de la Universidad de Ays\u00e9n reflexi\u00f3n sobre pasivos ambientales mineros"},"content":{"rendered":"<div class=\"flex_column av_one_full  flex_column_div av-zero-column-padding first  avia-builder-el-0  el_before_av_one_full  avia-builder-el-first  \" style='border-radius:0px; '><div  class='avia-image-container  av-styling-    avia-builder-el-1  avia-builder-el-no-sibling  avia-align-center '  itemprop=\"image\" itemscope=\"itemscope\" itemtype=\"https:\/\/schema.org\/ImageObject\"  ><div class='avia-image-container-inner'><div class='avia-image-overlay-wrap'><img decoding=\"async\" class='wp-image-54590 avia-img-lazy-loading-not-54590 avia_image' src=\"https:\/\/radiorevelacionfm.cl\/wp-content\/uploads\/2025\/05\/afiche-charla-alto-maipo-2-2_optimized-2.jpg\" alt='' title='afiche-charla-alto-maipo-2-2_optimized-2' height=\"1000\" width=\"800\"  itemprop=\"thumbnailUrl\" srcset=\"https:\/\/radiorevelacionfm.cl\/wp-content\/uploads\/2025\/05\/afiche-charla-alto-maipo-2-2_optimized-2.jpg 800w, https:\/\/radiorevelacionfm.cl\/wp-content\/uploads\/2025\/05\/afiche-charla-alto-maipo-2-2_optimized-2-240x300.jpg 240w, https:\/\/radiorevelacionfm.cl\/wp-content\/uploads\/2025\/05\/afiche-charla-alto-maipo-2-2_optimized-2-768x960.jpg 768w, https:\/\/radiorevelacionfm.cl\/wp-content\/uploads\/2025\/05\/afiche-charla-alto-maipo-2-2_optimized-2-564x705.jpg 564w, https:\/\/radiorevelacionfm.cl\/wp-content\/uploads\/2025\/05\/afiche-charla-alto-maipo-2-2_optimized-2-450x563.jpg 450w, https:\/\/radiorevelacionfm.cl\/wp-content\/uploads\/2025\/05\/afiche-charla-alto-maipo-2-2_optimized-2-600x750.jpg 600w\" sizes=\"(max-width: 800px) 100vw, 800px\" \/><\/div><\/div><\/div><\/div><div class=\"flex_column av_one_full  flex_column_div av-zero-column-padding first  avia-builder-el-2  el_after_av_one_full  el_before_av_one_full  column-top-margin\" style='border-radius:0px; '><section class=\"av_textblock_section \"  itemscope=\"itemscope\" itemtype=\"https:\/\/schema.org\/BlogPosting\" itemprop=\"blogPost\" ><div class='avia_textblock  '   itemprop=\"text\" ><p style=\"text-align: center;\"><span style=\"font-size: 18pt;\"><strong>Estudiantes trasladan al interior de la Universidad de Ays\u00e9n reflexi\u00f3n sobre pasivos ambientales mineros<\/strong><\/span><\/p>\n<div id=\"gtx-trans\" style=\"position: absolute; left: -50px; top: 4.31534px;\">\n<div class=\"gtx-trans-icon\"><\/div>\n<\/div>\n<\/div><\/section><\/div><div class=\"flex_column av_one_full  flex_column_div av-zero-column-padding first  avia-builder-el-4  el_after_av_one_full  el_before_av_hr  column-top-margin\" style='border-radius:0px; '><section class=\"av_textblock_section \"  itemscope=\"itemscope\" itemtype=\"https:\/\/schema.org\/BlogPosting\" itemprop=\"blogPost\" ><div class='avia_textblock  '   itemprop=\"text\" ><ul>\n<li class=\"v1gmail-MsoListParagraphCxSpFirst\" style=\"text-align: justify;\"><span style=\"font-size: large;\"><i>Desde las 18:00 hrs es el conversatorio, a cargo de profesor del Departamento de Ciencias Naturales, Jos\u00e9 Cuevas Becerra. Incluir\u00e1 la exhibici\u00f3n de microdocumental \u00abAguas Negras\u00bb.<\/i><\/span><\/li>\n<li class=\"v1gmail-MsoListParagraphCxSpLast\" style=\"text-align: justify;\"><span style=\"font-size: large;\"><i>Se plantea como un \u00abespacio de reflexi\u00f3n que abordar\u00e1 la problem\u00e1tica de los pasivos ambientales mineros que afectan los ecosistemas regionales y a las comunidades rurales\u00bb.<\/i><\/span><\/li>\n<\/ul>\n<p class=\"v1MsoNormal\" style=\"text-align: justify;\"><span style=\"font-size: large;\">Estudiantes de las carreras de Ingenier\u00eda Forestal y Agronom\u00eda de la Universidad de Ays\u00e9n est\u00e1n organizando para este viernes a las 18:00 hrs. un conversatorio sobre los diversos pasivos ambientales mineros presentes en la regi\u00f3n.\u00a0<span class=\"v1gmail-Apple-converted-space\">\u00a0<\/span>La actividad se desarrollar\u00e1 en la Sala B4 del Campus Coyhaique del centro de educaci\u00f3n superior, como un \u00ab<i>espacio de reflexi\u00f3n que abordar\u00e1 la problem\u00e1tica de los pasivos ambientales mineros que afectan los ecosistemas regionales y a las comunidades rurales<\/i>\u00ab.<\/span><\/p>\n<p class=\"v1MsoNormal\" style=\"text-align: justify;\"><span style=\"font-size: large;\">En \u00e9sta, expondr\u00e1 el profesor del Departamento de Ciencias Naturales, Jos\u00e9 Cuevas Becerra.\u00a0<span class=\"v1gmail-Apple-converted-space\">\u00a0<\/span>El ingeniero agr\u00f3nomo, Mg. en Ciencias Agron\u00f3micas de la Universidad de Concepci\u00f3n y con estudios de doctorado en Ciencias Agrarias de la Universidad Austral de Chile, se referir\u00e1 espec\u00edficamente a los pasivos ambientales y sus impactos.<\/span><\/p>\n<p class=\"v1MsoNormal\" style=\"text-align: justify;\"><span style=\"font-size: large;\">Entre los temas considerados estar\u00e1 la situaci\u00f3n de los relaves, la contaminaci\u00f3n del agua y el suelo por metales pesados, la muerte de ganado y animales y si es posible hablar de \u00abminer\u00eda sustentable\u00bb.<\/span><\/p>\n<p class=\"v1MsoNormal\" style=\"text-align: justify;\"><span style=\"font-size: large;\">En la ocasi\u00f3n se emitir\u00e1 adem\u00e1s el microdocumental \u00abAguas Negras\u00bb que trae al presente los dram\u00e1ticos testimonios de vecinos durante una reuni\u00f3n que se desarroll\u00f3 en el marco de la mesa tripartita que se conform\u00f3 en 2016 tras los episodios de muerte de animales y contaminaci\u00f3n por metales pesados de vecinos de Alto Ma\u00f1ihuales por la operaci\u00f3n de Minera El Toqui.<\/span><\/p>\n<p class=\"v1MsoNormal\" style=\"text-align: justify;\"><span style=\"font-size: large;\">La jornada es organizada por la<span class=\"v1gmail-Apple-converted-space\">\u00a0<\/span><a href=\"https:\/\/conecif.webnode.cl\/nosotros\/\" target=\"_blank\" rel=\"noopener noreferrer\">Corporaci\u00f3n Nacional de Estudiantes de Ciencias Forestales y Madereras<\/a><span class=\"v1gmail-Apple-converted-space\">\u00a0<\/span>y la<span class=\"v1gmail-Apple-converted-space\">\u00a0<\/span><a href=\"https:\/\/www.instagram.com\/redprodeterpatagonia\/\" target=\"_blank\" rel=\"noopener noreferrer\">Red de Defensa y Protecci\u00f3n del Territorio Patagonia<\/a>.<\/span><\/p>\n<p class=\"v1MsoNormal\" style=\"text-align: justify;\"><span style=\"font-size: large;\">Para quienes no puedan concurrir presencialmente, se transmitir\u00e1 mediante el link<span class=\"v1gmail-Apple-converted-space\">\u00a0<\/span><a href=\"https:\/\/meet.google.com\/iti-vucg-jec\" target=\"_blank\" rel=\"noopener noreferrer\">https:\/\/meet.google.com\/iti-vucg-jec<\/a>.<\/span><\/p>\n<\/div><\/section><\/div><div  style='height:50px' class='hr hr-invisible   avia-builder-el-6  el_after_av_one_full  el_before_av_social_share '><span class='hr-inner ' ><span class='hr-inner-style'><\/span><\/span><\/div><\/p>\n<div  class='av-social-sharing-box  avia-builder-el-7  el_after_av_hr  el_before_av_hr  '><div class='av-share-box'><h5 class='av-share-link-description av-no-toc '>Compartir esta noticia<\/h5><ul class='av-share-box-list noLightbox'><li class='av-share-link av-social-link-facebook' ><a target=\"_blank\" aria-label=\"Compartir en Facebook\" href='https:\/\/www.facebook.com\/sharer.php?u=https:\/\/radiorevelacionfm.cl\/?p=54589&#038;t=Estudiantes%20trasladan%20al%20interior%20de%20la%20Universidad%20de%20Ays%C3%A9n%20reflexi%C3%B3n%20sobre%20pasivos%20ambientales%20mineros' aria-hidden='false' data-av_icon='\ue8f3' data-av_iconfont='entypo-fontello' title='' data-avia-related-tooltip='Compartir en Facebook' rel=\"noopener\"><span class='avia_hidden_link_text'>Compartir en Facebook<\/span><\/a><\/li><li class='av-share-link av-social-link-twitter' ><a target=\"_blank\" aria-label=\"Compartir en Twitter\" href='https:\/\/twitter.com\/share?text=Estudiantes%20trasladan%20al%20interior%20de%20la%20Universidad%20de%20Ays%C3%A9n%20reflexi%C3%B3n%20sobre%20pasivos%20ambientales%20mineros&#038;url=https:\/\/radiorevelacionfm.cl\/?p=54589' aria-hidden='false' data-av_icon='\ue8f1' data-av_iconfont='entypo-fontello' title='' data-avia-related-tooltip='Compartir en Twitter' rel=\"noopener\"><span class='avia_hidden_link_text'>Compartir en Twitter<\/span><\/a><\/li><li class='av-share-link av-social-link-whatsapp' ><a target=\"_blank\" aria-label=\"Compartir en Whatsapp\" href='https:\/\/api.whatsapp.com\/send?text=https:\/\/radiorevelacionfm.cl\/?p=54589' aria-hidden='false' data-av_icon='\uf232' data-av_iconfont='entypo-fontello' title='' data-avia-related-tooltip='Compartir en Whatsapp' rel=\"noopener\"><span class='avia_hidden_link_text'>Compartir en Whatsapp<\/span><\/a><\/li><li class='av-share-link av-social-link-linkedin' ><a target=\"_blank\" aria-label=\"Compartir en LinkedIn\" href='https:\/\/linkedin.com\/shareArticle?mini=true&#038;title=Estudiantes%20trasladan%20al%20interior%20de%20la%20Universidad%20de%20Ays%C3%A9n%20reflexi%C3%B3n%20sobre%20pasivos%20ambientales%20mineros&#038;url=https:\/\/radiorevelacionfm.cl\/?p=54589' aria-hidden='false' data-av_icon='\ue8fc' data-av_iconfont='entypo-fontello' title='' data-avia-related-tooltip='Compartir en LinkedIn' rel=\"noopener\"><span class='avia_hidden_link_text'>Compartir en LinkedIn<\/span><\/a><\/li><li class='av-share-link av-social-link-mail' ><a  aria-label=\"Compartir por correo\" href='mailto:?subject=Estudiantes%20trasladan%20al%20interior%20de%20la%20Universidad%20de%20Ays%C3%A9n%20reflexi%C3%B3n%20sobre%20pasivos%20ambientales%20mineros&#038;body=https:\/\/radiorevelacionfm.cl\/?p=54589' aria-hidden='false' data-av_icon='\ue805' data-av_iconfont='entypo-fontello' title='' data-avia-related-tooltip='Compartir por correo'><span class='avia_hidden_link_text'>Compartir por correo<\/span><\/a><\/li><\/ul><\/div><\/div>\n<div  style='height:50px' class='hr hr-invisible   avia-builder-el-8  el_after_av_social_share  el_before_av_comments_list '><span class='hr-inner ' ><span class='hr-inner-style'><\/span><\/span><\/div>\n<div  class='av-buildercomment  av-blog-meta-html-info-disabled av-blog-meta-tag-disabled  '><\/div>\n","protected":false},"excerpt":{"rendered":"","protected":false},"author":1,"featured_media":54590,"comment_status":"closed","ping_status":"closed","sticky":false,"template":"","format":"standard","meta":{"footnotes":""},"categories":[38],"tags":[],"class_list":["post-54589","post","type-post","status-publish","format-standard","has-post-thumbnail","hentry","category-regional"],"jetpack_featured_media_url":"https:\/\/radiorevelacionfm.cl\/wp-content\/uploads\/2025\/05\/afiche-charla-alto-maipo-2-2_optimized-2.jpg","_links":{"self":[{"href":"https:\/\/radiorevelacionfm.cl\/index.php?rest_route=\/wp\/v2\/posts\/54589","targetHints":{"allow":["GET"]}}],"collection":[{"href":"https:\/\/radiorevelacionfm.cl\/index.php?rest_route=\/wp\/v2\/posts"}],"about":[{"href":"https:\/\/radiorevelacionfm.cl\/index.php?rest_route=\/wp\/v2\/types\/post"}],"author":[{"embeddable":true,"href":"https:\/\/radiorevelacionfm.cl\/index.php?rest_route=\/wp\/v2\/users\/1"}],"replies":[{"embeddable":true,"href":"https:\/\/radiorevelacionfm.cl\/index.php?rest_route=%2Fwp%2Fv2%2Fcomments&post=54589"}],"version-history":[{"count":2,"href":"https:\/\/radiorevelacionfm.cl\/index.php?rest_route=\/wp\/v2\/posts\/54589\/revisions"}],"predecessor-version":[{"id":54592,"href":"https:\/\/radiorevelacionfm.cl\/index.php?rest_route=\/wp\/v2\/posts\/54589\/revisions\/54592"}],"wp:featuredmedia":[{"embeddable":true,"href":"https:\/\/radiorevelacionfm.cl\/index.php?rest_route=\/wp\/v2\/media\/54590"}],"wp:attachment":[{"href":"https:\/\/radiorevelacionfm.cl\/index.php?rest_route=%2Fwp%2Fv2%2Fmedia&parent=54589"}],"wp:term":[{"taxonomy":"category","embeddable":true,"href":"https:\/\/radiorevelacionfm.cl\/index.php?rest_route=%2Fwp%2Fv2%2Fcategories&post=54589"},{"taxonomy":"post_tag","embeddable":true,"href":"https:\/\/radiorevelacionfm.cl\/index.php?rest_route=%2Fwp%2Fv2%2Ftags&post=54589"}],"curies":[{"name":"wp","href":"https:\/\/api.w.org\/{rel}","templated":true}]}}